{"id":139449,"date":"2026-01-16T19:23:11","date_gmt":"2026-01-16T19:23:11","guid":{"rendered":"https:\/\/www.europesays.com\/no\/139449\/"},"modified":"2026-01-16T19:23:11","modified_gmt":"2026-01-16T19:23:11","slug":"han-er-desperat","status":"publish","type":"post","link":"https:\/\/www.europesays.com\/no\/139449\/","title":{"rendered":"&#8211; Han er desperat"},"content":{"rendered":"<p>    Pep Guardiola kaller Erling Braut Haaland for \u00abutmattet\u00bb f\u00f8r Manchester-derbyet, samtidig som han venter p\u00e5 at en annen angriper skal komme tilbake.<\/p>\n<p>\n    TRENGER HAALAND HVILE? Erling Braut Haaland er utmattet if\u00f8lge City-manager Pep Guardiola. Foto: Scott Heppell\/Reuters\/NTB\n  <\/p>\n<ul>\n<li data-lab-font_weight=\"font-weight-bold\" class=\"font-weight-bold m-font-weight-bold\">Manchester United &#8211; Manchester City, l\u00f8rdag klokka 13.30<\/li>\n<\/ul>\n<p> <a href=\"https:\/\/www.manchestereveningnews.co.uk\/sport\/football\/football-news\/pep-guardiola-offers-erling-haaland-33225285\" rel=\"nofollow noopener\" target=\"_blank\">Tirsdag sa City-manager Pep Guardiola<\/a> at han \u00f8nsker angriper Omar Marmoush tilbake fra Afrikamesterskapet snart, for \u00e5 gi en \u00abutmattet\u00bb Erling Braut Haaland en pause. <\/p>\n<p>Fredag melder Manchester Evening News:<\/p>\n<p>&#8211; Det er ikke rart at Guardiola er s\u00e5 desperat etter \u00e5 se Marmoush komme tilbake n\u00e5r man ser p\u00e5 programmet som venter City. De har to kamper i uka den neste m\u00e5neden, f\u00f8r de f\u00e5r en ukes pause mellom FA-cupens fjerde runde mot enten Salford City eller Swindon Town, og en ny tur til Newcastle &#8211; denne gangen i Premier League.<\/p>\n<p class=\"font-weight-bold m-font-weight-bold\" data-lab-font_weight=\"font-weight-bold\">&#8211; En s\u00e5 hektisk kampplan er ofte et godt tegn, fordi det betyr at man kjemper p\u00e5 alle fronter. Men City er desperat p\u00e5 jakt etter forsterkninger, heter det videre.<\/p>\n<p>        <img loading=\"lazy\" decoding=\"async\" src=\"https:\/\/www.europesays.com\/no\/wp-content\/uploads\/2026\/01\/84107258.webp.webp\" width=\"980\" height=\"559\" title=\"BORTREIST: Pep Guardiola savner flere alternativer offensivt og vil ha Omar Marmoush tilbake fra Afrikamesterskapet. Foto: Ulrik Pedersen\/CSM\/Shutterstock\/NTB\" alt=\"\" class=\"\" style=\"--aspect-ratio-image: 1.75; \"\/><\/p>\n<p>\n        BORTREIST: Pep Guardiola savner flere alternativer offensivt og vil ha Omar Marmoush tilbake fra Afrikamesterskapet. Foto: Ulrik Pedersen\/CSM\/Shutterstock\/NTB\n    <\/p>\n<p>City-angriperen kommer ikke tilbake med det f\u00f8rste, siden laget ble sl\u00e5tt ut av Senegal i semifinalen, og venter n\u00e5 en kamp l\u00f8rdag om tredjeplassen i mesterskapet.\u00a0<\/p>\n<p>Men\u00a0Guardiola har f\u00e5tt en ny offensiv offensiv streng \u00e5 spille p\u00e5: Antoine Semenyo, som er hentet inn fra Bournemouth, har scoret to m\u00e5l i cupen i sine to f\u00f8rste kamper for storklubben. <\/p>\n<p class=\"font-weight-bold m-font-weight-bold\" data-lab-font_weight=\"font-weight-bold\">Til tross for Guardiolas uttalelse om Haaland, skriver avisa at superspissen trolig vil starte byderbyet mot Manchester United.<\/p>\n<p> Fredag ettermiddag nevnte spanjolen p\u00e5 pressekonferansen ingenting om Haalands fysiske form, slik han gjorde p\u00e5 tirsdag.<\/p>\n<p>&#8211; Bekymringene rundt skader fortsetter for City. Nico Gonzalez er tilbake p\u00e5 behandlingsbenken. Guardiola kom ogs\u00e5 med en bekymringsfull advarsel om Haaland etter at han spilte nok en 90-minutters kamp i midtuka, skrev Manchester Evening News like f\u00f8r pressekonferansen.<\/p>\n<p>        SETTES UT: Erling Braut Haaland \u00e5pner seg i NRK-suksessen A-Laget. Men en ting holder han hemmelig. Video: Monster\/NRK, Skingen\/Dagbladet TV-sporten<\/p>\n<p>P\u00e5 Citys skadeliste finner man Ruben Dias, Josko Gvardiol, John Stones, Mateo Kovacic og nevnte Nico Gonzalez. For United er Matthijs de Ligt ute, mens Noussair Mazraoui fortsatt er i Afrikamesterskapet.<\/p>\n<p>L\u00f8rdagens storkamp blir Michael Carricks f\u00f8rste kamp som midlertidig manager. F\u00f8r oppgj\u00f8ret skiller det elleve poeng mellom lagene:<\/p>\n","protected":false},"excerpt":{"rendered":"Pep Guardiola kaller Erling Braut Haaland for \u00abutmattet\u00bb f\u00f8r Manchester-derbyet, samtidig som han venter p\u00e5 at en annen&hellip;\n","protected":false},"author":2,"featured_media":139450,"comment_status":"","ping_status":"","sticky":false,"template":"","format":"standard","meta":{"footnotes":""},"categories":[59],"tags":[92,671,30,28,29,161,83,82],"class_list":{"0":"post-139449","1":"post","2":"type-post","3":"status-publish","4":"format-standard","5":"has-post-thumbnail","7":"category-sport","8":"tag-fotball","9":"tag-manchester-city","10":"tag-no","11":"tag-norge","12":"tag-norway","13":"tag-premier-league","14":"tag-sport","15":"tag-sports"},"share_on_mastodon":{"url":"https:\/\/pubeurope.com\/@no\/115906413156932773","error":""},"_links":{"self":[{"href":"https:\/\/www.europesays.com\/no\/wp-json\/wp\/v2\/posts\/139449","targetHints":{"allow":["GET"]}}],"collection":[{"href":"https:\/\/www.europesays.com\/no\/wp-json\/wp\/v2\/posts"}],"about":[{"href":"https:\/\/www.europesays.com\/no\/wp-json\/wp\/v2\/types\/post"}],"author":[{"embeddable":true,"href":"https:\/\/www.europesays.com\/no\/wp-json\/wp\/v2\/users\/2"}],"replies":[{"embeddable":true,"href":"https:\/\/www.europesays.com\/no\/wp-json\/wp\/v2\/comments?post=139449"}],"version-history":[{"count":0,"href":"https:\/\/www.europesays.com\/no\/wp-json\/wp\/v2\/posts\/139449\/revisions"}],"wp:featuredmedia":[{"embeddable":true,"href":"https:\/\/www.europesays.com\/no\/wp-json\/wp\/v2\/media\/139450"}],"wp:attachment":[{"href":"https:\/\/www.europesays.com\/no\/wp-json\/wp\/v2\/media?parent=139449"}],"wp:term":[{"taxonomy":"category","embeddable":true,"href":"https:\/\/www.europesays.com\/no\/wp-json\/wp\/v2\/categories?post=139449"},{"taxonomy":"post_tag","embeddable":true,"href":"https:\/\/www.europesays.com\/no\/wp-json\/wp\/v2\/tags?post=139449"}],"curies":[{"name":"wp","href":"https:\/\/api.w.org\/{rel}","templated":true}]}}