{"id":139453,"date":"2026-01-16T19:28:09","date_gmt":"2026-01-16T19:28:09","guid":{"rendered":"https:\/\/www.europesays.com\/no\/139453\/"},"modified":"2026-01-16T19:28:09","modified_gmt":"2026-01-16T19:28:09","slug":"alkoholfri-hvit-januar-rusforskeren-om-hvit-januar-advarer-mot-alkohol-felle","status":"publish","type":"post","link":"https:\/\/www.europesays.com\/no\/139453\/","title":{"rendered":"Alkoholfri, Hvit januar | Rusforskeren om hvit januar: Advarer mot alkohol-felle"},"content":{"rendered":"\n<p>Vi har alle v\u00e6rt der. En desember fylt med julebord, familieselskaper og en akevittflaske som aldri g\u00e5r tom. N\u00e5r romjula f\u00f8rst kommer er man mer flytende enn man er skinn og ben.<\/p>\n<p>1. januar v\u00e5kner man med en dundrende hodepine og et dypt \u00f8nske om \u00e5 bli en ny og bedre utgave av seg selv.<\/p>\n<p>Slik gikk det i alle fall for denne journalisten p\u00e5 \u00e5rets f\u00f8rste dag.<\/p>\n<p>Desperat strekker man ut h\u00e5nda og griper tak i den mest popul\u00e6re kuren norsk kultur har \u00e5 by p\u00e5: hvit januar.<\/p>\n<p>Men er hvit januar ensbetydende med ren gevinst?<\/p>\n<p><b>Nei, mener en av Norges fremste ruseksperter, Fanny Duckert. <\/b><\/p>\n<p>\u2013 At du klarer \u00e5 v\u00e6re alkoholfri en m\u00e5ned sier ikke noe s\u00e6rlig om deg.<\/p>\n<p>Det norske avlat<\/p>\n<p>\u00c9n av fire nordmenn har <a href=\"https:\/\/avogtil.no\/aktuelt\/1-av-4-nordmenn-har-vurdert-hvit-maned\/\" rel=\"noopener nofollow noreferrer\" target=\"_blank\">vurdert \u00e5 ha en hvit m\u00e5ned<\/a>, og januar er selve h\u00f8ytiden for \u00e5 gi det alkoholfrie en sjanse.<\/p>\n<p>I samme unders\u00f8kelse sier halvparten av nordmenn mellom 18 og 29 \u00e5r at de gjennomf\u00f8rer eller har gjennomf\u00f8rt en hvit m\u00e5ned.<\/p>\n<p>\u2013 Det er den norske folkesjelen og kulturen v\u00e5r. Vi har ikke noen avslappet sosial kultur som ved Middelhavet. Vi jobber hardt, st\u00e5r p\u00e5 og er et innesluttet folk. P\u00e5 det m\u00f8rkeste samler vi opp alt vi har av alkohol og da er fylla, sexen og sl\u00e5ssingen det typisk norske. S\u00e5 v\u00e5kner man opp sliten i januar. Da skal vi plutselig gj\u00f8re avlat for desembers synder og g\u00e5 ut i den m\u00f8rke verden edru, konstaterer hun.<\/p>\n<p>77-\u00e5ringen har skrevet flere b\u00f8ker om rus, deriblant \u00abBare ett glass til\u00bb, holdt flere foredrag og kurs, samt v\u00e6rt dekan ved Universitetet i Oslo. En imponerende CV og over 40 \u00e5rs erfaring.<\/p>\n<p>En av fire menn opplyser at de drikker for \u00e5 h\u00e5ndtere en sosial situasjon og kun 17 prosent av menn mente det var like lett \u00e5 v\u00e6re sosial i en alkoholfri m\u00e5ned.<\/p>\n<p>\u2013 Hvis man har brukt alkohol for \u00e5 d\u00f8yve livets uutholdelige tomhet og lidelser, dekke over sin sosial usikkerhet, blir ikke hvit januar n\u00f8dvendigvis til det bedre, forteller hun og legger til:<\/p>\n<p>\u2013 Da er det ofte man isolerer seg. Man m\u00f8ter ikke venner eller g\u00e5r ut fordi man ikke har alkoholen som et hjelpemiddel. Da blir januar fort en veldig gr\u00e5 og trist m\u00e5ned for mange, for ikke \u00e5 si bekm\u00f8rk.<\/p>\n<p><b>Les ogs\u00e5: <a class=\"simple-relation related-teaser article--c-eRUmMG article--c-eRUmMG-fZoQSp-design-nettavisen article--c-eRUmMG-gwthdJ-cv\" href=\"https:\/\/www.nettavisen.no\/knytter-dodelig-sykdom-til-disse-yrkene-rammer-sarlig-menn\/s\/5-95-2795058\" rel=\"nofollow noopener\" target=\"_blank\">Knytter d\u00f8delig sykdom til disse yrkene: Rammer s\u00e6rlig menn<\/a><\/b><\/p>\n<p>Flere gevinster<\/p>\n<p>Rusforskeren understreker at avholdsperioder absolutt er bra.<\/p>\n<p>\u2013 Medisinsk sett er det veldig fint med hvit januar. Alkohol er et giftstoff og n\u00e5r det forsvinner fra kroppen f\u00e5r vi det bedre, sier rusforskeren.<\/p>\n<p>Det underbygges av unders\u00f8kelsen til Ipsos.<\/p>\n<ul>\n<li>38 prosent kjente p\u00e5 mer energi og overskudd<\/li>\n<li>44 prosent sov bedre<\/li>\n<\/ul>\n<p>\u2013 Vi tror mange vil kunne f\u00e5r en aha-opplevelse og gode erfaringer, og et mer bevisst forhold til egne alkoholvaner, forteller Ragnhild Kaski, generalsekret\u00e6r i organisasjonen Av-og-til.<\/p>\n<p>   <img decoding=\"async\" width=\"3543\" height=\"2362\" fetchpriority=\"low\"  loading=\"lazy\"  src=\"https:\/\/www.europesays.com\/no\/wp-content\/uploads\/2026\/01\/DSC7877+%281%29.jpg\" alt=\"Pressebilder Ragnhild Kaski\" class=\"brick-c-cFOWSL\" style=\"--brick-image-ratio: 3543 \/ 2362;\"\/><\/p>\n<p>      POSITIV: Ragnhild Kaski, generalsekret\u00e6r i Av- og-til, mener hvit januar er et godt konsept.<br \/>\n      Foto: Thomas Brun\n    <\/p>\n<p>At den yngre generasjonen ogs\u00e5 \u00f8nsker \u00e5 fokusere p\u00e5 trening, sunt kosthold og alkoholfrie m\u00e5neder er ogs\u00e5 noe Duckert stiller seg bak.<\/p>\n<p>Advarer mot fredagsfelle<\/p>\n<p>Likevel tror hun flere sprekker utover i januar. S\u00e6rlig fredagene kan bli skumle for h\u00e5pefulle januar-nyktere.<\/p>\n<p>\u2013 Ofte er fredag ettermiddag en umulig fristelse. S\u00f8rg for at du har spist godt og drukket mye vann f\u00f8r du i det hele tatt begir deg ut i verden. Hvis ikke er du s\u00e5rbar for etter jobb-pilsen.<\/p>\n<p><b>Duckerts beste tips for alkoholfri m\u00e5ned: <\/b><\/p>\n<ul>\n<li>Finn alkoholfrie alternativer og finn sosiale ting \u00e5 gj\u00f8re uten alkohol<\/li>\n<li>Utvis n\u00f8kternhet og fortsett \u00e5 v\u00e6re n\u00f8ktern i alkoholinntaket resten av \u00e5ret.<\/li>\n<li>Da f\u00e5r prosjektet en overf\u00f8ringsverdig til ditt vanlige liv, understreker Duckert.<\/li>\n<\/ul>\n<p><b>Dette treffer s\u00e6rlig forfatteren n\u00e6r hjertet, da den hvite januaren br\u00e5tt endte en fredag ettermiddag p\u00e5 en av Oslos mange barer. <\/b><\/p>\n<p>Kanskje var det nettopp motivasjonen som sviktet.<\/p>\n<p>\u2013 Motivasjon er en skummel greie, man m\u00e5 ikke finne p\u00e5 \u00e5 lene seg p\u00e5 den. Den er veldig skiftende, s\u00e5 du m\u00e5 alltid ha en reserveplan klar for n\u00e5r motivasjonen skal svikte, forteller Duckert.<\/p>\n<p><b>Les ogs\u00e5: <a class=\"simple-relation related-teaser article--c-eRUmMG article--c-eRUmMG-fZoQSp-design-nettavisen article--c-eRUmMG-gwthdJ-cv\" href=\"https:\/\/www.nettavisen.no\/urovekkende-funn-blant-barn-ma-tas-pa-alvor\/s\/5-95-2820506\" rel=\"nofollow noopener\" target=\"_blank\">Urovekkende funn blant barn: \u2013 M\u00e5 tas p\u00e5 alvor<\/a><\/b><\/p>\n<p>Februar-smellen<\/p>\n<p>Duckert mener det absolutt viktigste man gj\u00f8r i hvit januar er \u00e5 fokusere p\u00e5 en holdningsendring i forholdet til alkohol. <\/p>\n<p>\u2013 Det er vanlig at drikkingen g\u00e5r over stokk og stein i februar fordi man endelig kan tillate seg \u00e5 drikke igjen, dersom man ikke aktivt jobber med \u00e5 endre vanene og holdningene sine til alkohol, forteller hun.<\/p>\n<p><b>Les ogs\u00e5: <a class=\"simple-relation related-teaser article--c-eRUmMG article--c-eRUmMG-fZoQSp-design-nettavisen article--c-eRUmMG-gwthdJ-cv\" href=\"https:\/\/www.nettavisen.no\/hyller-ny-kreftbehandling-medisinsk-revolusjon\/s\/5-95-2780024\" rel=\"nofollow noopener\" target=\"_blank\">Hyller ny kreftbehandling: \u2013 Medisinsk revolusjon<\/a><\/b><\/p>\n<p>Det er ikke alle like enig i.<\/p>\n<p>En <a rel=\"Follow nofollow noopener\" href=\"https:\/\/link.springer.com\/article\/10.1186\/s13690-024-01491-2\" target=\"_blank\">studie <\/a>fra Belgia forsket p\u00e5 nesten 10.000 voksne som gjennomf\u00f8rte en hvit m\u00e5ned. F\u00f8r studien startet, drakk de i gjennomsnitt 6,5 enheter alkohol i uken.<\/p>\n<p>Etter \u00e9n m\u00e5ned fikk de igjen fri tilgang til alkohol. Den f\u00f8rste m\u00e5neden etter en alkoholfri m\u00e5ned var alkoholforbruket fortsatt redusert.<\/p>\n<p>\u2013 Flere drikker mindre<\/p>\n<p>Ragnhild Kaski, generalsekret\u00e6r i organisasjonen Av-og-til, sier de ikke er av oppfatningen at flere drikker mer m\u00e5neden etter en alkoholfri m\u00e5ned.<\/p>\n<p>\u2013 Unders\u00f8kelsen v\u00e5r viser ogs\u00e5 at mange sier de drakk mindre etter at m\u00e5neden var over, sier hun.<\/p>\n<p>De ser at flere rapporterer om flere helsegevinster p\u00e5 en alkoholfri m\u00e5ned.<\/p>\n<p>\u2013 Vi er helt enig med Fanny om at en hvit m\u00e5ned er bra, som hun har understreket flere ganger den siste uken. Vi er ogs\u00e5 enig i at det for noen vil kunne v\u00e6re utfordrende, fordi det sosiale for noen henger tett sammen med alkohol. Det skal vi ha forst\u00e5else for. Og s\u00e5 kan en periode uten alkohol v\u00e6re en god anledning til \u00e5 utforske sosiale aktiviteter som ikke beh\u00f8ver \u00e5 involvere alkohol, sier Kaski.<\/p>\n","protected":false},"excerpt":{"rendered":"Vi har alle v\u00e6rt der. En desember fylt med julebord, familieselskaper og en akevittflaske som aldri g\u00e5r tom.&hellip;\n","protected":false},"author":2,"featured_media":139454,"comment_status":"","ping_status":"","sticky":false,"template":"","format":"standard","meta":{"footnotes":""},"categories":[10],"tags":[20,21,24,25,15,22,23,13,30,28,29,14,16,26,27],"class_list":{"0":"post-139453","1":"post","2":"type-post","3":"status-publish","4":"format-standard","5":"has-post-thumbnail","7":"category-norge","8":"tag-breaking-news","9":"tag-breakingnews","10":"tag-featured-news","11":"tag-featurednews","12":"tag-headlines","13":"tag-latest-news","14":"tag-latestnews","15":"tag-news","16":"tag-no","17":"tag-norge","18":"tag-norway","19":"tag-nyheter","20":"tag-overskrifter","21":"tag-top-stories","22":"tag-topstories"},"share_on_mastodon":{"url":"https:\/\/pubeurope.com\/@no\/115906432366322977","error":""},"_links":{"self":[{"href":"https:\/\/www.europesays.com\/no\/wp-json\/wp\/v2\/posts\/139453","targetHints":{"allow":["GET"]}}],"collection":[{"href":"https:\/\/www.europesays.com\/no\/wp-json\/wp\/v2\/posts"}],"about":[{"href":"https:\/\/www.europesays.com\/no\/wp-json\/wp\/v2\/types\/post"}],"author":[{"embeddable":true,"href":"https:\/\/www.europesays.com\/no\/wp-json\/wp\/v2\/users\/2"}],"replies":[{"embeddable":true,"href":"https:\/\/www.europesays.com\/no\/wp-json\/wp\/v2\/comments?post=139453"}],"version-history":[{"count":0,"href":"https:\/\/www.europesays.com\/no\/wp-json\/wp\/v2\/posts\/139453\/revisions"}],"wp:featuredmedia":[{"embeddable":true,"href":"https:\/\/www.europesays.com\/no\/wp-json\/wp\/v2\/media\/139454"}],"wp:attachment":[{"href":"https:\/\/www.europesays.com\/no\/wp-json\/wp\/v2\/media?parent=139453"}],"wp:term":[{"taxonomy":"category","embeddable":true,"href":"https:\/\/www.europesays.com\/no\/wp-json\/wp\/v2\/categories?post=139453"},{"taxonomy":"post_tag","embeddable":true,"href":"https:\/\/www.europesays.com\/no\/wp-json\/wp\/v2\/tags?post=139453"}],"curies":[{"name":"wp","href":"https:\/\/api.w.org\/{rel}","templated":true}]}}