{"id":139459,"date":"2026-01-16T19:37:07","date_gmt":"2026-01-16T19:37:07","guid":{"rendered":"https:\/\/www.europesays.com\/no\/139459\/"},"modified":"2026-01-16T19:37:07","modified_gmt":"2026-01-16T19:37:07","slug":"svaert-glatt-mange-stader-nrk-innlandet-lokale-nyheter-tv-og-radio","status":"publish","type":"post","link":"https:\/\/www.europesays.com\/no\/139459\/","title":{"rendered":"\u2013 Sv\u00e6rt glatt mange stader \u2013 NRK Innlandet \u2013 Lokale nyheter, TV og radio"},"content":{"rendered":"<p>Fredag kveld er det vanskelege k\u00f8yreforhold fleire stader i Innlandet og Tr\u00f8ndelag.<\/p>\n<p>P\u00e5 fylkesveg 715 i Leksvik i Tr\u00f8ndelag har opp mot 20 bilar k\u00f8yrd av vegen. Skadestaden strekk seg cirka 150 meter, skriv politiet.<\/p>\n<p>\u2013 Det starta med fire bilar, s\u00e5 vart det \u00e5tte, deretter fjorten, og no er det om lag tjue bilar som er involvert i denne hendinga, seier trafikkoperat\u00f8r Stian Gullv\u00e5g ved Vegtrafikksentralen midt.<\/p>\n<p>Ingen personar skal vere alvorleg skadd, if\u00f8lgje politiet.<\/p>\n<p>Det skal vere sv\u00e6rt glatt p\u00e5 staden.<\/p>\n<p>\u2013 Det er ei strekning p\u00e5 cirka 150 meter ved Storvatnet som er spesielt glatt. Vi har entrepren\u00f8r p\u00e5 staden no, seier trafikkoperat\u00f8ren.<\/p>\n<p>Det kjem til \u00e5 vere redusert framkomst p\u00e5 staden ei stund til, d\u00e5 det er mange bilar som m\u00e5 bergast.<\/p>\n<p>Innlandet: \u2013 Sv\u00e6rt glatt<\/p>\n<p>Dei same utfordringane har ein ogs\u00e5 i Innlandet.<\/p>\n<p>Politiet i Innlandet har f\u00e5tt inn mange meldingar om bilar og lastebilar som sklir av vegane, lastebilar som st\u00e5r fast, og trafikkork som f\u00f8lgje av dette.<\/p>\n<p>\u2013 Vegane i Innlandet er sv\u00e6rt glatte mange stader, skriv operasjonsleiar B\u00e5rd Einar Hoft i politiloggen.<\/p>\n<p><img decoding=\"async\"   src=\"data:image\/gif;base64,R0lGODlhAQABAIAAAAAAAP\/\/\/yH5BAEAAAAALAAAAAABAAEAAAIBRAA7\" loading=\"eager\" alt=\"en vei \" title=\"Foto: Ruth Barsten \/ NRK\"\/><\/p>\n<p class=\"\">Skal du ut i trafikken fredag kveld, er oppfordringa fr\u00e5 politiet \u00e5 k\u00f8yre varsamt. <\/p>\n<p>Foto: Ruth Barsten \/ NRK<\/p>\n<p>Meldingane kjem fr\u00e5 heile fylket.<\/p>\n<p>\u2013 Vi oppfordrar bilistar til \u00e5 k\u00f8yre varsamt, skriv Hoft.<\/p>\n<p>Riksveg 3 stengt<\/p>\n<p>Trafikkoperat\u00f8r Trude Lindstad ved Vegtrafikksentralen stadfestar at det er utfordrande for trafikantane i Innlandet i kveld.<\/p>\n<p>\u2013 S\u00e6rleg p\u00e5 rv. 3 mellom Elverum og Rena er det veldig, veldig glatt, seier Lindstad.<\/p>\n<p>Dei har f\u00e5tt mange meldingar fr\u00e5 denne konkrete strekninga om at det er fleire vogntog og personbilar som har k\u00f8yrd av vegen.<\/p>\n<p>\u2013 Det er ei veldig krevjande strekke no. Entrepren\u00f8ren er ute no og legg p\u00e5 fastsand, s\u00e5 f\u00e5r vi h\u00e5pe det betrar f\u00f8reforholda.<\/p>\n<p>Like f\u00f8r klokka 20.30 melder Vegtrafikksentralen at riksveg 3 no er stengt.<\/p>\n<p>Det er ogs\u00e5 meldt om utfordrande k\u00f8yreforhold p\u00e5 rv. 25 mellom Elverum og Trysil, og p\u00e5 fleire vegar p\u00e5 Toten.<\/p>\n<p>Lang k\u00f8 etter ulykke i Hallingdal<\/p>\n<p>P\u00e5 rv. 7 ved Fl\u00e5 i Buskerud kolliderte ein personbil og ein lastebil fredag kveld.<\/p>\n<p>Ulykka skal ha skjedd i l\u00e5g fart, og det er ikkje meldt om alvorlege personskadar.<\/p>\n<p>Ogs\u00e5 her skal det ha vore sv\u00e6rt glatt. If\u00f8lgje politiet er det lang k\u00f8 i begge retningar.<\/p>\n<p>\u2013 Tungbergar er p\u00e5 veg. Det er mykje frustrasjon fr\u00e5 bilistar som st\u00e5r i stillest\u00e5ande k\u00f8, skriv operasjonsleiar Tom Richard Skuggedal i politiloggen.<\/p>\n<p>Publisert<\/p>\n<p>16.01.2026, kl. 19.29<\/p>\n<p>Oppdatert<\/p>\n<p>16.01.2026, kl. 20.35<\/p>\n","protected":false},"excerpt":{"rendered":"Fredag kveld er det vanskelege k\u00f8yreforhold fleire stader i Innlandet og Tr\u00f8ndelag. P\u00e5 fylkesveg 715 i Leksvik i&hellip;\n","protected":false},"author":2,"featured_media":139460,"comment_status":"","ping_status":"","sticky":false,"template":"","format":"standard","meta":{"footnotes":""},"categories":[10],"tags":[20,21,24,25,15,22,23,13,30,28,29,14,16,26,27],"class_list":{"0":"post-139459","1":"post","2":"type-post","3":"status-publish","4":"format-standard","5":"has-post-thumbnail","7":"category-norge","8":"tag-breaking-news","9":"tag-breakingnews","10":"tag-featured-news","11":"tag-featurednews","12":"tag-headlines","13":"tag-latest-news","14":"tag-latestnews","15":"tag-news","16":"tag-no","17":"tag-norge","18":"tag-norway","19":"tag-nyheter","20":"tag-overskrifter","21":"tag-top-stories","22":"tag-topstories"},"share_on_mastodon":{"url":"https:\/\/pubeurope.com\/@no\/115906467815758441","error":""},"_links":{"self":[{"href":"https:\/\/www.europesays.com\/no\/wp-json\/wp\/v2\/posts\/139459","targetHints":{"allow":["GET"]}}],"collection":[{"href":"https:\/\/www.europesays.com\/no\/wp-json\/wp\/v2\/posts"}],"about":[{"href":"https:\/\/www.europesays.com\/no\/wp-json\/wp\/v2\/types\/post"}],"author":[{"embeddable":true,"href":"https:\/\/www.europesays.com\/no\/wp-json\/wp\/v2\/users\/2"}],"replies":[{"embeddable":true,"href":"https:\/\/www.europesays.com\/no\/wp-json\/wp\/v2\/comments?post=139459"}],"version-history":[{"count":0,"href":"https:\/\/www.europesays.com\/no\/wp-json\/wp\/v2\/posts\/139459\/revisions"}],"wp:featuredmedia":[{"embeddable":true,"href":"https:\/\/www.europesays.com\/no\/wp-json\/wp\/v2\/media\/139460"}],"wp:attachment":[{"href":"https:\/\/www.europesays.com\/no\/wp-json\/wp\/v2\/media?parent=139459"}],"wp:term":[{"taxonomy":"category","embeddable":true,"href":"https:\/\/www.europesays.com\/no\/wp-json\/wp\/v2\/categories?post=139459"},{"taxonomy":"post_tag","embeddable":true,"href":"https:\/\/www.europesays.com\/no\/wp-json\/wp\/v2\/tags?post=139459"}],"curies":[{"name":"wp","href":"https:\/\/api.w.org\/{rel}","templated":true}]}}