{"id":139466,"date":"2026-01-16T19:44:08","date_gmt":"2026-01-16T19:44:08","guid":{"rendered":"https:\/\/www.europesays.com\/no\/139466\/"},"modified":"2026-01-16T19:44:08","modified_gmt":"2026-01-16T19:44:08","slug":"20-biler-kjorte-av-vegen-pa-samme-sted-nrk-trondelag-lokale-nyheter-tv-og-radio","status":"publish","type":"post","link":"https:\/\/www.europesays.com\/no\/139466\/","title":{"rendered":"20 biler kj\u00f8rte av vegen p\u00e5 samme sted \u2013 NRK Tr\u00f8ndelag \u2013 Lokale nyheter, TV og radio"},"content":{"rendered":"<p>N\u00f8detatene er p\u00e5 plass i Leksvik i omr\u00e5det Dalsaune ved Storvatnet p\u00e5 fv 715 etter melding om flere biler som er involvert i en trafikkulykke. Det skal v\u00e6re b\u00e5de voksne og barn blant de involverte.<\/p>\n<p>Skadestedet er sikret og strekker seg ca. 150 meter. N\u00e5 meldes det om at det er opp mot 20 biler som har kj\u00f8rt av veien. Det skal v\u00e6re sv\u00e6rt glatt p\u00e5 stedet og det jobbes med \u00e5 forhindre at nye kj\u00f8ret\u00f8y kj\u00f8rer seg inn i omr\u00e5det.<\/p>\n<p>\u2013 Det starta med fire biler, s\u00e5 ble det \u00e5tte, deretter 14 og n\u00e5 er det omlag 20 biler som er involvert i denne hendelsen. Det sier trafikkoperat\u00f8r Stian Gullv\u00e5g ved Vegtrafikksentralen.<\/p>\n<p>Str\u00f8bilen har str\u00f8dd to runder p\u00e5 stedet n\u00e5. Arbeidet med \u00e5 f\u00e5 sendt kj\u00f8rbare kj\u00f8ret\u00f8y ut av omr\u00e5det er i gang, opplyser politiet.<\/p>\n<p>\u2013 Det er en strekning p\u00e5 ca 150 meter ved Storvatnet som er spesielt glatt. Vi har entrepren\u00f8r p\u00e5 stedet n\u00e5 som str\u00f8r. Det vil v\u00e6re noe redusert framkommelighet i omr\u00e5det ei tid fordi det st\u00e5r en del biler som trenger berging, sier Gullv\u00e5g.<\/p>\n<p>Det er sendt ut farevarsel for deler av Tr\u00f8ndelag om at <a href=\"https:\/\/www.yr.no\/nb\/farevarsler\" ec-id=\"https:\/\/www.yr.no\/nb\/farevarsler\" ec-name=\"regn kan fryse til is p\u00e5 vegbanen.\" rel=\"nofollow noopener\" target=\"_blank\">regn kan fryse til is p\u00e5 vegbanen. <\/a><\/p>\n","protected":false},"excerpt":{"rendered":"N\u00f8detatene er p\u00e5 plass i Leksvik i omr\u00e5det Dalsaune ved Storvatnet p\u00e5 fv 715 etter melding om flere&hellip;\n","protected":false},"author":2,"featured_media":139467,"comment_status":"","ping_status":"","sticky":false,"template":"","format":"standard","meta":{"footnotes":""},"categories":[10],"tags":[20,21,24,25,15,22,23,13,30,28,29,14,16,26,27],"class_list":{"0":"post-139466","1":"post","2":"type-post","3":"status-publish","4":"format-standard","5":"has-post-thumbnail","7":"category-norge","8":"tag-breaking-news","9":"tag-breakingnews","10":"tag-featured-news","11":"tag-featurednews","12":"tag-headlines","13":"tag-latest-news","14":"tag-latestnews","15":"tag-news","16":"tag-no","17":"tag-norge","18":"tag-norway","19":"tag-nyheter","20":"tag-overskrifter","21":"tag-top-stories","22":"tag-topstories"},"share_on_mastodon":{"url":"https:\/\/pubeurope.com\/@no\/115906495355238986","error":""},"_links":{"self":[{"href":"https:\/\/www.europesays.com\/no\/wp-json\/wp\/v2\/posts\/139466","targetHints":{"allow":["GET"]}}],"collection":[{"href":"https:\/\/www.europesays.com\/no\/wp-json\/wp\/v2\/posts"}],"about":[{"href":"https:\/\/www.europesays.com\/no\/wp-json\/wp\/v2\/types\/post"}],"author":[{"embeddable":true,"href":"https:\/\/www.europesays.com\/no\/wp-json\/wp\/v2\/users\/2"}],"replies":[{"embeddable":true,"href":"https:\/\/www.europesays.com\/no\/wp-json\/wp\/v2\/comments?post=139466"}],"version-history":[{"count":0,"href":"https:\/\/www.europesays.com\/no\/wp-json\/wp\/v2\/posts\/139466\/revisions"}],"wp:featuredmedia":[{"embeddable":true,"href":"https:\/\/www.europesays.com\/no\/wp-json\/wp\/v2\/media\/139467"}],"wp:attachment":[{"href":"https:\/\/www.europesays.com\/no\/wp-json\/wp\/v2\/media?parent=139466"}],"wp:term":[{"taxonomy":"category","embeddable":true,"href":"https:\/\/www.europesays.com\/no\/wp-json\/wp\/v2\/categories?post=139466"},{"taxonomy":"post_tag","embeddable":true,"href":"https:\/\/www.europesays.com\/no\/wp-json\/wp\/v2\/tags?post=139466"}],"curies":[{"name":"wp","href":"https:\/\/api.w.org\/{rel}","templated":true}]}}