{"id":139489,"date":"2026-01-16T20:08:11","date_gmt":"2026-01-16T20:08:11","guid":{"rendered":"https:\/\/www.europesays.com\/no\/139489\/"},"modified":"2026-01-16T20:08:11","modified_gmt":"2026-01-16T20:08:11","slug":"iran-aylar-lie-aylar-lie-om-iran-protester-foles-som-en-skrekkfilm","status":"publish","type":"post","link":"https:\/\/www.europesays.com\/no\/139489\/","title":{"rendered":"Iran, Aylar Lie | Aylar Lie om Iran-protester: \u2013 F\u00f8les som en skrekkfilm"},"content":{"rendered":"\n<p>\u2013 Dette f\u00f8les som en skrekkfilm. Det vi vitner til n\u00e5 er ren massakre. Man trenger ikke v\u00e6re iraner for \u00e5 reagere. Det som skjer ang\u00e5r oss alle som mennesker, sier Aylar Lie til Nettavisen.<\/p>\n<p>Den profesjonelle pokerspilleren og tidligere TV-personligheten er iranskf\u00f8dt og har lenge v\u00e6rt dypt engasjert i hva som skjer i det undertrykkende regimet.<\/p>\n<p>De landsomfattende protestene mot regimet har n\u00e5 p\u00e5g\u00e5tt i 20 dager. Iranske aktivister og organisasjoner har avdekket at det p\u00e5g\u00e5r undertrykking i voldsomt omfang og systematiske massedrap p\u00e5 demonstranter over hele landet.<\/p>\n<p>Minst <a href=\"https:\/\/iranhr.net\/en\/articles\/8529\/\" rel=\"Follow nofollow noopener\" target=\"_blank\">3500 demonstranter har blitt drept<\/a> p\u00e5 snaue tre uker, og minst 20.000 er blitt anholdt. Men m\u00f8rketallene er trolig langt h\u00f8yere. Enkelte <a href=\"https:\/\/www.euronews.com\/2026\/01\/14\/as-many-as-15000-feared-dead-in-iran-as-regime-hunts-starlink-devices-activist-tells-euron\" rel=\"Follow nofollow noopener\" target=\"_blank\">estimater<\/a> ansl\u00e5r at 15.000 mennesker kan ha blitt drept.<\/p>\n<p><b>\u2013 Demonstrantene kjemper med livet som innsats n\u00e5r de st\u00e5r ansikt til ansikt uten noen form for beskyttelse mot et av verdens mest brutale regimer. De blir m\u00f8tt med brutal vold, arrestasjoner og blir drept p\u00e5 gatene, i hjemmene, i fengsler og til og med p\u00e5 sykehus, sier Lie. <\/b><\/p>\n<p>\u2013 Til tross for alt dette fortsetter de \u00e5 reise seg. Jeg er mektig imponert over motet til det iranske folket. De er ekte helter og minner oss om hva ekte mot er, sier hun.<\/p>\n<p><b>Les ogs\u00e5: <a class=\"simple-relation related-teaser article--c-eRUmMG article--c-eRUmMG-fZoQSp-design-nettavisen article--c-eRUmMG-gwthdJ-cv\" href=\"https:\/\/www.nettavisen.no\/forskere-om-regimeendring-i-iran-virker-gjerne-umulig-for-det-skjer\/s\/5-95-2825972\" rel=\"nofollow noopener\" target=\"_blank\">Forskere om regimeendring i Iran: \u2013 Virker gjerne umulig f\u00f8r det skjer<\/a><\/b><\/p>\n<p>Leder for Iran Human Rights, Mahmood Amiry-Moghaddam, har fortalt Nettavisen at s\u00e5rede iranske demonstranter blir dratt ut av sykehusene og deretter skutt og drept.<\/p>\n<p>Det finnes ogs\u00e5 mange uavhengige vitneskildringer om at s\u00e5rede og hjelpel\u00f8se demonstranter, som ligger p\u00e5 bakken, blir <a href=\"https:\/\/www.nettavisen.no\/nyheter\/grufulle-opplysninger-fra-iran-sarede-blir-skutt-i-hodet\/s\/5-95-2825377\" rel=\"Follow nofollow noopener\" target=\"_blank\">regelrett avrettet med hodeskudd<\/a>.<\/p>\n<p>\u2013 Det vi ogs\u00e5 har h\u00f8rt fra flere uavhengige kilder, er at de g\u00e5r bort til s\u00e5rede demonstranter og skyter dem i hodet, sier Amiry-Moghaddam til Nettavisen.<\/p>\n<p>   <img decoding=\"async\" width=\"5712\" height=\"3811\" fetchpriority=\"low\"  loading=\"lazy\"  src=\"https:\/\/www.europesays.com\/no\/wp-content\/uploads\/2026\/01\/NTB_pkvCLsSDUrA.jpg\" alt=\"Iranians attend an anti-government protest in Tehran, Iran, Friday, Jan. 9, 2026. (AP Photo)\" class=\"brick-c-cFOWSL\" style=\"--brick-image-ratio: 5712 \/ 3811;\"\/><\/p>\n<p>      PROTESTER: Iranske demonstranter i Teheran protesterer mot regimet.<br \/>\n      Foto: AP\n    <\/p>\n<p>  \u2013 Jeg ble holdt fanget i Iran<\/p>\n<p>Aylar Lie er f\u00f8dt i Iran, men flyttet som tre\u00e5ring til Norge i 1987 sammen med sine biologiske foreldre.<\/p>\n<p>Lie sier til Nettavisen at hun vokste opp i en norsk fosterfamilie, men opps\u00f8kte sin biologiske familie i Iran som 16- \u00e5ring. Da gikk det fryktelig galt.<\/p>\n<p>\u2013 Det som skulle v\u00e6re en kortvarig hyggelig sommerferie, resulterte i en to \u00e5r lang kamp i fangenskap. Med hjelp fra den norske ambassaden i Iran klarte jeg omsider \u00e5 r\u00f8mme ut av landet i 2002, sier Lie.<\/p>\n<p>Lie har tidligere v\u00e6rt \u00e5pen om hvordan hun ble holdt fanget mot sin vilje i Iran.<\/p>\n<p>Kvinner i Iran har begrenset personlig frihet og m\u00e5 ofte ha <a href=\"https:\/\/www.gov.uk\/government\/publications\/iran-country-policy-and-information-notes\/country-policy-and-information-note-women-fearing-honour-based-violence-iran-may-2022-accessible?utm_source=chatgpt.com\" rel=\"Follow nofollow noopener\" target=\"_blank\">tillatelse fra en mannlig verge<\/a> (enten far, ektemann eller annen mannlig slektning) for \u00e5 reise ut av landet eller foreta st\u00f8rre bevegelser.<\/p>\n<p><b>Les ogs\u00e5: <a class=\"simple-relation related-teaser article--c-eRUmMG article--c-eRUmMG-fZoQSp-design-nettavisen article--c-eRUmMG-gwthdJ-cv\" href=\"https:\/\/www.nettavisen.no\/grufulle-opplysninger-sarede-blir-skutt-i-hodet\/s\/5-95-2825377\" rel=\"nofollow noopener\" target=\"_blank\">Grufulle opplysninger: \u2013 S\u00e5rede blir skutt i hodet<\/a><\/b><\/p>\n<p>   <img decoding=\"async\" width=\"4200\" height=\"2800\" fetchpriority=\"low\"  loading=\"lazy\"  src=\"https:\/\/www.europesays.com\/no\/wp-content\/uploads\/2026\/01\/NTB_OfUlzZ8FXWQ.jpg\" alt=\"FRYKTET: Irans fryktede revolusjonsgarde, som er direkte underlagt prestestyret, marsjerer her under en parade i Teheran i 2024.\" class=\"brick-c-cFOWSL\" style=\"--brick-image-ratio: 4200 \/ 2800;\"\/><\/p>\n<p>      FRYKTET: Irans fryktede revolusjonsgarde, som er direkte underlagt prestestyret, marsjerer her under en parade i Teheran i 2024.<br \/>\n      Foto: Vahid Salemi (AP)\n    <\/p>\n<p>  \u2013 Kjemper mot et religi\u00f8st tyranni<\/p>\n<p>Lie forteller at hun har flere venner som bor i den iranske hovedstaden.<\/p>\n<p>\u2013 Min biologiske familie kuttet jeg kontakt med da jeg r\u00f8mte fra Iran i 2002, men jeg har derimot flere venner som bor i Tehran. Myndighetene har stengt internett og all kommunikasjon siden 8. januar. Dette gj\u00f8r de for \u00e5 isolere og usynliggj\u00f8re folket fra omverden. Mens landet er m\u00f8rklagt har de massakrert demonstrantene, sier hun.<\/p>\n<p>\u2013 Det er derfor ekstra viktig at verdenssamfunnet viser st\u00f8tte og s\u00f8rger for at stemmene deres blir h\u00f8rt n\u00e5. Situasjonen i Iran har f\u00e5tt altfor lite mediedekning og oppmerksomhet p\u00e5 sosiale kanaler. Man er ikke islamofob fordi man st\u00f8tter mennesker som kjemper mot et religi\u00f8st tyranni! sier hun.<\/p>\n<p>    Vil du se neste video?<\/p>\n<p>    <a href=\"https:\/\/www.nettavisen.no\/nyheter\/john-healey-sjokkerer-vil-kidnappe-putin\/v\/5-95-2819899\" class=\"recommend-poster\" data-adp-clicklabel=\"video-recommend\" data-adp-clickvalue=\"poster\" rel=\"nofollow noopener\" target=\"_blank\"><br \/>\n      <img decoding=\"async\" width=\"200\" height=\"200\" loading=\"lazy\" src=\"https:\/\/www.europesays.com\/no\/wp-content\/uploads\/2026\/01\/John+Healey+front.jpg\" alt=\"\" class=\"brick-c-cFOWSL\" style=\"--brick-image-ratio: 200 \/ 200;\"\/><\/p>\n<p>Sjokkerer: Vil kidnappe Putin0:43<\/p>\n<p>    <\/a><\/p>\n<p>        Irans parlamentspresident legger ingenting imellom.<\/p>\n<p>\u2013 Hva mener du er galt med det iranske regimet, Lie?<\/p>\n<p>\u2013 Det er et  og styres ikke av folket. Det fungerer som en terrororganisasjon satt i statlig system, svarer hun.<\/p>\n<p>Protestene startet rundt 28. desember da basarhandlere og butikkinnehavere i Teheran stengte sine butikker i protest mot landets vanskelige \u00f8konomiske situasjon, etter at den iranske valutaen falt til rekordlave niv\u00e5er mot den amerikanske dollaren.<\/p>\n","protected":false},"excerpt":{"rendered":"\u2013 Dette f\u00f8les som en skrekkfilm. Det vi vitner til n\u00e5 er ren massakre. Man trenger ikke v\u00e6re&hellip;\n","protected":false},"author":2,"featured_media":139490,"comment_status":"","ping_status":"","sticky":false,"template":"","format":"standard","meta":{"footnotes":""},"categories":[12],"tags":[20,21,24,25,15,22,23,13,30,28,29,14,16,26,27,42,43,44,45],"class_list":{"0":"post-139489","1":"post","2":"type-post","3":"status-publish","4":"format-standard","5":"has-post-thumbnail","7":"category-verden","8":"tag-breaking-news","9":"tag-breakingnews","10":"tag-featured-news","11":"tag-featurednews","12":"tag-headlines","13":"tag-latest-news","14":"tag-latestnews","15":"tag-news","16":"tag-no","17":"tag-norge","18":"tag-norway","19":"tag-nyheter","20":"tag-overskrifter","21":"tag-top-stories","22":"tag-topstories","23":"tag-verden","24":"tag-world","25":"tag-world-news","26":"tag-worldnews"},"share_on_mastodon":{"url":"https:\/\/pubeurope.com\/@no\/115906589716579344","error":""},"_links":{"self":[{"href":"https:\/\/www.europesays.com\/no\/wp-json\/wp\/v2\/posts\/139489","targetHints":{"allow":["GET"]}}],"collection":[{"href":"https:\/\/www.europesays.com\/no\/wp-json\/wp\/v2\/posts"}],"about":[{"href":"https:\/\/www.europesays.com\/no\/wp-json\/wp\/v2\/types\/post"}],"author":[{"embeddable":true,"href":"https:\/\/www.europesays.com\/no\/wp-json\/wp\/v2\/users\/2"}],"replies":[{"embeddable":true,"href":"https:\/\/www.europesays.com\/no\/wp-json\/wp\/v2\/comments?post=139489"}],"version-history":[{"count":0,"href":"https:\/\/www.europesays.com\/no\/wp-json\/wp\/v2\/posts\/139489\/revisions"}],"wp:featuredmedia":[{"embeddable":true,"href":"https:\/\/www.europesays.com\/no\/wp-json\/wp\/v2\/media\/139490"}],"wp:attachment":[{"href":"https:\/\/www.europesays.com\/no\/wp-json\/wp\/v2\/media?parent=139489"}],"wp:term":[{"taxonomy":"category","embeddable":true,"href":"https:\/\/www.europesays.com\/no\/wp-json\/wp\/v2\/categories?post=139489"},{"taxonomy":"post_tag","embeddable":true,"href":"https:\/\/www.europesays.com\/no\/wp-json\/wp\/v2\/tags?post=139489"}],"curies":[{"name":"wp","href":"https:\/\/api.w.org\/{rel}","templated":true}]}}