{"id":139491,"date":"2026-01-16T20:09:07","date_gmt":"2026-01-16T20:09:07","guid":{"rendered":"https:\/\/www.europesays.com\/no\/139491\/"},"modified":"2026-01-16T20:09:07","modified_gmt":"2026-01-16T20:09:07","slug":"trafikk-glatt-tre-biler-smalt-i-hverandre-i-gjovik-sentrum-oppland-arbeiderblad","status":"publish","type":"post","link":"https:\/\/www.europesays.com\/no\/139491\/","title":{"rendered":"Trafikk, Glatt | Tre biler smalt i hverandre i Gj\u00f8vik sentrum &#8211; Oppland Arbeiderblad"},"content":{"rendered":"<ol>\n<li><a href=\"https:\/\/news.google.com\/rss\/articles\/CBMifEFVX3lxTE1pZzh6bUNCX2ZvZ21DRlhyNkp4S3lhOXRoUlVBSXc1YVRRcjhaOGRSY181VU1lZFpRcjZXbGs1QXhNT0loamo2a3A0ZGNibU54Zi1DVHl4a0VWSGVZVVVTcVFGTWpCWlB2RnlkcU9MTkFTdm9IT1BIZjJKR1o?oc=5\" target=\"_blank\" rel=\"nofollow noopener\">Trafikk, Glatt | Tre biler smalt i hverandre i Gj\u00f8vik sentrum<\/a>&nbsp;&nbsp;Oppland Arbeiderblad<\/li>\n<li><a href=\"https:\/\/news.google.com\/rss\/articles\/CBMingFBVV95cUxPV09WQUNGWlRPUnNEdWdsd3ZrZ2FZVlgtZjM1SUZZMXh4dU0tNEkxUUxPb2hPcEFXSXRLQ0M3Z2Q1NEMxazZnZWdxbDFkSjZ6akdMU2RlQ1RKN0FJMFBXcXhrODF4QnNRN09zUEZCck02cjBoYm9pVmgzaTZHdG1mNks2Q2pyWXU5SjI0YnpGMVY1bHZJQll6VWxySjhYdw?oc=5\" target=\"_blank\" rel=\"nofollow noopener\">Politiet \u00e5tvarar: \u2013 Sv\u00e6rt glatt mange stader<\/a>&nbsp;&nbsp;NRK<\/li>\n<li><a href=\"https:\/\/news.google.com\/rss\/articles\/CBMirAFBVV95cUxNODU1eE9yeHI1djJqcmJqQVVoeTVRTWpiZWlvN09KVWlIV1JzVXc0eHA2NTdjVDF1RnRuTk9ZREpTU0xIYW5EcUJqZzBHaUpQb3AwQTBPY2U1ZkZRb0tzb3BIZUpGV1BzMVpONGU0eUtXTTgwREo2bHR6RmJYQkI3QTVZYklfMWJJNnNIZTNVWE1COFVuSTM3VUppbmplWWp3MWlGVkdpZFlZS0hJ?oc=5\" target=\"_blank\" rel=\"nofollow noopener\">Her er det over 20 (!) kilometer med sv\u00e6rt sakteg\u00e5ende k\u00f8: \u2013 Mye frustrasjon<\/a>&nbsp;&nbsp;Aftenposten<\/li>\n<li><a href=\"https:\/\/news.google.com\/rss\/articles\/CBMingFBVV95cUxNSnlPUTFkQk80Q0xIN1Q5RFJMVDRiLWFwNVpmMDhMNGltd3VoMWo0SkxKb2FjZkh6TUhDdzBWSTNrUEpjUk9rQkp2UG5KVk02MkNHa2h1V2o5b3luXzRXYjRTMHFRUWxxa0pNZFY4dmJXYjVNejlGQlNId1dwdFRQdGgzcm9Ha2ctSktvbGtWczI4OHdaTHRhcW1XbktGZw?oc=5\" target=\"_blank\" rel=\"nofollow noopener\">Trafikk, Ulykker | \u2013 Sv\u00e6rt mange henvendelser om biler som har sklidd av veien<\/a>&nbsp;&nbsp;Gl\u00e5mdalen<\/li>\n<li><a href=\"https:\/\/news.google.com\/rss\/articles\/CBMibkFVX3lxTE1ocU9UbFppX3JKdnpYNkNUYnZSM2ZEVmo2NjZQZnBVS3dfUFl4VkViZGJudGJxblFOSl9SM3dwM1pkUlBpVW40SnJIZ3U3a2tLYnBSem1oUHZQQm1jMEpkeVI5S2piMGRhLWpLUlpB?oc=5\" target=\"_blank\" rel=\"nofollow noopener\">Moelv, Brumunddal | Meldingene renner inn: \u2013 Det skal jeg love deg<\/a>&nbsp;&nbsp;Ringsaker Blad<\/li>\n<\/ol>\n","protected":false},"excerpt":{"rendered":"Trafikk, Glatt | Tre biler smalt i hverandre i Gj\u00f8vik sentrum&nbsp;&nbsp;Oppland Arbeiderblad Politiet \u00e5tvarar: \u2013 Sv\u00e6rt glatt mange&hellip;\n","protected":false},"author":2,"featured_media":139492,"comment_status":"","ping_status":"","sticky":false,"template":"","format":"standard","meta":{"footnotes":""},"categories":[10],"tags":[20,21,24,25,15,22,23,13,30,28,29,14,16,26,27],"class_list":{"0":"post-139491","1":"post","2":"type-post","3":"status-publish","4":"format-standard","5":"has-post-thumbnail","7":"category-norge","8":"tag-breaking-news","9":"tag-breakingnews","10":"tag-featured-news","11":"tag-featurednews","12":"tag-headlines","13":"tag-latest-news","14":"tag-latestnews","15":"tag-news","16":"tag-no","17":"tag-norge","18":"tag-norway","19":"tag-nyheter","20":"tag-overskrifter","21":"tag-top-stories","22":"tag-topstories"},"share_on_mastodon":{"url":"https:\/\/pubeurope.com\/@no\/115906593590653454","error":""},"_links":{"self":[{"href":"https:\/\/www.europesays.com\/no\/wp-json\/wp\/v2\/posts\/139491","targetHints":{"allow":["GET"]}}],"collection":[{"href":"https:\/\/www.europesays.com\/no\/wp-json\/wp\/v2\/posts"}],"about":[{"href":"https:\/\/www.europesays.com\/no\/wp-json\/wp\/v2\/types\/post"}],"author":[{"embeddable":true,"href":"https:\/\/www.europesays.com\/no\/wp-json\/wp\/v2\/users\/2"}],"replies":[{"embeddable":true,"href":"https:\/\/www.europesays.com\/no\/wp-json\/wp\/v2\/comments?post=139491"}],"version-history":[{"count":0,"href":"https:\/\/www.europesays.com\/no\/wp-json\/wp\/v2\/posts\/139491\/revisions"}],"wp:featuredmedia":[{"embeddable":true,"href":"https:\/\/www.europesays.com\/no\/wp-json\/wp\/v2\/media\/139492"}],"wp:attachment":[{"href":"https:\/\/www.europesays.com\/no\/wp-json\/wp\/v2\/media?parent=139491"}],"wp:term":[{"taxonomy":"category","embeddable":true,"href":"https:\/\/www.europesays.com\/no\/wp-json\/wp\/v2\/categories?post=139491"},{"taxonomy":"post_tag","embeddable":true,"href":"https:\/\/www.europesays.com\/no\/wp-json\/wp\/v2\/tags?post=139491"}],"curies":[{"name":"wp","href":"https:\/\/api.w.org\/{rel}","templated":true}]}}