{"id":139493,"date":"2026-01-16T20:11:16","date_gmt":"2026-01-16T20:11:16","guid":{"rendered":"https:\/\/www.europesays.com\/no\/139493\/"},"modified":"2026-01-16T20:11:16","modified_gmt":"2026-01-16T20:11:16","slug":"glasner-forlater-palace-i-sommer-2","status":"publish","type":"post","link":"https:\/\/www.europesays.com\/no\/139493\/","title":{"rendered":"Glasner forlater Palace i sommer"},"content":{"rendered":"<p>Det opplyste Glasner p\u00e5 en pressekonferanse fredag ettermiddag.<\/p>\n<p>Glasner sier at han fortalte det til styreleder Steve Parish i oktober.<\/p>\n<p>\u2013 Vi hadde en veldig lang prat, og jeg fortalte ham at jeg ikke ville skrive under p\u00e5 en ny kontrakt. Vi ble da enige om at det var best \u00e5 holde det mellom oss, sa Glasner if\u00f8lge Sky Sports.<\/p>\n<p>\u00d8sterrikeren kom til London-klubben i 2024 og s\u00f8rget for klubbens st\u00f8rste trof\u00e9 med seier i FA-cupen.<\/p>\n<p>N\u00e5 er Palace uten seier p\u00e5 over en m\u00e5ned og ble nylig sl\u00e5tt ut av FA-cupen mot Macclesfield.<\/p>\n<p>Samtidig melder flere medier at midtstopper Marc Guehi er p\u00e5 vei til Manchester City. Kapteinen er ikke med i troppen som m\u00f8ter Sunderland l\u00f8rdag.<\/p>\n","protected":false},"excerpt":{"rendered":"Det opplyste Glasner p\u00e5 en pressekonferanse fredag ettermiddag. Glasner sier at han fortalte det til styreleder Steve Parish&hellip;\n","protected":false},"author":2,"featured_media":139494,"comment_status":"","ping_status":"","sticky":false,"template":"","format":"standard","meta":{"footnotes":""},"categories":[59],"tags":[30,28,29,83,82],"class_list":{"0":"post-139493","1":"post","2":"type-post","3":"status-publish","4":"format-standard","5":"has-post-thumbnail","7":"category-sport","8":"tag-no","9":"tag-norge","10":"tag-norway","11":"tag-sport","12":"tag-sports"},"share_on_mastodon":{"url":"https:\/\/pubeurope.com\/@no\/115906601487462032","error":""},"_links":{"self":[{"href":"https:\/\/www.europesays.com\/no\/wp-json\/wp\/v2\/posts\/139493","targetHints":{"allow":["GET"]}}],"collection":[{"href":"https:\/\/www.europesays.com\/no\/wp-json\/wp\/v2\/posts"}],"about":[{"href":"https:\/\/www.europesays.com\/no\/wp-json\/wp\/v2\/types\/post"}],"author":[{"embeddable":true,"href":"https:\/\/www.europesays.com\/no\/wp-json\/wp\/v2\/users\/2"}],"replies":[{"embeddable":true,"href":"https:\/\/www.europesays.com\/no\/wp-json\/wp\/v2\/comments?post=139493"}],"version-history":[{"count":0,"href":"https:\/\/www.europesays.com\/no\/wp-json\/wp\/v2\/posts\/139493\/revisions"}],"wp:featuredmedia":[{"embeddable":true,"href":"https:\/\/www.europesays.com\/no\/wp-json\/wp\/v2\/media\/139494"}],"wp:attachment":[{"href":"https:\/\/www.europesays.com\/no\/wp-json\/wp\/v2\/media?parent=139493"}],"wp:term":[{"taxonomy":"category","embeddable":true,"href":"https:\/\/www.europesays.com\/no\/wp-json\/wp\/v2\/categories?post=139493"},{"taxonomy":"post_tag","embeddable":true,"href":"https:\/\/www.europesays.com\/no\/wp-json\/wp\/v2\/tags?post=139493"}],"curies":[{"name":"wp","href":"https:\/\/api.w.org\/{rel}","templated":true}]}}