{"id":139497,"date":"2026-01-16T20:17:08","date_gmt":"2026-01-16T20:17:08","guid":{"rendered":"https:\/\/www.europesays.com\/no\/139497\/"},"modified":"2026-01-16T20:17:08","modified_gmt":"2026-01-16T20:17:08","slug":"ingen-russiske-eller-kinesiske-skip-rundt-gronland","status":"publish","type":"post","link":"https:\/\/www.europesays.com\/no\/139497\/","title":{"rendered":"\u2013 Ingen russiske eller kinesiske skip rundt Gr\u00f8nland"},"content":{"rendered":"\n<p class=\"_lead_o9xde_2 _lead_xtcu6_50 layout-component text-serif-m layout-normal text-serif-l layout-component layout-wide layout-padded _wide_17hqh_1 layout-padded\">Sjefen for Danmarks arktiske kommando sier at han i dag har invitert USA til en milit\u00e6r\u00f8velse p\u00e5 Gr\u00f8nland og avventer svar.<\/p>\n<p><img alt=\"Et dansk patruljefart\u00f8y seiler rundt Gr\u00f8nland. Foto: Fredrik Solstad \/ VG\" class=\"_image_qp4xg_65 layout-component layout-wide\" data-fullscreen- data-track-element-type=\"Article image fullscreen\" data-track-name=\"ImageFullscreen\" fetchpriority=\"high\" decoding=\"sync\" loading=\"eager\" height=\"2217\" itemprop=\"image\"  src=\"https:\/\/www.europesays.com\/no\/wp-content\/uploads\/2026\/01\/ab991479-a6bd-4d3e-9a2d-2cee7f5876c5.png\"  style=\"object-position:0% 0%\" width=\"2747\"\/>Et dansk patruljefart\u00f8y seiler rundt Gr\u00f8nland. Foto: Fredrik Solstad \/ VG<\/p>\n<ul aria-hidden=\"true\" class=\"_images_ntbth_112\">\n<li><a class=\"_link_ntbth_117\" href=\"https:\/\/www.vg.no\/forfatter\/ntb\" style=\"z-index:1\" title=\"NTB\" rel=\"nofollow noopener\" target=\"_blank\"><img alt=\"Bilde av NTB\" class=\"_image_ntbth_93\" fetchpriority=\"low\" loading=\"lazy\" decoding=\"async\" itemprop=\"image\"  src=\"https:\/\/www.europesays.com\/no\/wp-content\/uploads\/2026\/01\/1768594628_969_c33980b0-5d07-4027-84a1-813f90a7c8d6.png\"  width=\"480\"\/><\/a><\/li>\n<\/ul>\n<p> Oppdatert fredag 16. januar kl. 19:12     <\/p>\n<p class=\"_paragraph_o9xde_4 _paragraph_xtcu6_10 layout-component text-serif-m layout-normal text-serif-m layout-padded\">Han avventer svar fra USA p\u00e5 deres deltakelse i \u00f8velsen, og sier at det ikke er kinesiske eller russiske skip i omr\u00e5det.<\/p>\n<p class=\"_paragraph_o9xde_4 _paragraph_xtcu6_10 layout-component text-serif-m layout-normal text-serif-m layout-padded\">\u2013 Vi ser ingen russiske eller kinesiske skip rundt Gr\u00f8nland. Det er kinesiske og russiske skip i Nordishavet, men ikke i n\u00e6rheten av Gr\u00f8nland, sa generalmajor S\u00f8ren Andersen, sjef for Danmarks arktiske kommando p\u00e5 Gr\u00f8nland, til Reuters p\u00e5 Gr\u00f8nland.<\/p>\n<p class=\"_paragraph_o9xde_4 _paragraph_xtcu6_10 layout-component text-serif-m layout-normal text-serif-m layout-padded\">Han legger til at hans vurdering av situasjonen ikke er at en Nato-alliert angriper en annen.<\/p>\n<p class=\"_paragraph_o9xde_4 _paragraph_xtcu6_10 layout-component text-serif-m layout-normal text-serif-m layout-padded\">USAs president Donald Trump har i det siste gjentatt p\u00e5standene om at det er flere kinesiske og russiske skip rundt Gr\u00f8nland, og at USA derfor \u00abtrenger\u00bb eierskap over \u00f8ya for \u00e5 ivareta sin egen sikkerhet.<\/p>\n<p class=\"_paragraph_o9xde_4 _paragraph_xtcu6_10 layout-component text-serif-m layout-normal text-serif-m layout-padded\">Uttalelsene og kravet fra Trump har blitt kritisert av en rekke europeiske ledere, s\u00e6rlig danske politikere. Danmarks regjering kalte fredag landets suverenitet en r\u00f8d linje.<\/p>\n","protected":false},"excerpt":{"rendered":"Sjefen for Danmarks arktiske kommando sier at han i dag har invitert USA til en milit\u00e6r\u00f8velse p\u00e5 Gr\u00f8nland&hellip;\n","protected":false},"author":2,"featured_media":139498,"comment_status":"","ping_status":"","sticky":false,"template":"","format":"standard","meta":{"footnotes":""},"categories":[12],"tags":[20,21,24,25,15,22,23,13,30,28,29,14,16,26,27,42,43,44,45],"class_list":{"0":"post-139497","1":"post","2":"type-post","3":"status-publish","4":"format-standard","5":"has-post-thumbnail","7":"category-verden","8":"tag-breaking-news","9":"tag-breakingnews","10":"tag-featured-news","11":"tag-featurednews","12":"tag-headlines","13":"tag-latest-news","14":"tag-latestnews","15":"tag-news","16":"tag-no","17":"tag-norge","18":"tag-norway","19":"tag-nyheter","20":"tag-overskrifter","21":"tag-top-stories","22":"tag-topstories","23":"tag-verden","24":"tag-world","25":"tag-world-news","26":"tag-worldnews"},"share_on_mastodon":{"url":"https:\/\/pubeurope.com\/@no\/115906625178284815","error":""},"_links":{"self":[{"href":"https:\/\/www.europesays.com\/no\/wp-json\/wp\/v2\/posts\/139497","targetHints":{"allow":["GET"]}}],"collection":[{"href":"https:\/\/www.europesays.com\/no\/wp-json\/wp\/v2\/posts"}],"about":[{"href":"https:\/\/www.europesays.com\/no\/wp-json\/wp\/v2\/types\/post"}],"author":[{"embeddable":true,"href":"https:\/\/www.europesays.com\/no\/wp-json\/wp\/v2\/users\/2"}],"replies":[{"embeddable":true,"href":"https:\/\/www.europesays.com\/no\/wp-json\/wp\/v2\/comments?post=139497"}],"version-history":[{"count":0,"href":"https:\/\/www.europesays.com\/no\/wp-json\/wp\/v2\/posts\/139497\/revisions"}],"wp:featuredmedia":[{"embeddable":true,"href":"https:\/\/www.europesays.com\/no\/wp-json\/wp\/v2\/media\/139498"}],"wp:attachment":[{"href":"https:\/\/www.europesays.com\/no\/wp-json\/wp\/v2\/media?parent=139497"}],"wp:term":[{"taxonomy":"category","embeddable":true,"href":"https:\/\/www.europesays.com\/no\/wp-json\/wp\/v2\/categories?post=139497"},{"taxonomy":"post_tag","embeddable":true,"href":"https:\/\/www.europesays.com\/no\/wp-json\/wp\/v2\/tags?post=139497"}],"curies":[{"name":"wp","href":"https:\/\/api.w.org\/{rel}","templated":true}]}}