{"id":139520,"date":"2026-01-16T20:46:09","date_gmt":"2026-01-16T20:46:09","guid":{"rendered":"https:\/\/www.europesays.com\/no\/139520\/"},"modified":"2026-01-16T20:46:09","modified_gmt":"2026-01-16T20:46:09","slug":"39-ar-siden-sist-vi-er-forst-og-fremst-med-for-a-laere-bladet-no","status":"publish","type":"post","link":"https:\/\/www.europesays.com\/no\/139520\/","title":{"rendered":"39 \u00e5r siden sist: \u2013 Vi er f\u00f8rst og fremst med for \u00e5 l\u00e6re &#8211; bladet.no"},"content":{"rendered":"<ol>\n<li><a href=\"https:\/\/news.google.com\/rss\/articles\/CBMimgFBVV95cUxQN1ZWdldrREQ4MURQTnFnV21JN3d0M0lnTndhVGo3LTRXamZBdDdvakY3U1VsLW81NlFDdXVNSkxTdWlBOTlJQkNKd3psNmFsLTFfUFdrX2lsckNqLUdXRzBCM0VPRklNeWd6WnNudE1IclZGVWdmSF9IZjE2QlpHOGxBOVhQa1pnZW1najdiZlhhZVozZ0hkMmln?oc=5\" target=\"_blank\" rel=\"nofollow noopener\">39 \u00e5r siden sist: \u2013 Vi er f\u00f8rst og fremst med for \u00e5 l\u00e6re<\/a>&nbsp;&nbsp;bladet.no<\/li>\n<li><a href=\"https:\/\/news.google.com\/rss\/articles\/CBMigAFBVV95cUxOSWlXX2dhSmJHaVZucTRKcWhocVBQSnVhVzNWMXhkYm5kUDIwSFFFOWk2c3F1OFZWZDZzNGdXOGVpQXFCSFEzZ3NKZFRRNHQwNlJ5S24xcmU2ejJHdWVMaGQ2dXFldjFKdVRENHZmOXhaUTM4WmxWZ2Nxcmx0THdUTQ?oc=5\" target=\"_blank\" rel=\"nofollow noopener\">Sport, Langrenn | Stor stafett-opptur: \u2013 Helt fantastisk \u00e5 se!<\/a>&nbsp;&nbsp;Tr\u00f8nder-Avisa<\/li>\n<li><a href=\"https:\/\/news.google.com\/rss\/articles\/CBMitwFBVV95cUxPN2FabVpFUmVvSk5zdENIdHFXck1xVEhSb1NwajZWU29PZnh2dWZvR0VocWd5VnV0eUFob3pTZ2dpT2pFUWxrMjhxbE01aDl1V21pSF9zWjR3TUlDbFY4dlg2N3YzX2tqMFV4VE5ZTWprZWVJdmdGdlhxbklWSTNoTEhJOVRnRVFCTlhEa0pvMXlrLW83TnZfeERlZk1pTUZXRGhORXVpYjRZZ2ExSXZmUkR5aXFWdDA?oc=5\" target=\"_blank\" rel=\"nofollow noopener\">Mosj\u00f8en, Sport | Dette har aldri skjedd tidligere: \u2013 Om alle har en god dag kan vi gj\u00f8re det brukbart<\/a>&nbsp;&nbsp;Helgelendingen<\/li>\n<li><a href=\"https:\/\/news.google.com\/rss\/articles\/CBMivAFBVV95cUxPTTJrU1J3R1NzTUI1ZmI2MzJ0UEF5amRLR3NCZXlmT25Ba19BWjhTYXlCa0xUcTdXRy1aOGVuNUtJLUdEc0RzbWNlbHI1NXlHbjRoYmJLZHA1U3kxWUg0MDNCOHByU2pHSWhLa2tZVmRYSUJRbmRRY1djUDJ0RzA0b0pHSUItYS0tS3RFYmVCWmpIUWpyNWEwN09Ic2hEeTdRUUFhbkJsaG9mOFIzWEVuekQ5aWFvZ2FNa3lpOA?oc=5\" target=\"_blank\" rel=\"nofollow noopener\">Ski-NM, Aasguten | B\u00f8rster st\u00f8vet av gullaget: Guro (20) reiser heim fra Kristiansand for \u00e5 bidra i NM<\/a>&nbsp;&nbsp;Frostingen<\/li>\n<li><a href=\"https:\/\/news.google.com\/rss\/articles\/CBMilwFBVV95cUxOVHJRTjdSUTNjR19NUHlXdUwxZ1hlN2xtQ19iQXBHemRUSThfNjViRXFkeWhNQVYzb2oxRkt2LUdqT3ByMXduQXAyeE15cUdUdlNPVWQtNDltcXJlMlp2aF81amZiaTdxQWg3bEtNNjlFR0Z3QXFsdGlCMGp0b1JUd0UxS0VOUnRiQkJqNnZ3QUVuTmQ4c1Nr?oc=5\" target=\"_blank\" rel=\"nofollow noopener\">N\u00e5 skal hun og fem andre skrive historie<\/a>&nbsp;&nbsp;innherred.no<\/li>\n<\/ol>\n","protected":false},"excerpt":{"rendered":"39 \u00e5r siden sist: \u2013 Vi er f\u00f8rst og fremst med for \u00e5 l\u00e6re&nbsp;&nbsp;bladet.no Sport, Langrenn | Stor&hellip;\n","protected":false},"author":2,"featured_media":139521,"comment_status":"","ping_status":"","sticky":false,"template":"","format":"standard","meta":{"footnotes":""},"categories":[59],"tags":[30,28,29,83,82],"class_list":{"0":"post-139520","1":"post","2":"type-post","3":"status-publish","4":"format-standard","5":"has-post-thumbnail","7":"category-sport","8":"tag-no","9":"tag-norge","10":"tag-norway","11":"tag-sport","12":"tag-sports"},"share_on_mastodon":{"url":"https:\/\/pubeurope.com\/@no\/115906739194127283","error":""},"_links":{"self":[{"href":"https:\/\/www.europesays.com\/no\/wp-json\/wp\/v2\/posts\/139520","targetHints":{"allow":["GET"]}}],"collection":[{"href":"https:\/\/www.europesays.com\/no\/wp-json\/wp\/v2\/posts"}],"about":[{"href":"https:\/\/www.europesays.com\/no\/wp-json\/wp\/v2\/types\/post"}],"author":[{"embeddable":true,"href":"https:\/\/www.europesays.com\/no\/wp-json\/wp\/v2\/users\/2"}],"replies":[{"embeddable":true,"href":"https:\/\/www.europesays.com\/no\/wp-json\/wp\/v2\/comments?post=139520"}],"version-history":[{"count":0,"href":"https:\/\/www.europesays.com\/no\/wp-json\/wp\/v2\/posts\/139520\/revisions"}],"wp:featuredmedia":[{"embeddable":true,"href":"https:\/\/www.europesays.com\/no\/wp-json\/wp\/v2\/media\/139521"}],"wp:attachment":[{"href":"https:\/\/www.europesays.com\/no\/wp-json\/wp\/v2\/media?parent=139520"}],"wp:term":[{"taxonomy":"category","embeddable":true,"href":"https:\/\/www.europesays.com\/no\/wp-json\/wp\/v2\/categories?post=139520"},{"taxonomy":"post_tag","embeddable":true,"href":"https:\/\/www.europesays.com\/no\/wp-json\/wp\/v2\/tags?post=139520"}],"curies":[{"name":"wp","href":"https:\/\/api.w.org\/{rel}","templated":true}]}}