{"id":139572,"date":"2026-01-16T21:38:08","date_gmt":"2026-01-16T21:38:08","guid":{"rendered":"https:\/\/www.europesays.com\/no\/139572\/"},"modified":"2026-01-16T21:38:08","modified_gmt":"2026-01-16T21:38:08","slug":"magnus-gruer-forhold-bekrefter-forhold-tok-sjansen","status":"publish","type":"post","link":"https:\/\/www.europesays.com\/no\/139572\/","title":{"rendered":"Magnus Gruer, Forhold | Bekrefter forhold: \u2013 Tok sjansen"},"content":{"rendered":"\n<p>P\u00e5 egen Instagram-profil deler Gruer at han er i et forhold med Hanne Mathea Friis (25).<\/p>\n<p>\u2013 Bekrefter ryktene, skriver han i en Instagram-video fredag.<\/p>\n<p>\u2013 Gruern tok sjansen. Scoring, skriver han videre.<\/p>\n<p>Mens h\u00f8nefossingen er kjent fra programmer som Love Island og Kompani Lauritzen, har Hanne Mathea Friis tidligere deltatt p\u00e5 Farmen i 2022.<\/p>\n<p>   <img decoding=\"async\" width=\"8192\" height=\"5464\" fetchpriority=\"low\"  loading=\"lazy\"  src=\"https:\/\/www.europesays.com\/no\/wp-content\/uploads\/2026\/01\/NTB_6Wfd-qxA8AM_1.jpg\" alt=\"Farmen, sesong 18. P\u00e5 TV 2 og TV 2 Play h\u00f8sten 2022.&#10;&#10;Deltaker Hanne Mathea Friis.&#10;&#10;Bildet kan kun brukes av media i forbindelse med omtale av TV 2 eller TV 2s programmer. &#10;&#10;Foto: Anton Soggiu\/Strix Televisjon\/TV 2\" class=\"brick-c-cFOWSL\" style=\"--brick-image-ratio: 8192 \/ 5464;\"\/><\/p>\n<p>      FARMEN-DELTAKER: Hanne Mathea Friis deltok p\u00e5 Farmen i 2022.<\/p>\n<p>Foto: Anton Soggiu\/Strix Televisjon\/TV 2<br \/>\n      Foto: Anton Soggiu\n    <\/p>\n<p>Til <a href=\"https:\/\/www.vg.no\/rampelys\/i\/q6Axxw\/nytt-kjendis-par\" rel=\"Follow nofollow noopener\" target=\"_blank\">VG<\/a> forteller Gruer at videoen er filmet under nytt\u00e5rsfeiring i H\u00f8nefoss. Paret m\u00f8ttes i fjor h\u00f8st.<\/p>\n<p>\u2013 Det klaffet noe voldsomt. Vi har v\u00e6rt sammen hver dag siden september, sier han til avisen.<\/p>\n<p>   <img decoding=\"async\" width=\"4320\" height=\"3448\" fetchpriority=\"low\"  loading=\"lazy\"  src=\"https:\/\/www.europesays.com\/no\/wp-content\/uploads\/2026\/01\/Screenshot_20260116_204008_Instagram.jpg\" alt=\"\" class=\"brick-c-cFOWSL\" style=\"--brick-image-ratio: 4320 \/ 3448;\"\/><\/p>\n<p>      DELTE NYHETEN: Magnus Gruer delte nyheten p\u00e5 egen Instagram fredag.<br \/>\n      Foto: Skjermdump Instagram\n    <\/p>\n","protected":false},"excerpt":{"rendered":"P\u00e5 egen Instagram-profil deler Gruer at han er i et forhold med Hanne Mathea Friis (25). \u2013 Bekrefter&hellip;\n","protected":false},"author":2,"featured_media":139573,"comment_status":"","ping_status":"","sticky":false,"template":"","format":"standard","meta":{"footnotes":""},"categories":[12],"tags":[36,20,21,24,25,10092,15,479,22,23,15846,13,30,28,29,14,16,2587,1510,26,27,42,43,44,45],"class_list":{"0":"post-139572","1":"post","2":"type-post","3":"status-publish","4":"format-standard","5":"has-post-thumbnail","7":"category-verden","8":"tag-art","9":"tag-breaking-news","10":"tag-breakingnews","11":"tag-featured-news","12":"tag-featurednews","13":"tag-forhold","14":"tag-headlines","15":"tag-kjendis","16":"tag-latest-news","17":"tag-latestnews","18":"tag-magnus-gruer","19":"tag-news","20":"tag-no","21":"tag-norge","22":"tag-norway","23":"tag-nyheter","24":"tag-overskrifter","25":"tag-reality","26":"tag-story","27":"tag-top-stories","28":"tag-topstories","29":"tag-verden","30":"tag-world","31":"tag-world-news","32":"tag-worldnews"},"share_on_mastodon":{"url":"https:\/\/pubeurope.com\/@no\/115906943629224199","error":""},"_links":{"self":[{"href":"https:\/\/www.europesays.com\/no\/wp-json\/wp\/v2\/posts\/139572","targetHints":{"allow":["GET"]}}],"collection":[{"href":"https:\/\/www.europesays.com\/no\/wp-json\/wp\/v2\/posts"}],"about":[{"href":"https:\/\/www.europesays.com\/no\/wp-json\/wp\/v2\/types\/post"}],"author":[{"embeddable":true,"href":"https:\/\/www.europesays.com\/no\/wp-json\/wp\/v2\/users\/2"}],"replies":[{"embeddable":true,"href":"https:\/\/www.europesays.com\/no\/wp-json\/wp\/v2\/comments?post=139572"}],"version-history":[{"count":0,"href":"https:\/\/www.europesays.com\/no\/wp-json\/wp\/v2\/posts\/139572\/revisions"}],"wp:featuredmedia":[{"embeddable":true,"href":"https:\/\/www.europesays.com\/no\/wp-json\/wp\/v2\/media\/139573"}],"wp:attachment":[{"href":"https:\/\/www.europesays.com\/no\/wp-json\/wp\/v2\/media?parent=139572"}],"wp:term":[{"taxonomy":"category","embeddable":true,"href":"https:\/\/www.europesays.com\/no\/wp-json\/wp\/v2\/categories?post=139572"},{"taxonomy":"post_tag","embeddable":true,"href":"https:\/\/www.europesays.com\/no\/wp-json\/wp\/v2\/tags?post=139572"}],"curies":[{"name":"wp","href":"https:\/\/api.w.org\/{rel}","templated":true}]}}