{"id":13959,"date":"2025-08-21T07:58:28","date_gmt":"2025-08-21T07:58:28","guid":{"rendered":"https:\/\/www.europesays.com\/no\/13959\/"},"modified":"2025-08-21T07:58:28","modified_gmt":"2025-08-21T07:58:28","slug":"niilo-halonen-er-dod-arne-scheie-er-i-sorg","status":"publish","type":"post","link":"https:\/\/www.europesays.com\/no\/13959\/","title":{"rendered":"Niilo Halonen er d\u00f8d. Arne Scheie er i sorg."},"content":{"rendered":"<p>  En av verdens beste kvinnelige skihoppere legger opp, bare 23 \u00e5r gammel. &#8211; Sjokk, melder storavis.<\/p>\n<p>\n    FERDIG: Marita Kramer skal ikke lenger hoppe p\u00e5 ski. Foto: Instagram\n  <\/p>\n<p>Marita Kramer (23) fra \u00d8sterrike er ferdig som skihopper. Det skjer \u00e5tte \u00e5r etter at hun debuterte i verdenscupen i Hinzenbach.<\/p>\n<p class=\"font-weight-bold m-font-weight-bold\" data-lab-font_weight=\"font-weight-bold\">&#8211; Noen av dere har sannsynligvis lagt merke til at jeg har v\u00e6rt mye stillere her i det siste, skriver hun p\u00e5<a href=\"https:\/\/www.instagram.com\/saramarita_kramer\/\" rel=\"nofollow noopener\" target=\"_blank\"> Instagram<\/a>.<\/p>\n<p>&#8211; Sannheten er at jeg har slitt. Jeg har slitt med \u00e5 f\u00f8le meg knyttet til det livet jeg har levd i s\u00e5 mange \u00e5r. Jeg har slitt med \u00e5 finne gleden, gnisten og meningen med alt dette, forteller hun.<\/p>\n<p>          <img loading=\"lazy\" decoding=\"async\" src=\"https:\/\/www.europesays.com\/no\/wp-content\/uploads\/2025\/08\/1755763105_325_83483967.webp\" width=\"686\" height=\"460\" title=\"BLANT DE BESTE: Marita Kramer har st\u00e5tt p\u00e5 toppen av pallen mange gangerr. Hun har ogs\u00e5 vunnet verdenscupen sammenlagt. Foto: NTB\" alt=\"\" class=\"\" style=\"--aspect-ratio-image: 1.49; \"\/><\/p>\n<p>\n          BLANT DE BESTE: Marita Kramer har st\u00e5tt p\u00e5 toppen av pallen mange gangerr. Hun har ogs\u00e5 vunnet verdenscupen sammenlagt. Foto: NTB\n      <\/p>\n<p>Psykiske utfordringer og manglende motivasjon gj\u00f8r at hun legger opp. Kramer har vunnet 15 verdenscuprenn og har VM-gull for lag fra 2021. I 2022 gikk hun til topps i verdenscupen sammenlagt.<\/p>\n<p>I en periode var hun helt uovervinnelige. Men forrige sesong pekte pilene nedover. Hun endte p\u00e5 40. plass i verdenscupen. Og n\u00e5 detoneres en vill bombe:<\/p>\n<p>Karrieren er over.<\/p>\n<p>          <img loading=\"lazy\" decoding=\"async\" src=\"https:\/\/www.europesays.com\/no\/wp-content\/uploads\/2025\/08\/1755763105_107_83483969.webp\" width=\"686\" height=\"440\" title=\"PROFIL: Marita Kramer har v\u00e6rt en stor profil blant de kvinnelige hopperne. N\u00e5 forsvinner hun. Foto: NTB\" alt=\"\" class=\"\" style=\"--aspect-ratio-image: 1.56; \"\/><\/p>\n<p>\n          PROFIL: Marita Kramer har v\u00e6rt en stor profil blant de kvinnelige hopperne. N\u00e5 forsvinner hun. Foto: NTB\n      <\/p>\n<p>&#8211; V\u00e6r stolt av det du har oppn\u00e5dd. Kos deg med det neste kapittelet i livet, skriver Maren Lundby i en respons p\u00e5 Instagram.<\/p>\n<p>          <img loading=\"lazy\" decoding=\"async\" src=\"https:\/\/www.europesays.com\/no\/wp-content\/uploads\/2025\/08\/1755763106_668_83483973.webp\" width=\"686\" height=\"412\" title=\"TOPP TRE: Maren Lundby (t.v.) og Marita Kramer sto sammen p\u00e5 pallen i Sapporo i Japan i 2020. Kramer vant og Lundby ble nummer to. Eva Pinkelnig kom p\u00e5 tredjeplass. Foto: NTB\" alt=\"\" class=\"\" style=\"--aspect-ratio-image: 1.67; \"\/><\/p>\n<p>\n          TOPP TRE: Maren Lundby (t.v.) og Marita Kramer sto sammen p\u00e5 pallen i Sapporo i Japan i 2020. Kramer vant og Lundby ble nummer to. Eva Pinkelnig kom p\u00e5 tredjeplass. Foto: NTB\n      <\/p>\n<p>Lundby har ikke besvart Dagbladets henvendelse.\u00a0<\/p>\n<p>Da den norske jenta vant VM-gull i stor bakke i Oberstdorf i 2021, ble Kramer nummer fire.\u00a0<\/p>\n<p class=\"font-weight-bold m-font-weight-bold\" data-lab-font_weight=\"font-weight-bold\">I 2022 var m\u00e5let \u00e5 vinne OL-gull i Beijing. Men Kramer fikk korona og m\u00e5tte st\u00e5 over. P\u00e5 dette tidspunktet ledet hun verdenscupen.<\/p>\n<p>&#8211; Dette traff meg hardere enn forventet, skriver hun p\u00e5 Instagram. M\u00e5let var \u00e5 revansjere seg i Milano-OL til vinteren. Men mindre et halvt \u00e5r f\u00f8r det braker l\u00f8s, kaster Kramer inn h\u00e5ndkleet for godt.\u00a0<\/p>\n<p>        Arne Scheie mener dette er et av de verste fallene en nordmann har opplevd. Video: Nyl\u00f8kken Helseth\/S\u00f8r\u00f8 Olsen\/Dagbladet TV-sporten<\/p>\n<p> Det er over.\u00a0<\/p>\n<p>&#8211; Plutselig f\u00f8ltes det tomt. Jeg trodde jeg inspirerte folk ved \u00e5 presse meg, ved aldri \u00e5 gi opp. Men virkeligheten er at jeg ikke har v\u00e6rt \u00e6rlig mot meg selv, sier hun.<\/p>\n<p>&#8211; Det er ikke slik jeg ville at denne historien skulle ende. Men hva er en medalje verdt uten glede? Og selv om denne slutten gj\u00f8r vondt, er jeg stolt. Jeg er stolt over at jeg endelig er modig nok til \u00e5 akseptere det, til \u00e5 lytte til kroppen og hjertet mitt.<\/p>\n<p>          <img loading=\"lazy\" decoding=\"async\" src=\"https:\/\/www.europesays.com\/no\/wp-content\/uploads\/2025\/08\/1755763107_241_83483979.webp\" width=\"686\" height=\"817\" title=\"RYSTELSER: Nyheten skaper overskrifter i \u00d8sterrike. - Sensasjon, skriver Oe24.\" alt=\"\" class=\"\" style=\"--aspect-ratio-image: 0.84; \"\/><\/p>\n<p>\n          RYSTELSER: Nyheten skaper overskrifter i \u00d8sterrike. &#8211; Sensasjon, skriver Oe24.\n      <\/p>\n<p>Nyheten har spredt seg som ild i t\u00f8rt gress de siste timene.<\/p>\n<p>&#8211; Nytt sjokk blant \u00f8sterrikske skihoppere. Marita Kramer offentliggj\u00f8r at hun er ferdig med karrieren i en alder av 23 \u00e5r, skriver storavisa\u00a0<a href=\"https:\/\/www.oe24.at\/sport\/wintersport\/ski-nordisch\/skispringen\/paukenschlag-super-adlerin-kramer-beendet-karriere-mit-23-jahren\/645255401\" rel=\"nofollow noopener\" target=\"_blank\">Oe24<\/a>.\u00a0<\/p>\n<p>    <a itemprop=\"url\" href=\"https:\/\/www.dagbladet.no\/sport\/ja-vi-er-kjaerester\/83375673\" rel=\"nofollow noopener\" target=\"_blank\"><\/p>\n<p>      <img loading=\"lazy\" decoding=\"async\" src=\"https:\/\/www.europesays.com\/no\/wp-content\/uploads\/2025\/08\/1755763108_862_83375688.webp\" width=\"980\" height=\"441\" title=\"- Ja, vi er kj\u00e6rester\" alt=\"\" class=\"lazyload\" style=\"--aspect-ratio-image: 2.22; \"\/><\/p>\n<p>        &#8211; Ja, vi er kj\u00e6rester<\/p>\n<p>    <\/a><\/p>\n<p>I vinter la herreprofilen Michael Hayb\u00f6ck (33) opp. Om Kramer skriver\u00a0nettavisa <a href=\"https:\/\/www.ski-nordique.net\/la-gagnante-de-la-coupe-du-monde-prend-sa-retraite-a-seulement-23-ans.6726703-72348.html\" rel=\"nofollow noopener\" target=\"_blank\">Ski-Nordique<\/a>:<\/p>\n<p>&#8211; Den verdensber\u00f8mte skihopperen overrasker alle med en sjokkerende og helt uventet avgj\u00f8relse.<\/p>\n<p>        Det er ikke hvem som helst Bernt Hulsker m\u00f8tte p\u00e5 Ullevaal stadion.<\/p>\n<p class=\"font-weight-normal m-font-weight-normal\" data-lab-font_weight=\"font-weight-normal\">Den kanadiske skihopperen Abigail Strate (24) tar nyheten blytungt:<\/p>\n<p class=\"font-weight-bold m-font-weight-bold\" data-lab-font_weight=\"font-weight-bold\">&#8211; Dette f\u00e5r meg til \u00e5 gr\u00e5te. Stolt av deg. Din solstr\u00e5le, sier hun.<\/p>\n<p>OL starter 6. februar.<\/p>\n<p><script async src=\"\/\/www.instagram.com\/embed.js\"><\/script><\/p>\n","protected":false},"excerpt":{"rendered":"En av verdens beste kvinnelige skihoppere legger opp, bare 23 \u00e5r gammel. &#8211; Sjokk, melder storavis. FERDIG: Marita&hellip;\n","protected":false},"author":2,"featured_media":13960,"comment_status":"","ping_status":"","sticky":false,"template":"","format":"standard","meta":{"footnotes":""},"categories":[59],"tags":[2733,770,30,28,29,83,82],"class_list":{"0":"post-13959","1":"post","2":"type-post","3":"status-publish","4":"format-standard","5":"has-post-thumbnail","7":"category-sport","8":"tag-arne-scheie","9":"tag-hopp","10":"tag-no","11":"tag-norge","12":"tag-norway","13":"tag-sport","14":"tag-sports"},"share_on_mastodon":{"url":"","error":""},"_links":{"self":[{"href":"https:\/\/www.europesays.com\/no\/wp-json\/wp\/v2\/posts\/13959","targetHints":{"allow":["GET"]}}],"collection":[{"href":"https:\/\/www.europesays.com\/no\/wp-json\/wp\/v2\/posts"}],"about":[{"href":"https:\/\/www.europesays.com\/no\/wp-json\/wp\/v2\/types\/post"}],"author":[{"embeddable":true,"href":"https:\/\/www.europesays.com\/no\/wp-json\/wp\/v2\/users\/2"}],"replies":[{"embeddable":true,"href":"https:\/\/www.europesays.com\/no\/wp-json\/wp\/v2\/comments?post=13959"}],"version-history":[{"count":0,"href":"https:\/\/www.europesays.com\/no\/wp-json\/wp\/v2\/posts\/13959\/revisions"}],"wp:featuredmedia":[{"embeddable":true,"href":"https:\/\/www.europesays.com\/no\/wp-json\/wp\/v2\/media\/13960"}],"wp:attachment":[{"href":"https:\/\/www.europesays.com\/no\/wp-json\/wp\/v2\/media?parent=13959"}],"wp:term":[{"taxonomy":"category","embeddable":true,"href":"https:\/\/www.europesays.com\/no\/wp-json\/wp\/v2\/categories?post=13959"},{"taxonomy":"post_tag","embeddable":true,"href":"https:\/\/www.europesays.com\/no\/wp-json\/wp\/v2\/tags?post=13959"}],"curies":[{"name":"wp","href":"https:\/\/api.w.org\/{rel}","templated":true}]}}