{"id":13961,"date":"2025-08-21T07:59:35","date_gmt":"2025-08-21T07:59:35","guid":{"rendered":"https:\/\/www.europesays.com\/no\/13961\/"},"modified":"2025-08-21T07:59:35","modified_gmt":"2025-08-21T07:59:35","slug":"strommet-til","status":"publish","type":"post","link":"https:\/\/www.europesays.com\/no\/13961\/","title":{"rendered":"Str\u00f8mmet til"},"content":{"rendered":"<p class=\"kicker \" style=\"\">Erna Solberg-film:<\/p>\n<p>  Det var duket for premiere av satirefilmen \u00abIngen Kommentar\u00bb.<\/p>\n<p>\n    Pia Tjelta og datter Sofia Tjelta. Foto: Andreas Fadum \/ Se og H\u00f8r\n  <\/p>\n<p>COLOSSEUM (Se og H\u00f8r): Kjendisene str\u00f8mmet til premieren for den mye omtalte filmen \u00abIngen Kommentar\u00bb.<\/p>\n<p>Satirefilmen er inspirert aksjehandelen til Erna Solbergs ektemann Sindre Finnes. Den ble vist for f\u00f8rste gang p\u00e5 Arendalsuka tidligere denne m\u00e5neden.<\/p>\n<p>Blant dem som hadde tatt turen var TV-profil <a href=\"https:\/\/www.seher.no\/kjendis\/viser-det-nye-livet\/80021275\" target=\"_blank\" rel=\"nofollow noopener\">Gaute Gr\u00f8tta Grav (46) og datteren Tiril.<\/a>\u00a0 46-\u00e5ringen kunne fortelle til Se og H\u00f8r at han gledet seg til premiere.<\/p>\n<p>&#8211; Det burde v\u00e6rt mer politisk satire i Norge. N\u00e5r man er en offentlig person og har s\u00e5 mye ansvar s\u00e5 m\u00e5 man t\u00e5le \u00e5 bli tullet med. Dette er en fin m\u00e5te \u00e5 gj\u00f8re det p\u00e5.<\/p>\n<p>          <img loading=\"lazy\" decoding=\"async\" src=\"https:\/\/www.europesays.com\/no\/wp-content\/uploads\/2025\/08\/83478502.webp\" width=\"686\" height=\"392\" title=\"Gaute Gr\u00f8tta Grav og datteren. Foto: Andreas Fadum \/ Se og H\u00f8r\" alt=\"\" class=\"\" style=\"--aspect-ratio-image: 1.75; \"\/><\/p>\n<p>\n          Gaute Gr\u00f8tta Grav og datteren. Foto: Andreas Fadum \/ Se og H\u00f8r\n      <\/p>\n<p>Gr\u00f8tta Grav er selv politisk engasjert, og er dermed spent p\u00e5 det kommende valget.<\/p>\n<p>&#8211; Jeg har ikke tatt valgomat. Jeg vet hva jeg skal stemme. Problemet mitt er at H\u00f8yre er s\u00e5 d\u00e5rlig p\u00e5 naturvern og vindkraft. Derfor er det ikke sikkert at det blir H\u00f8yre p\u00e5 meg, selv om jeg er medlem av partiet.\u00a0<\/p>\n<p>    <a itemprop=\"url\" href=\"https:\/\/www.seher.no\/kjendis\/livet-gar-ikke-alltid-som-planlagt\/83477457\" rel=\"nofollow noopener\" target=\"_blank\"><\/p>\n<p>      <img loading=\"lazy\" decoding=\"async\" src=\"https:\/\/www.europesays.com\/no\/wp-content\/uploads\/2025\/08\/1755763171_880_83477491.webp\" width=\"147\" height=\"98\" title=\"- Livet g\u00e5r ikke alltid som planlagt\" alt=\"\" class=\"lazyload\" style=\"--aspect-ratio-image: 1.50; \"\/><\/p>\n<p>        &#8211; Livet g\u00e5r ikke alltid som planlagt<\/p>\n<p>    <\/a><\/p>\n<p>Tidligere Frp-politiker\u00a0Per Sandberg\u00a0(65) er imidlertid mer skeptisk til filmen, og sp\u00e5r det han beskriver som\u00a0\u00abet surr av trakassering og mobbing\u00bb.<\/p>\n<p>&#8211; De som st\u00e5r bak har nok en politisk agenda. Det er s\u00e5 stygt, men det er typisk Norge. Jeg tror at de bommer her. Den norske folkesjela er tydelig p\u00e5 at nok er nok. Det tror jeg at det norske folk og velgerne tenker her.<\/p>\n<p>          <img loading=\"lazy\" decoding=\"async\" src=\"https:\/\/www.europesays.com\/no\/wp-content\/uploads\/2025\/08\/1755763171_482_83478605.webp\" width=\"686\" height=\"392\" title=\"Per Sandberg. Foto: Andreas Fadum \/ Se og H\u00f8r\" alt=\"\" class=\"\" style=\"--aspect-ratio-image: 1.75; \"\/><\/p>\n<p>\n          Per Sandberg. Foto: Andreas Fadum \/ Se og H\u00f8r\n      <\/p>\n<p>Heldigvis har Sandberg andre grunner til \u00e5 smile om dagen. Tidligere i sommer ble det kjent at han hadde f\u00e5tt seg kj\u00e6reste.<\/p>\n<p>&#8211; Lucky, ja! Alle i Asia har kallenavn. Det g\u00e5r helt fantastisk med oss. Jeg har det kjempekoselig i Asia.<\/p>\n<p class=\"italic m-italic\" data-lab-italic=\"italic\">Se bilder av gjestene her:<\/p>\n<p>          <img loading=\"lazy\" decoding=\"async\" src=\"https:\/\/www.europesays.com\/no\/wp-content\/uploads\/2025\/08\/83478592.webp\" width=\"686\" height=\"515\" title=\"Henriette Steenstrup. Foto: Andreas Fadum \/ Se og H\u00f8r\" alt=\"\" class=\"\" style=\"--aspect-ratio-image: 1.33; \"\/><\/p>\n<p>\n          Henriette Steenstrup. Foto: Andreas Fadum \/ Se og H\u00f8r\n      <\/p>\n<p>          <img loading=\"lazy\" decoding=\"async\" src=\"https:\/\/www.europesays.com\/no\/wp-content\/uploads\/2025\/08\/83478582.webp\" width=\"686\" height=\"529\" title=\"Oddgeir Thune. Foto: Andreas Fadum \/ Se og H\u00f8r\" alt=\"\" class=\"\" style=\"--aspect-ratio-image: 1.30; \"\/><\/p>\n<p>\n          Oddgeir Thune. Foto: Andreas Fadum \/ Se og H\u00f8r\n      <\/p>\n<p>          <img loading=\"lazy\" decoding=\"async\" src=\"https:\/\/www.europesays.com\/no\/wp-content\/uploads\/2025\/08\/83478575.webp\" width=\"686\" height=\"392\" title=\"Lubna Jaffrey. Foto: Andreas Fadum \/ Se og H\u00f8r\" alt=\"\" class=\"\" style=\"--aspect-ratio-image: 1.75; \"\/><\/p>\n<p>\n          Lubna Jaffrey. Foto: Andreas Fadum \/ Se og H\u00f8r\n      <\/p>\n<p>          <img loading=\"lazy\" decoding=\"async\" src=\"https:\/\/www.europesays.com\/no\/wp-content\/uploads\/2025\/08\/83478566.webp\" width=\"686\" height=\"392\" title=\"Sigrid Bonde Tusvik. Foto: Andreas Fadum \/ Se og H\u00f8r\" alt=\"\" class=\"\" style=\"--aspect-ratio-image: 1.75; \"\/><\/p>\n<p>\n          Sigrid Bonde Tusvik. Foto: Andreas Fadum \/ Se og H\u00f8r\n      <\/p>\n<p>          <img loading=\"lazy\" decoding=\"async\" src=\"https:\/\/www.europesays.com\/no\/wp-content\/uploads\/2025\/08\/83478560.webp\" width=\"686\" height=\"392\" title=\"Anders Baasmo Christiansen og Laila Goody. Foto: Andreas Fadum \/ Se og H\u00f8r\" alt=\"\" class=\"\" style=\"--aspect-ratio-image: 1.75; \"\/><\/p>\n<p>\n          Anders Baasmo Christiansen og Laila Goody. Foto: Andreas Fadum \/ Se og H\u00f8r\n      <\/p>\n<p>          <img loading=\"lazy\" decoding=\"async\" src=\"https:\/\/www.europesays.com\/no\/wp-content\/uploads\/2025\/08\/83478493.webp\" width=\"686\" height=\"392\" title=\"Linni Meister og Lilli Bendriss. Foto: Andreas Fadum \/ Se og H\u00f8r\" alt=\"\" class=\"\" style=\"--aspect-ratio-image: 1.75; \"\/><\/p>\n<p>\n          Linni Meister og Lilli Bendriss. Foto: Andreas Fadum \/ Se og H\u00f8r\n      <\/p>\n<p>          <img loading=\"lazy\" decoding=\"async\" src=\"https:\/\/www.europesays.com\/no\/wp-content\/uploads\/2025\/08\/83478408.webp\" width=\"686\" height=\"508\" title=\"Hege Sch\u00f8yen. Foto: Andreas Fadum \/ Se og H\u00f8r\" alt=\"\" class=\"\" style=\"--aspect-ratio-image: 1.35; \"\/><\/p>\n<p>\n          Hege Sch\u00f8yen. Foto: Andreas Fadum \/ Se og H\u00f8r\n      <\/p>\n","protected":false},"excerpt":{"rendered":"Erna Solberg-film: Det var duket for premiere av satirefilmen \u00abIngen Kommentar\u00bb. Pia Tjelta og datter Sofia Tjelta. Foto:&hellip;\n","protected":false},"author":2,"featured_media":13962,"comment_status":"","ping_status":"","sticky":false,"template":"","format":"standard","meta":{"footnotes":""},"categories":[58],"tags":[71,479,2543,30,28,29,72],"class_list":{"0":"post-13961","1":"post","2":"type-post","3":"status-publish","4":"format-standard","5":"has-post-thumbnail","7":"category-underholdning","8":"tag-entertainment","9":"tag-kjendis","10":"tag-kjendisdesken","11":"tag-no","12":"tag-norge","13":"tag-norway","14":"tag-underholdning"},"share_on_mastodon":{"url":"","error":""},"_links":{"self":[{"href":"https:\/\/www.europesays.com\/no\/wp-json\/wp\/v2\/posts\/13961","targetHints":{"allow":["GET"]}}],"collection":[{"href":"https:\/\/www.europesays.com\/no\/wp-json\/wp\/v2\/posts"}],"about":[{"href":"https:\/\/www.europesays.com\/no\/wp-json\/wp\/v2\/types\/post"}],"author":[{"embeddable":true,"href":"https:\/\/www.europesays.com\/no\/wp-json\/wp\/v2\/users\/2"}],"replies":[{"embeddable":true,"href":"https:\/\/www.europesays.com\/no\/wp-json\/wp\/v2\/comments?post=13961"}],"version-history":[{"count":0,"href":"https:\/\/www.europesays.com\/no\/wp-json\/wp\/v2\/posts\/13961\/revisions"}],"wp:featuredmedia":[{"embeddable":true,"href":"https:\/\/www.europesays.com\/no\/wp-json\/wp\/v2\/media\/13962"}],"wp:attachment":[{"href":"https:\/\/www.europesays.com\/no\/wp-json\/wp\/v2\/media?parent=13961"}],"wp:term":[{"taxonomy":"category","embeddable":true,"href":"https:\/\/www.europesays.com\/no\/wp-json\/wp\/v2\/categories?post=13961"},{"taxonomy":"post_tag","embeddable":true,"href":"https:\/\/www.europesays.com\/no\/wp-json\/wp\/v2\/tags?post=13961"}],"curies":[{"name":"wp","href":"https:\/\/api.w.org\/{rel}","templated":true}]}}