{"id":139615,"date":"2026-01-16T22:44:10","date_gmt":"2026-01-16T22:44:10","guid":{"rendered":"https:\/\/www.europesays.com\/no\/139615\/"},"modified":"2026-01-16T22:44:10","modified_gmt":"2026-01-16T22:44:10","slug":"skoler-i-kyiv-holder-stengt-til-februar-nrk-urix-utenriksnyheter-og-dokumentarer","status":"publish","type":"post","link":"https:\/\/www.europesays.com\/no\/139615\/","title":{"rendered":"Skoler i Kyiv holder stengt til februar \u2013 NRK Urix \u2013 Utenriksnyheter og -dokumentarer"},"content":{"rendered":"<p>Det ukrainske utdanningsdepartementet har bestemt at skolene i Ukrainas hovedstad skal holdes stengt frem til 1. februar av hensyn til \u00abbarnas sikkerhet\u00bb.<\/p>\n<p>Russiske angrep har nemlig etterlatt tusenvis av ukrainere uten str\u00f8m og varme i tosifrede kuldegrader. Aggregatene g\u00e5r for fullt, men m\u00e5 prioritere viktig infrastruktur som sykehus, skriver Reuters.<\/p>\n<p><strong>\u2013 Landet er i en vanskelig situasjon p\u00e5 grunn av russiske bomber og den kaldeste vinteren p\u00e5 20 \u00e5r, skriver Ukrainas statsminister Julija Svyrydenko p\u00e5 <a href=\"https:\/\/t.me\/svyrydenkoy\/1393\" ec-id=\"https:\/\/t.me\/svyrydenkoy\/1393\" ec-name=\"Telegram\" rel=\"nofollow\">Telegram<\/a> fredag.<\/strong><\/p>\n<p>Angrep mot kraftproduksjon<\/p>\n<p>Gradestokken viste temperaturer nede i 20 minus de siste dagene. I vinterkulden har russerne fortsatt de enorme angrepene mot Ukrainas kraftanlegg.<\/p>\n<p>N\u00e5 er mange ukrainere uten str\u00f8m.<\/p>\n<p>Torsdag erkl\u00e6rte landet unntakstilstand i energisektoren etter bombingen av str\u00f8mlinjer.<\/p>\n<p>\u2013 Russiske angrep har som m\u00e5l \u00e5 knuse energisystemet v\u00e5rt og folket v\u00e5rt, skrev Ukrainas president Volodymyr Zelenskyj p\u00e5 <a href=\"https:\/\/x.com\/ZelenskyyUa\/status\/2011883193985880217?s=20\" ec-id=\"https:\/\/x.com\/ZelenskyyUa\/status\/2011883193985880217\" ec-name=\"X\" rel=\"nofollow\">X<\/a> torsdag.<\/p>\n<p>Tor Bukkvoll, sjefforsker ved Forsvarets forskningsinstitutt (FFI), mener at Putin bruker kulden til sin fordel:<\/p>\n<ul class=\"dhpg__gallery__list\">\n<li class=\"dhpg__gallery__listItem\"><img alt=\"Sjefsforsker ved Forsvarets forskningsinstitutt (FFI) Tor Bukkvoll\"  width=\"2400\" height=\"2400\" loading=\"lazy\"\/>Tor Bukkvoll\n<p>Sjeforsker ved Forsvarets forskningsinstitutt (FF)<\/p>\n<\/li>\n<\/ul>\n<p><strong>\u2013 Russland har som m\u00e5l om \u00e5 gj\u00f8re hverdagen for ukrainere s\u00e5 vanskelig som mulig i h\u00e5p om at de vender seg mot regimet, sier Bukkvoll til NRK.<\/strong><\/p>\n<p>Holder motet oppe<\/p>\n<p>Men Ukrainere mister ikke krigsviljen \u2013 snarere tvert om \u2013 mener Bukkvoll.<\/p>\n<p>77 prosent av ukrainere sier at de er i stand til \u00e5 fortsette krigen mot Russland, if\u00f8lge en unders\u00f8kelse gjennomf\u00f8rt i denne uka av <a href=\"https:\/\/kiis.com.ua\/?lang=ukr&amp;cat=reports&amp;id=1579&amp;page=1&amp;fbclid=IwY2xjawPW2m9leHRuA2FlbQIxMABicmlkETFFa00zcDIwOGs3QUNmODY3c3J0YwZhcHBfaWQQMjIyMDM5MTc4ODIwMDg5MgABHrdoSYpx8F3DQGxWm2rXQKukD4M5jIWxBQ19Y_d_mE0gNfm7Xo-wlDfZMMHx_aem_FM9xYvGmPF98XgZrxdPR_g\" ec-id=\"https:\/\/kiis.com.ua\/\" ec-name=\"Kyivs internasjonale institutt for sosiologi\" rel=\"nofollow noopener\" target=\"_blank\">Kyivs internasjonale institutt for sosiologi<\/a>.<\/p>\n<p><img decoding=\"async\"   src=\"data:image\/gif;base64,R0lGODlhAQABAIAAAAAAAP\/\/\/yH5BAEAAAAALAAAAAABAAEAAAIBRAA7\" loading=\"eager\" alt=\"Menn fisker i en frossen elv i Kyiv\" title=\"Foto: Thomas Peter \/ Reuters \/ NTB\"\/><\/p>\n<p class=\"\">Noen har tatt med seg fiskeutstyret til frossen elv i Kyiv, 11. januar <\/p>\n<p>Foto: Thomas Peter \/ Reuters \/ NTB<\/p>\n<p>Og samfunnet tilpasser seg.<\/p>\n<p>I 2026 er ukrainske barn og ungdommer inne i sitt fjerde skole\u00e5r preget av krig. If\u00f8lge <a href=\"https:\/\/news.un.org\/en\/story\/2025\/11\/1166459\" ec-id=\"https:\/\/news.un.org\/en\/story\/2025\/11\/1166459\" ec-name=\"FN\" rel=\"nofollow noopener\" target=\"_blank\">FN <\/a>slet 4,6 millioner ukrainske barn med redusert tilgang til skolegang i 2025.<\/p>\n<p>Blant annet har det blitt etablert stadig flere skoler under jorda, der de er trygge for angrep med russiske droner og missiler.<\/p>\n<p><img decoding=\"async\"   src=\"data:image\/gif;base64,R0lGODlhAQABAIAAAAAAAP\/\/\/yH5BAEAAAAALAAAAAABAAEAAAIBRAA7\" loading=\"eager\" alt=\"Barn p\u00e5 vei til skolen under bakken i Kharkiv \" title=\"Foto: OLEKSII FILIPPOV \/ AFP \/ NTB\"\/><\/p>\n<p class=\"\">Barn p\u00e5 vei til skolen i Kharkiv. Skolen ligger flere meter under bakken, 16. oktober 2025<\/p>\n<p>Foto: OLEKSII FILIPPOV \/ AFP \/ NTB<\/p>\n<p>\u2013 Skolen er en viktig arena for utvikling og det psykososiale for barn, forteller Ane Tvedt, regionsjef for Europa i R\u00f8de Kors.<\/p>\n<p>Hun forteller at ukrainske barn har g\u00e5tt p\u00e5 skole i undergrunnsstasjoner og tilfluktsrom i Ukraina.<\/p>\n<p>\u2013 De har v\u00e6rt flinke til \u00e5 holde skolene \u00e5pne til tross for krigen, sier FFI-forsker Tor Bukkvoll.<\/p>\n<p>Barn i krig<\/p>\n<p>Men det er ikke tvil om at mange barn lever under stadig mer krevende forhold.<\/p>\n<p>Nyf\u00f8dte og sm\u00e5barn er utsatt for kuldeskader og pustevansker p\u00e5 grunn av kulden, sa Munir Mammadzade, Unicefs Ukraina-representant, i en <a href=\"https:\/\/www.unicef.org\/press-releases\/under-fire-and-freezing-children-ukraine-endure-harshest-winter-war\" ec-id=\"https:\/\/www.unicef.org\/press-releases\/under-fire-and-freezing-children-ukraine-endure-harshest-winter-war\" ec-name=\"pressemelding\" rel=\"nofollow noopener\" target=\"_blank\">pressemelding<\/a> fredag.<\/p>\n<p>Det understreker ogs\u00e5 Ane Tvedt i R\u00f8de Kors:<\/p>\n<p>\u2013 Barn er ekstra s\u00e5rbare for kulde.<\/p>\n<p>Hun forteller at enkelte m\u00e5linger viser at rundt 200.000 mennesker er uten str\u00f8m i Kyiv og omr\u00e5dene rundt hovedstaden.<\/p>\n<p>\u2013 Jeg er \u00e5tte m\u00e5neder gravid, har et tre \u00e5r gammelt barn og en hund, men ingen str\u00f8m eller varme, fortalte Julija Tsjuman til Reuters p\u00e5 onsdag.<\/p>\n<p>32-\u00e5ringen kler datteren sin i en kjeledress mens hun forteller at hun likevel ikke har planer om \u00e5 forlate byen.<\/p>\n<p>\u2013 Jeg hadde p\u00e5 en m\u00e5te sett for meg at hvis jeg d\u00f8r i krigen, s\u00e5 vil jeg d\u00f8 lykkelig. Hvis ikke, l\u00e6rer jeg meg \u00e5 leve under forholdene skapt av krigen.<\/p>\n<p>Tsjuman sier at de russiske angrepene t\u00e6rer p\u00e5:<\/p>\n<p>\u2013 Det finnes ikke et perfekt tidspunkt \u00e5 f\u00e5 barn p\u00e5.<\/p>\n<p><img decoding=\"async\"   src=\"data:image\/gif;base64,R0lGODlhAQABAIAAAAAAAP\/\/\/yH5BAEAAAAALAAAAAABAAEAAAIBRAA7\" loading=\"eager\" alt=\"Liten jente i Ukraina varmer hendene p\u00e5 varmelement \" title=\"Foto: Reuters\"\/><\/p>\n<p class=\"\">Datter til Julija Tsjuman varmer hendene p\u00e5 varmeelement i leilighet i Kyiv, 15. september 2026<\/p>\n<p>Foto: Reuters<\/p>\n<p>Interessert i mer hva som skjer i verden?<\/p>\n<p>Publisert<\/p>\n<p>16.01.2026, kl. 21.38<\/p>\n<p>Oppdatert<\/p>\n<p>16.01.2026, kl. 21.46<\/p>\n","protected":false},"excerpt":{"rendered":"Det ukrainske utdanningsdepartementet har bestemt at skolene i Ukrainas hovedstad skal holdes stengt frem til 1. februar av&hellip;\n","protected":false},"author":2,"featured_media":139616,"comment_status":"","ping_status":"","sticky":false,"template":"","format":"standard","meta":{"footnotes":""},"categories":[12],"tags":[20,21,24,25,15,22,23,13,30,28,29,14,16,26,27,42,43,44,45],"class_list":{"0":"post-139615","1":"post","2":"type-post","3":"status-publish","4":"format-standard","5":"has-post-thumbnail","7":"category-verden","8":"tag-breaking-news","9":"tag-breakingnews","10":"tag-featured-news","11":"tag-featurednews","12":"tag-headlines","13":"tag-latest-news","14":"tag-latestnews","15":"tag-news","16":"tag-no","17":"tag-norge","18":"tag-norway","19":"tag-nyheter","20":"tag-overskrifter","21":"tag-top-stories","22":"tag-topstories","23":"tag-verden","24":"tag-world","25":"tag-world-news","26":"tag-worldnews"},"share_on_mastodon":{"url":"https:\/\/pubeurope.com\/@no\/115907203175899811","error":""},"_links":{"self":[{"href":"https:\/\/www.europesays.com\/no\/wp-json\/wp\/v2\/posts\/139615","targetHints":{"allow":["GET"]}}],"collection":[{"href":"https:\/\/www.europesays.com\/no\/wp-json\/wp\/v2\/posts"}],"about":[{"href":"https:\/\/www.europesays.com\/no\/wp-json\/wp\/v2\/types\/post"}],"author":[{"embeddable":true,"href":"https:\/\/www.europesays.com\/no\/wp-json\/wp\/v2\/users\/2"}],"replies":[{"embeddable":true,"href":"https:\/\/www.europesays.com\/no\/wp-json\/wp\/v2\/comments?post=139615"}],"version-history":[{"count":0,"href":"https:\/\/www.europesays.com\/no\/wp-json\/wp\/v2\/posts\/139615\/revisions"}],"wp:featuredmedia":[{"embeddable":true,"href":"https:\/\/www.europesays.com\/no\/wp-json\/wp\/v2\/media\/139616"}],"wp:attachment":[{"href":"https:\/\/www.europesays.com\/no\/wp-json\/wp\/v2\/media?parent=139615"}],"wp:term":[{"taxonomy":"category","embeddable":true,"href":"https:\/\/www.europesays.com\/no\/wp-json\/wp\/v2\/categories?post=139615"},{"taxonomy":"post_tag","embeddable":true,"href":"https:\/\/www.europesays.com\/no\/wp-json\/wp\/v2\/tags?post=139615"}],"curies":[{"name":"wp","href":"https:\/\/api.w.org\/{rel}","templated":true}]}}