{"id":139621,"date":"2026-01-16T22:52:01","date_gmt":"2026-01-16T22:52:01","guid":{"rendered":"https:\/\/www.europesays.com\/no\/139621\/"},"modified":"2026-01-16T22:52:01","modified_gmt":"2026-01-16T22:52:01","slug":"drepte-cubanske-soldater-sendt-hjem-fra-venezuela-2","status":"publish","type":"post","link":"https:\/\/www.europesays.com\/no\/139621\/","title":{"rendered":"Drepte cubanske soldater sendt hjem fra Venezuela"},"content":{"rendered":"<p>    Levningene av 32 cubanske politifolk og soldater som ble drept da USA tok Venezuelas president til fange, er kommet hjem til Cuba.<\/p>\n<p>\n        Levningene av 32 cubanske soldater som ble drept da USA tok Venezuelas president til fange, kom torsdag hjem til Cuba og ble gravlagt i en massebegravelse i hovedstaden Havanna.<br \/>\n        Ramon Espinosa \/ AP \/ NTB\n    <\/p>\n<p>Soldater marsjerte ut av flyet da urnene med levningene ble m\u00f8tt av s\u00f8rgemusikk fra milit\u00e6re trommer og trompeter i Havanna. Langs en av de mest kjente gatene i den cubanske hovedstaden hadde tusenvis m\u00f8tt opp for \u00e5 vise den siste \u00e6re. Senere defilerte titusener forbi urnene f\u00f8r en massebegravelse torsdag.<\/p>\n<p>Soldatene og politifolkene var sendt til Venezuela som en del av sikkerhetsstyrken som passet p\u00e5 vertslandets president Nicol\u00e1s Maduro. De ble drept i en amerikanske milit\u00e6raksjon der Maduro og kona ble tatt til fange og f\u00f8rt til USA for \u00e5 stilles for retten for omfattende narkotikaforbrytelser.<\/p>\n<p>                <img decoding=\"async\" src=\"https:\/\/www.europesays.com\/no\/wp-content\/uploads\/2026\/01\/1379443.webp.jpeg\" width=\"480\" height=\"274\" title=\"Tusener sto langs veien da kortesjen med de drepte soldatenes levninger kj\u00f8rte gjennom Cuba hovedstad Havanna.\" alt=\"\" loading=\"lazy\" style=\"\"\/><\/p>\n<p>\n            Tusener sto langs veien da kortesjen med de drepte soldatenes levninger kj\u00f8rte gjennom Cuba hovedstad Havanna.<br \/>\n            Ernesto Mastrascusa \/ AP \/ NTB\n        <\/p>\n<p>Cuba og Venezuela er allierte og har begge et sv\u00e6rt anstrengt forhold til USA. Det anstrengte forholdet mellom Cuba og USA er blitt verre i det siste, og USAs president Donald Trump har krevd at landet inng\u00e5r en avtale med ham f\u00f8r det er \u00abfor sent\u00bb. Han sa ikke hva slags avtale han mente. <\/p>\n","protected":false},"excerpt":{"rendered":"Levningene av 32 cubanske politifolk og soldater som ble drept da USA tok Venezuelas president til fange, er&hellip;\n","protected":false},"author":2,"featured_media":139622,"comment_status":"","ping_status":"","sticky":false,"template":"","format":"standard","meta":{"footnotes":""},"categories":[12],"tags":[20,21,24,25,15,22,23,13,30,28,29,14,16,26,27,42,43,44,45],"class_list":{"0":"post-139621","1":"post","2":"type-post","3":"status-publish","4":"format-standard","5":"has-post-thumbnail","7":"category-verden","8":"tag-breaking-news","9":"tag-breakingnews","10":"tag-featured-news","11":"tag-featurednews","12":"tag-headlines","13":"tag-latest-news","14":"tag-latestnews","15":"tag-news","16":"tag-no","17":"tag-norge","18":"tag-norway","19":"tag-nyheter","20":"tag-overskrifter","21":"tag-top-stories","22":"tag-topstories","23":"tag-verden","24":"tag-world","25":"tag-world-news","26":"tag-worldnews"},"share_on_mastodon":{"url":"https:\/\/pubeurope.com\/@no\/115907234531317872","error":""},"_links":{"self":[{"href":"https:\/\/www.europesays.com\/no\/wp-json\/wp\/v2\/posts\/139621","targetHints":{"allow":["GET"]}}],"collection":[{"href":"https:\/\/www.europesays.com\/no\/wp-json\/wp\/v2\/posts"}],"about":[{"href":"https:\/\/www.europesays.com\/no\/wp-json\/wp\/v2\/types\/post"}],"author":[{"embeddable":true,"href":"https:\/\/www.europesays.com\/no\/wp-json\/wp\/v2\/users\/2"}],"replies":[{"embeddable":true,"href":"https:\/\/www.europesays.com\/no\/wp-json\/wp\/v2\/comments?post=139621"}],"version-history":[{"count":0,"href":"https:\/\/www.europesays.com\/no\/wp-json\/wp\/v2\/posts\/139621\/revisions"}],"wp:featuredmedia":[{"embeddable":true,"href":"https:\/\/www.europesays.com\/no\/wp-json\/wp\/v2\/media\/139622"}],"wp:attachment":[{"href":"https:\/\/www.europesays.com\/no\/wp-json\/wp\/v2\/media?parent=139621"}],"wp:term":[{"taxonomy":"category","embeddable":true,"href":"https:\/\/www.europesays.com\/no\/wp-json\/wp\/v2\/categories?post=139621"},{"taxonomy":"post_tag","embeddable":true,"href":"https:\/\/www.europesays.com\/no\/wp-json\/wp\/v2\/tags?post=139621"}],"curies":[{"name":"wp","href":"https:\/\/api.w.org\/{rel}","templated":true}]}}