{"id":139625,"date":"2026-01-16T23:00:01","date_gmt":"2026-01-16T23:00:01","guid":{"rendered":"https:\/\/www.europesays.com\/no\/139625\/"},"modified":"2026-01-16T23:00:01","modified_gmt":"2026-01-16T23:00:01","slug":"trump-administrasjonen-eskalerer-konflikten-i-minneapolis-for-a-straffe-demokratene","status":"publish","type":"post","link":"https:\/\/www.europesays.com\/no\/139625\/","title":{"rendered":"Trump-administrasjonen eskalerer konflikten i Minneapolis for \u00e5 straffe Demokratene"},"content":{"rendered":"<p>    Uroen i Minneapolis \u00f8ker. Det bidrar Donald Trump til, mener USA-ekspert.<\/p>\n<p>\n        Onsdag kveld, lokal tid, var det demonstrasjoner i gatene mot f\u00f8derale agenter i Minneapolis. N\u00e5 har president Donald Trump truet med \u00e5 ta i bruk en lov som gir han mulighet til \u00e5 utplassere milit\u00e6ret, uten godkjenning fra kongressen, for \u00e5 sl\u00e5 ned p\u00e5 oppt\u00f8yene.<br \/>\n        Foto: Ryan Murphy \/ Reuters \/ NTB\n    <\/p>\n<p class=\"kicker t30 tertiary color_mobile_tertiary\" style=\"\">Verden<\/p>\n","protected":false},"excerpt":{"rendered":"Uroen i Minneapolis \u00f8ker. Det bidrar Donald Trump til, mener USA-ekspert. Onsdag kveld, lokal tid, var det demonstrasjoner&hellip;\n","protected":false},"author":2,"featured_media":139626,"comment_status":"","ping_status":"","sticky":false,"template":"","format":"standard","meta":{"footnotes":""},"categories":[12],"tags":[20,21,24,25,15,22,23,13,30,28,29,14,16,26,27,42,43,44,45],"class_list":{"0":"post-139625","1":"post","2":"type-post","3":"status-publish","4":"format-standard","5":"has-post-thumbnail","7":"category-verden","8":"tag-breaking-news","9":"tag-breakingnews","10":"tag-featured-news","11":"tag-featurednews","12":"tag-headlines","13":"tag-latest-news","14":"tag-latestnews","15":"tag-news","16":"tag-no","17":"tag-norge","18":"tag-norway","19":"tag-nyheter","20":"tag-overskrifter","21":"tag-top-stories","22":"tag-topstories","23":"tag-verden","24":"tag-world","25":"tag-world-news","26":"tag-worldnews"},"share_on_mastodon":{"url":"https:\/\/pubeurope.com\/@no\/115907266004385241","error":""},"_links":{"self":[{"href":"https:\/\/www.europesays.com\/no\/wp-json\/wp\/v2\/posts\/139625","targetHints":{"allow":["GET"]}}],"collection":[{"href":"https:\/\/www.europesays.com\/no\/wp-json\/wp\/v2\/posts"}],"about":[{"href":"https:\/\/www.europesays.com\/no\/wp-json\/wp\/v2\/types\/post"}],"author":[{"embeddable":true,"href":"https:\/\/www.europesays.com\/no\/wp-json\/wp\/v2\/users\/2"}],"replies":[{"embeddable":true,"href":"https:\/\/www.europesays.com\/no\/wp-json\/wp\/v2\/comments?post=139625"}],"version-history":[{"count":0,"href":"https:\/\/www.europesays.com\/no\/wp-json\/wp\/v2\/posts\/139625\/revisions"}],"wp:featuredmedia":[{"embeddable":true,"href":"https:\/\/www.europesays.com\/no\/wp-json\/wp\/v2\/media\/139626"}],"wp:attachment":[{"href":"https:\/\/www.europesays.com\/no\/wp-json\/wp\/v2\/media?parent=139625"}],"wp:term":[{"taxonomy":"category","embeddable":true,"href":"https:\/\/www.europesays.com\/no\/wp-json\/wp\/v2\/categories?post=139625"},{"taxonomy":"post_tag","embeddable":true,"href":"https:\/\/www.europesays.com\/no\/wp-json\/wp\/v2\/tags?post=139625"}],"curies":[{"name":"wp","href":"https:\/\/api.w.org\/{rel}","templated":true}]}}