{"id":139629,"date":"2026-01-16T23:07:07","date_gmt":"2026-01-16T23:07:07","guid":{"rendered":"https:\/\/www.europesays.com\/no\/139629\/"},"modified":"2026-01-16T23:07:07","modified_gmt":"2026-01-16T23:07:07","slug":"donald-trump-gaza-donald-trump-fredspanel-for-gaza-er-klart","status":"publish","type":"post","link":"https:\/\/www.europesays.com\/no\/139629\/","title":{"rendered":"Donald Trump, Gaza | Donald Trump: Fredspanel for Gaza er klart"},"content":{"rendered":"\n<p>I tillegg til den tidligere britiske statsministeren og Trumps utenriksminister har Ukraina-utsending Steve Witkoff og Trumps svigers\u00f8nn Jared Kushner f\u00e5tt plass i r\u00e5det, som er oppnevnt av den amerikanske presidenten.<\/p>\n<p>Det samme har Marc Rowan, Ajay Banga og Robert Gabriel, skriver Det hvite hus i en <a rel=\"noopener nofollow\" href=\"https:\/\/www.whitehouse.gov\/briefings-statements\/2026\/01\/statement-on-president-trumps-comprehensive-plan-to-end-the-gaza-conflict\/\" target=\"_blank\">kunngj\u00f8ring<\/a>.<\/p>\n<p><b>Les ogs\u00e5: <\/b><a class=\"simple-relation related-teaser article--c-eRUmMG article--c-eRUmMG-fZoQSp-design-nettavisen article--c-eRUmMG-gwthdJ-cv\" href=\"https:\/\/www.nettavisen.no\/gilbert-og-qvale-forstar-ikke-tallene-de-leser\/o\/5-95-2828844\" rel=\"nofollow noopener\" target=\"_blank\">Gilbert og Qvale forst\u00e5r ikke tallene de leser<\/a><\/p>\n<p><b>Les ogs\u00e5: <\/b><a class=\"simple-relation related-teaser article--c-eRUmMG article--c-eRUmMG-fZoQSp-design-nettavisen article--c-eRUmMG-gwthdJ-cv\" href=\"https:\/\/www.nettavisen.no\/palestinernes-president-besoker-moskva-for-andre-gang-pa-under-ett-ar\/s\/5-95-2827075\" rel=\"nofollow noopener\" target=\"_blank\">Palestinernes president bes\u00f8ker Moskva for andre gang p\u00e5 under ett \u00e5r<\/a><\/p>\n<p>Panelet er en del av fredsplanen etter Gazakrigen og skal ha oppsyn med et teknokratisk palestinsk overgangsstyre. President Trump selv skal lede fredspanelet.<\/p>\n","protected":false},"excerpt":{"rendered":"I tillegg til den tidligere britiske statsministeren og Trumps utenriksminister har Ukraina-utsending Steve Witkoff og Trumps svigers\u00f8nn Jared&hellip;\n","protected":false},"author":2,"featured_media":138353,"comment_status":"","ping_status":"","sticky":false,"template":"","format":"standard","meta":{"footnotes":""},"categories":[12],"tags":[20,21,24,25,15,22,23,13,30,28,29,14,16,26,27,42,43,44,45],"class_list":{"0":"post-139629","1":"post","2":"type-post","3":"status-publish","4":"format-standard","5":"has-post-thumbnail","7":"category-verden","8":"tag-breaking-news","9":"tag-breakingnews","10":"tag-featured-news","11":"tag-featurednews","12":"tag-headlines","13":"tag-latest-news","14":"tag-latestnews","15":"tag-news","16":"tag-no","17":"tag-norge","18":"tag-norway","19":"tag-nyheter","20":"tag-overskrifter","21":"tag-top-stories","22":"tag-topstories","23":"tag-verden","24":"tag-world","25":"tag-world-news","26":"tag-worldnews"},"share_on_mastodon":{"url":"https:\/\/pubeurope.com\/@no\/115907293601004716","error":""},"_links":{"self":[{"href":"https:\/\/www.europesays.com\/no\/wp-json\/wp\/v2\/posts\/139629","targetHints":{"allow":["GET"]}}],"collection":[{"href":"https:\/\/www.europesays.com\/no\/wp-json\/wp\/v2\/posts"}],"about":[{"href":"https:\/\/www.europesays.com\/no\/wp-json\/wp\/v2\/types\/post"}],"author":[{"embeddable":true,"href":"https:\/\/www.europesays.com\/no\/wp-json\/wp\/v2\/users\/2"}],"replies":[{"embeddable":true,"href":"https:\/\/www.europesays.com\/no\/wp-json\/wp\/v2\/comments?post=139629"}],"version-history":[{"count":0,"href":"https:\/\/www.europesays.com\/no\/wp-json\/wp\/v2\/posts\/139629\/revisions"}],"wp:featuredmedia":[{"embeddable":true,"href":"https:\/\/www.europesays.com\/no\/wp-json\/wp\/v2\/media\/138353"}],"wp:attachment":[{"href":"https:\/\/www.europesays.com\/no\/wp-json\/wp\/v2\/media?parent=139629"}],"wp:term":[{"taxonomy":"category","embeddable":true,"href":"https:\/\/www.europesays.com\/no\/wp-json\/wp\/v2\/categories?post=139629"},{"taxonomy":"post_tag","embeddable":true,"href":"https:\/\/www.europesays.com\/no\/wp-json\/wp\/v2\/tags?post=139629"}],"curies":[{"name":"wp","href":"https:\/\/api.w.org\/{rel}","templated":true}]}}