{"id":139630,"date":"2026-01-16T23:08:08","date_gmt":"2026-01-16T23:08:08","guid":{"rendered":"https:\/\/www.europesays.com\/no\/139630\/"},"modified":"2026-01-16T23:08:08","modified_gmt":"2026-01-16T23:08:08","slug":"elleville-scener-i-handball-em-faeroyene-i-ekstase-etter-poeng-mot-sveits","status":"publish","type":"post","link":"https:\/\/www.europesays.com\/no\/139630\/","title":{"rendered":"Elleville scener i h\u00e5ndball-EM \u2013 F\u00e6r\u00f8yene i ekstase etter poeng mot Sveits"},"content":{"rendered":"\n<p class=\"_lead_o9xde_2 _lead_xtcu6_50 layout-component text-serif-m layout-normal text-serif-l layout-component layout-wide layout-padded _wide_17hqh_1 layout-padded\">F\u00e6r\u00f8yenes h\u00e5ndballherrer fikk massiv st\u00f8tte p\u00e5 tribunen p\u00e5 Fornebu og jaktet sin f\u00f8rste EM-seier i historien, men Sveits s\u00f8rget for at det ble uavgjort. <\/p>\n<ul class=\"_gallery_1qa3s_23\" tabindex=\"0\">\n<li class=\"_item_1qa3s_37\" data-index=\"0\"><img fetchpriority=\"high\" decoding=\"async\" class=\"_image_foru8_23 _introGallery_foru8_43\" data-fullscreen- width=\"8044\" height=\"5362\" itemprop=\"image\" loading=\"eager\"  src=\"https:\/\/www.europesays.com\/no\/wp-content\/uploads\/2026\/01\/74809fae-89ca-4c10-8931-c622f6ecd5b9.png\"  style=\"object-position:50% 50%;aspect-ratio:var(--gallery-aspect-ratio, 16 \/ 9)\"\/>F\u00e6r\u00f8yenes Vilhelm Poulsen (t.v.) og \u00cdsak Vedelsb\u00f8l (t.h.) under EM-kampen i h\u00e5ndball mellom F\u00e6r\u00f8yene og Sveits i Unity arena.  Foto: Cornelius Poppe \/ NTB<\/li>\n<li class=\"_item_1qa3s_37\" data-index=\"1\"><img decoding=\"async\" class=\"_image_foru8_23 _introGallery_foru8_43\" data-fullscreen- width=\"8257\" height=\"5505\" itemprop=\"image\" loading=\"lazy\"  src=\"https:\/\/www.europesays.com\/no\/wp-content\/uploads\/2026\/01\/2cacd47d-0324-4001-8645-1d9bb061e4bb.png\"  style=\"object-position:50% 50%;aspect-ratio:var(--gallery-aspect-ratio, 16 \/ 9)\"\/>F\u00e6r\u00f8yene fikk mye st\u00f8tte p\u00e5 tribunen mot Sveits.  Foto: Cornelius Poppe \/ NTB<\/li>\n<li class=\"_item_1qa3s_37\" data-index=\"2\"><img decoding=\"async\" class=\"_image_foru8_23 _introGallery_foru8_43\" data-fullscreen- width=\"8324\" height=\"5549\" itemprop=\"image\" loading=\"lazy\"  src=\"https:\/\/www.europesays.com\/no\/wp-content\/uploads\/2026\/01\/3d0b8c01-be39-4081-9d17-538d7a11eedb.png\"  style=\"object-position:50% 50%;aspect-ratio:var(--gallery-aspect-ratio, 16 \/ 9)\"\/>Opptil 6500 f\u00e6r\u00f8yinger har kj\u00f8pt billett til F\u00e6r\u00f8yenes gruppespillskamper i h\u00e5ndball-EM.  Foto: Cornelius Poppe \/ NTB<\/li>\n<\/ul>\n<p>F\u00e6r\u00f8yenes Vilhelm Poulsen (t.v.) og \u00cdsak Vedelsb\u00f8l (t.h.) under EM-kampen i h\u00e5ndball mellom F\u00e6r\u00f8yene og Sveits i Unity arena.  Foto: Cornelius Poppe \/ NTB<\/p>\n<ul aria-hidden=\"true\" class=\"_images_ntbth_112\">\n<li><a class=\"_link_ntbth_117\" href=\"https:\/\/www.vg.no\/forfatter\/ntb\" style=\"z-index:1\" title=\"NTB\" rel=\"nofollow noopener\" target=\"_blank\"><img alt=\"Bilde av NTB\" class=\"_image_ntbth_93\" fetchpriority=\"low\" loading=\"lazy\" decoding=\"async\" itemprop=\"image\"  src=\"https:\/\/www.europesays.com\/no\/wp-content\/uploads\/2026\/01\/1768604888_51_c33980b0-5d07-4027-84a1-813f90a7c8d6.png\"  width=\"480\"\/><\/a><\/li>\n<\/ul>\n<p> Oppdatert fredag 16. januar kl. 22:55     <\/p>\n<p class=\"_paragraph_o9xde_4 _paragraph_xtcu6_10 layout-component text-serif-m layout-normal text-serif-m layout-padded\">Tusenvis av f\u00e6r\u00f8yske h\u00e5ndballsupportere har tatt turen til Oslo for \u00e5 heie fram herrelandslaget i mesterskapet. P\u00e5 Fornebu fikk de tilreisende servert en dramatisk \u00e5pningskamp som endte 28-28. <\/p>\n<p class=\"_paragraph_o9xde_4 _paragraph_xtcu6_10 layout-component text-serif-m layout-normal text-serif-m layout-padded\">Det var en jevn og tett duell f\u00f8r pause, men <a href=\"https:\/\/www.vg.no\/tag\/faeroeyene?utm_source=vg-article&amp;utm_medium=auto-tagger&amp;utm_campaign=zOgwkK\" class=\"_link_o9xde_39\" rel=\"nofollow noopener\" target=\"_blank\">F\u00e6r\u00f8yene<\/a> gikk til pause med 15\u201313 p\u00e5 resultattavla. Et entusiastisk publikum fra F\u00e6r\u00f8yene fikk se m\u00e5lfesten fortsette etter hvilen. <\/p>\n<p class=\"_paragraph_o9xde_4 _paragraph_xtcu6_10 layout-component text-serif-m layout-normal text-serif-m layout-padded\">De fire f\u00f8rste nettkjenningene i 2. omgangen sto F\u00e6r\u00f8yene for og dermed var forspranget \u00f8kt til seks m\u00e5l. <\/p>\n<p class=\"_paragraph_o9xde_4 _paragraph_xtcu6_10 layout-component text-serif-m layout-normal text-serif-m layout-padded\">\u2013 Hvis vi ikke hadde visst at vi n\u00e5 var i Oslo, s\u00e5 hadde vi trodd at vi var i F\u00e6r\u00f8yene, sa Viaplay-kommentator Daniel H\u00f8glund om tribunelivet. <\/p>\n<p class=\"_paragraph_o9xde_4 _paragraph_xtcu6_10 layout-component text-serif-m layout-normal text-serif-m layout-padded\">Rollene ble snudd etter den gode F\u00e6r\u00f8yene-starten etter pausen. Sveits l\u00f8ftet seg og spiste inn forspranget med \u00e5tte m\u00e5l p\u00e5 rad, mens det f\u00e6r\u00f8yske mannskapet havnet i tr\u00f8bbel med en langvarig m\u00e5lt\u00f8rke. <\/p>\n<p class=\"_paragraph_o9xde_4 _paragraph_xtcu6_10 layout-component text-serif-m layout-normal text-serif-m layout-padded\">Det ble en intens avslutning p\u00e5 kampen og med f\u00e5 sekunder igjen sikret F\u00e6r\u00f8yene uavgjort. Dermed m\u00e5 de vente p\u00e5 sin f\u00f8rste mesterskapsseier. <\/p>\n<p class=\"_paragraph_o9xde_4 _paragraph_xtcu6_10 layout-component text-serif-m layout-normal text-serif-m layout-padded\">De f\u00e6r\u00f8yske h\u00e5ndballherrene har hatt enorm framgang de siste \u00e5rene. H\u00e5ndballherrene kvalifiserte seg til sitt f\u00f8rste h\u00e5ndball-EM i Tyskland i 2024 og imponerte den gang med uavgjort mot Norge. <\/p>\n<p class=\"_paragraph_o9xde_4 _paragraph_xtcu6_10 layout-component text-serif-m layout-normal text-serif-m layout-padded\">Montenegro venter i s\u00f8ndagens kamp for F\u00e6r\u00f8yene, mens Slovenia er motstander tirsdag.<\/p>\n<p class=\"_paragraph_o9xde_4 _paragraph_xtcu6_10 layout-component text-serif-m layout-normal text-serif-m layout-padded\">Opptil 6500 f\u00e6r\u00f8yinger har kj\u00f8pt billett til F\u00e6r\u00f8yenes gruppespillskamper i h\u00e5ndball-EM p\u00e5 Unity Arena i B\u00e6rum. Det er en betydelig andel av landets totale befolkning p\u00e5 oppunder 55.000.<\/p>\n","protected":false},"excerpt":{"rendered":"F\u00e6r\u00f8yenes h\u00e5ndballherrer fikk massiv st\u00f8tte p\u00e5 tribunen p\u00e5 Fornebu og jaktet sin f\u00f8rste EM-seier i historien, men Sveits&hellip;\n","protected":false},"author":2,"featured_media":139631,"comment_status":"","ping_status":"","sticky":false,"template":"","format":"standard","meta":{"footnotes":""},"categories":[10],"tags":[20,21,4092,24,25,105,13991,15,22,23,13,30,28,29,14,16,26,27],"class_list":{"0":"post-139630","1":"post","2":"type-post","3":"status-publish","4":"format-standard","5":"has-post-thumbnail","7":"category-norge","8":"tag-breaking-news","9":"tag-breakingnews","10":"tag-faeroyene","11":"tag-featured-news","12":"tag-featurednews","13":"tag-handball","14":"tag-handball-em","15":"tag-headlines","16":"tag-latest-news","17":"tag-latestnews","18":"tag-news","19":"tag-no","20":"tag-norge","21":"tag-norway","22":"tag-nyheter","23":"tag-overskrifter","24":"tag-top-stories","25":"tag-topstories"},"share_on_mastodon":{"url":"https:\/\/pubeurope.com\/@no\/115907297504116281","error":""},"_links":{"self":[{"href":"https:\/\/www.europesays.com\/no\/wp-json\/wp\/v2\/posts\/139630","targetHints":{"allow":["GET"]}}],"collection":[{"href":"https:\/\/www.europesays.com\/no\/wp-json\/wp\/v2\/posts"}],"about":[{"href":"https:\/\/www.europesays.com\/no\/wp-json\/wp\/v2\/types\/post"}],"author":[{"embeddable":true,"href":"https:\/\/www.europesays.com\/no\/wp-json\/wp\/v2\/users\/2"}],"replies":[{"embeddable":true,"href":"https:\/\/www.europesays.com\/no\/wp-json\/wp\/v2\/comments?post=139630"}],"version-history":[{"count":0,"href":"https:\/\/www.europesays.com\/no\/wp-json\/wp\/v2\/posts\/139630\/revisions"}],"wp:featuredmedia":[{"embeddable":true,"href":"https:\/\/www.europesays.com\/no\/wp-json\/wp\/v2\/media\/139631"}],"wp:attachment":[{"href":"https:\/\/www.europesays.com\/no\/wp-json\/wp\/v2\/media?parent=139630"}],"wp:term":[{"taxonomy":"category","embeddable":true,"href":"https:\/\/www.europesays.com\/no\/wp-json\/wp\/v2\/categories?post=139630"},{"taxonomy":"post_tag","embeddable":true,"href":"https:\/\/www.europesays.com\/no\/wp-json\/wp\/v2\/tags?post=139630"}],"curies":[{"name":"wp","href":"https:\/\/api.w.org\/{rel}","templated":true}]}}