{"id":139634,"date":"2026-01-16T23:15:55","date_gmt":"2026-01-16T23:15:55","guid":{"rendered":"https:\/\/www.europesays.com\/no\/139634\/"},"modified":"2026-01-16T23:15:55","modified_gmt":"2026-01-16T23:15:55","slug":"usa-har-tatt-kontroll-over-nok-et-tankskip","status":"publish","type":"post","link":"https:\/\/www.europesays.com\/no\/139634\/","title":{"rendered":"USA har tatt kontroll over nok et tankskip"},"content":{"rendered":"<p>    F\u00e5 timer f\u00f8r Trump skal m\u00f8te fredsprisvinner Machado, bordet amerikanske styrker nok et tankskip med koblinger til Venezuela \u2013 det sjette i rekken. <\/p>\n<p>\n        Tankskipet Marinera, tidligere kjent som Bella-1, er blant oljetankerne USA har tatt kontroll over den siste tiden.<br \/>\n        ANDY BUCHANAN\n    <\/p>\n<p>Tankskipet Veronica ble bordet tidlig torsdag morgen, skriver USAs s\u00f8rkommando Southcom i en <a href=\"https:\/\/x.com\/Southcom\/status\/2011798070816612578\" target=\"_blank\" rel=\"nofollow\">uttalelse<\/a>.<\/p>\n<p>De skriver at skipet br\u00f8t med sanksjonene som Trump har innf\u00f8rt. Bordingen skal ha v\u00e6rt uten u\u00f8nskede hendelser, if\u00f8lge Southcom.<\/p>\n<p>Skipet ble bordet i Karibia, opplyser kilder til nyhetsbyr\u00e5et Reuters og <a href=\"https:\/\/www.wsj.com\/world\/u-s-forces-seize-sixth-oil-tanker-34b3e040?mod=hp_lead_pos4\" target=\"_blank\" rel=\"nofollow noopener\">Wall Street Journal<\/a>.<\/p>\n<p>Det er sjette gangen USA tar kontroll over oljetankere fra Venezuela den siste tiden.<\/p>\n<p>Bordingen skjer kun f\u00e5 timer f\u00f8r USAs president Donald Trump skal ta imot den venezuelanske opposisjonslederen Mar\u00eda Corina Machado, som i desember fikk Nobels fredspris.<\/p>\n","protected":false},"excerpt":{"rendered":"F\u00e5 timer f\u00f8r Trump skal m\u00f8te fredsprisvinner Machado, bordet amerikanske styrker nok et tankskip med koblinger til Venezuela&hellip;\n","protected":false},"author":2,"featured_media":139635,"comment_status":"","ping_status":"","sticky":false,"template":"","format":"standard","meta":{"footnotes":""},"categories":[12],"tags":[20,21,24,25,15,22,23,13,30,28,29,14,16,26,27,42,43,44,45],"class_list":{"0":"post-139634","1":"post","2":"type-post","3":"status-publish","4":"format-standard","5":"has-post-thumbnail","7":"category-verden","8":"tag-breaking-news","9":"tag-breakingnews","10":"tag-featured-news","11":"tag-featurednews","12":"tag-headlines","13":"tag-latest-news","14":"tag-latestnews","15":"tag-news","16":"tag-no","17":"tag-norge","18":"tag-norway","19":"tag-nyheter","20":"tag-overskrifter","21":"tag-top-stories","22":"tag-topstories","23":"tag-verden","24":"tag-world","25":"tag-world-news","26":"tag-worldnews"},"share_on_mastodon":{"url":"https:\/\/pubeurope.com\/@no\/115907328926294937","error":""},"_links":{"self":[{"href":"https:\/\/www.europesays.com\/no\/wp-json\/wp\/v2\/posts\/139634","targetHints":{"allow":["GET"]}}],"collection":[{"href":"https:\/\/www.europesays.com\/no\/wp-json\/wp\/v2\/posts"}],"about":[{"href":"https:\/\/www.europesays.com\/no\/wp-json\/wp\/v2\/types\/post"}],"author":[{"embeddable":true,"href":"https:\/\/www.europesays.com\/no\/wp-json\/wp\/v2\/users\/2"}],"replies":[{"embeddable":true,"href":"https:\/\/www.europesays.com\/no\/wp-json\/wp\/v2\/comments?post=139634"}],"version-history":[{"count":0,"href":"https:\/\/www.europesays.com\/no\/wp-json\/wp\/v2\/posts\/139634\/revisions"}],"wp:featuredmedia":[{"embeddable":true,"href":"https:\/\/www.europesays.com\/no\/wp-json\/wp\/v2\/media\/139635"}],"wp:attachment":[{"href":"https:\/\/www.europesays.com\/no\/wp-json\/wp\/v2\/media?parent=139634"}],"wp:term":[{"taxonomy":"category","embeddable":true,"href":"https:\/\/www.europesays.com\/no\/wp-json\/wp\/v2\/categories?post=139634"},{"taxonomy":"post_tag","embeddable":true,"href":"https:\/\/www.europesays.com\/no\/wp-json\/wp\/v2\/tags?post=139634"}],"curies":[{"name":"wp","href":"https:\/\/api.w.org\/{rel}","templated":true}]}}