{"id":139636,"date":"2026-01-16T23:16:10","date_gmt":"2026-01-16T23:16:10","guid":{"rendered":"https:\/\/www.europesays.com\/no\/139636\/"},"modified":"2026-01-16T23:16:10","modified_gmt":"2026-01-16T23:16:10","slug":"na-svinger-temperaturen-dette-kan-overraske","status":"publish","type":"post","link":"https:\/\/www.europesays.com\/no\/139636\/","title":{"rendered":"N\u00e5 svinger temperaturen \u2013 dette kan overraske"},"content":{"rendered":"<p data-testid=\"textWithMarkup-text\" data-v-81d7dc2b=\"\" data-v-62d58f52=\"\">V\u00e6ret har snudd om og det er varmegrader i Grenland. I helga og til uka skal det snu igjen, og blikuldegrader. <\/p>\n<p data-testid=\"textWithMarkup-text\" data-v-81d7dc2b=\"\" data-v-62d58f52=\"\">Dette f\u00f8rer til b\u00e5de glatte veier og gater. <\/p>\n<p data-testid=\"textWithMarkup-text\" data-v-81d7dc2b=\"\" data-v-62d58f52=\"\">Noen steder kan det ogs\u00e5 danne seg tynne islag. Andre steder oppst\u00e5r underkj\u00f8lt veibanne, med en usynlig isfilm. <\/p>\n<p>Overraskelse<\/p>\n<p data-testid=\"textWithMarkup-text\" data-v-81d7dc2b=\"\" data-v-62d58f52=\"\">Forsikringsselskapet If peker p\u00e5 Telemark som ett omr\u00e5de hvor underkj\u00f8lt asfalt kan v\u00e6re et problem. Spesielt n\u00e6r sj\u00f8 og elver kan det oppst\u00e5. <\/p>\n<p data-testid=\"textWithMarkup-text\" data-v-81d7dc2b=\"\" data-v-62d58f52=\"\">\u2013 Dis og fuktig luft fra elver, sj\u00f8er og vann bidrar til \u00e5 lage et tynt, tynt islag p\u00e5 veibanen. Veier ligger jo ofte n\u00e6rt vann, sier Andre N. Oldebr\u00e5ten, leder for bilskader i If.<\/p>\n<p data-testid=\"textWithMarkup-text\" data-v-81d7dc2b=\"\" data-v-62d58f52=\"\">N\u00e5r sn\u00f8en smelter p\u00e5 dagen, og fryser igjen p\u00e5 natta, kan det skape krevende kj\u00f8reforhold.<\/p>\n<p data-testid=\"textWithMarkup-text\" data-v-81d7dc2b=\"\" data-v-62d58f52=\"\">\u2013 S\u00e6rlig de som har f\u00e5tt seg ny bil siden sist vinter kan f\u00e5 seg en virkelig overraskelse p\u00e5 glatt f\u00f8re, sier\u00a0 Oldebr\u00e5ten.<\/p>\n<p data-testid=\"textWithMarkup-text\" data-v-81d7dc2b=\"\" data-v-62d58f52=\"\">\u2013 Det er viktig \u00e5 ha gjort seg godt kjent med hvordan bilen virker p\u00e5 vinterf\u00f8re. Biler er konstruert forskjellig, og det p\u00e5virker hvordan du skal kj\u00f8re bilen, sier han.<\/p>\n","protected":false},"excerpt":{"rendered":"V\u00e6ret har snudd om og det er varmegrader i Grenland. I helga og til uka skal det snu&hellip;\n","protected":false},"author":2,"featured_media":139637,"comment_status":"","ping_status":"","sticky":false,"template":"","format":"standard","meta":{"footnotes":""},"categories":[10],"tags":[20,21,24,25,15,22,23,13,30,28,29,14,16,26,27],"class_list":{"0":"post-139636","1":"post","2":"type-post","3":"status-publish","4":"format-standard","5":"has-post-thumbnail","7":"category-norge","8":"tag-breaking-news","9":"tag-breakingnews","10":"tag-featured-news","11":"tag-featurednews","12":"tag-headlines","13":"tag-latest-news","14":"tag-latestnews","15":"tag-news","16":"tag-no","17":"tag-norge","18":"tag-norway","19":"tag-nyheter","20":"tag-overskrifter","21":"tag-top-stories","22":"tag-topstories"},"share_on_mastodon":{"url":"https:\/\/pubeurope.com\/@no\/115907329019087023","error":""},"_links":{"self":[{"href":"https:\/\/www.europesays.com\/no\/wp-json\/wp\/v2\/posts\/139636","targetHints":{"allow":["GET"]}}],"collection":[{"href":"https:\/\/www.europesays.com\/no\/wp-json\/wp\/v2\/posts"}],"about":[{"href":"https:\/\/www.europesays.com\/no\/wp-json\/wp\/v2\/types\/post"}],"author":[{"embeddable":true,"href":"https:\/\/www.europesays.com\/no\/wp-json\/wp\/v2\/users\/2"}],"replies":[{"embeddable":true,"href":"https:\/\/www.europesays.com\/no\/wp-json\/wp\/v2\/comments?post=139636"}],"version-history":[{"count":0,"href":"https:\/\/www.europesays.com\/no\/wp-json\/wp\/v2\/posts\/139636\/revisions"}],"wp:featuredmedia":[{"embeddable":true,"href":"https:\/\/www.europesays.com\/no\/wp-json\/wp\/v2\/media\/139637"}],"wp:attachment":[{"href":"https:\/\/www.europesays.com\/no\/wp-json\/wp\/v2\/media?parent=139636"}],"wp:term":[{"taxonomy":"category","embeddable":true,"href":"https:\/\/www.europesays.com\/no\/wp-json\/wp\/v2\/categories?post=139636"},{"taxonomy":"post_tag","embeddable":true,"href":"https:\/\/www.europesays.com\/no\/wp-json\/wp\/v2\/tags?post=139636"}],"curies":[{"name":"wp","href":"https:\/\/api.w.org\/{rel}","templated":true}]}}