{"id":139644,"date":"2026-01-16T23:31:36","date_gmt":"2026-01-16T23:31:36","guid":{"rendered":"https:\/\/www.europesays.com\/no\/139644\/"},"modified":"2026-01-16T23:31:36","modified_gmt":"2026-01-16T23:31:36","slug":"man-truer-ikke-allierte","status":"publish","type":"post","link":"https:\/\/www.europesays.com\/no\/139644\/","title":{"rendered":"\u2013 Man truer ikke allierte"},"content":{"rendered":"<p class=\"kicker text-red color_mobile_text-red\" style=\"\">Tidligere Stolenberg-r\u00e5dgiver:<\/p>\n<p>    Nato-sjef Mark Rutte f\u00e5r refs for \u00e5 v\u00e6re utydelig i Gr\u00f8nland-saken. \u2013 Jeg skj\u00f8nner kritikken, sier tidligere milit\u00e6rr\u00e5dgiver i Nato Gjermund Eide.<\/p>\n<p>\n    Gjermund Eide var milit\u00e6r r\u00e5dgiver for Jens Stoltenberg i Nato. Han er enig i kritikken mot Mark Rutte. Foto: Elisabeth Grosvold Altenborg \/ NTB\n  <\/p>\n<p>Eide jobbet sammen med Jens Stoltenberg under hans ti \u00e5r som Nato-sjef.<\/p>\n<p>Onsdag etterlyste H\u00f8yres p\u00e5troppende leder Ine Eriksen S\u00f8reide en tydeligere stemme fra Stoltenbergs etterf\u00f8lger i striden om Gr\u00f8nland. USAs Donald Trump har gjentatte ganger den siste tiden uttalt at han vil at Gr\u00f8nland skal bli amerikansk \u2013 mot b\u00e5de Gr\u00f8nlands og Danmarks vilje.<\/p>\n<p>\u2013 Jeg skj\u00f8nner kritikken. Rutte kunne sagt \u00e5pent at han har dialog med amerikanerne, sier Eide til NTB.<\/p>\n<p>    <a itemprop=\"url\" href=\"https:\/\/sol.no\/nyheter\/russland-svaert-bekymret\/84101515\" rel=\"nofollow noopener\" target=\"_blank\"><\/p>\n<p>        <img loading=\"lazy\" decoding=\"async\" src=\"https:\/\/www.europesays.com\/no\/wp-content\/uploads\/2026\/01\/84101520.webp.webp\" width=\"980\" height=\"441\" title=\"Russland: - Sv\u00e6rt bekymret\" alt=\"\" class=\"lazyload\" style=\"--aspect-ratio-image: 2.22; \"\/><\/p>\n<p>        Russland: &#8211; Sv\u00e6rt bekymret<\/p>\n<p>sol.no<\/p>\n<p>    <\/a><\/p>\n<p>Frykter Natos d\u00f8d\t<\/p>\n<p>At Natos mektigste medlem truer en Nato-alliert p\u00e5 denne m\u00e5ten, er helt nytt. Eksperter har\u00a0<a href=\"https:\/\/www.dagsavisen.no\/nyheter\/eksperter-tar-trump-gronland-er-nato-dodt\/10135593\" target=\"_blank\" rel=\"nofollow noopener\">advart<\/a>\u00a0om at dersom USA gj\u00f8r alvor av planene, vil alliansen i praksis v\u00e6re d\u00f8d.<\/p>\n<p>Bare truslene fra USA om \u00e5 ta Gr\u00f8nland setter alliansens troverdighet i spill, har flere p\u00e5pekt.<\/p>\n<p>Rutte har s\u00e5 langt begrenset sine uttalelser i offentligheten til \u00e5 si at han forventer at allierte framover vil diskutere sikkerheten i Arktis.<\/p>\n<p>\u2013 Vi er alle enige om at n\u00e5r det gjelder Arktis, m\u00e5 vi jobbe sammen, sa han p\u00e5 en pressekonferanse i Brussel tirsdag.<\/p>\n<p>        <img loading=\"lazy\" decoding=\"async\" src=\"https:\/\/www.europesays.com\/no\/wp-content\/uploads\/2026\/01\/84102280.webp.webp\" width=\"667\" height=\"414\" title=\"\u2013 Man truer ikke allierte\" alt=\"\" class=\"\" style=\"--aspect-ratio-image: 1.61; \"\/><\/p>\n<p>\u2013 Man truer ikke allierte\t<\/p>\n<p>Han burde nok ha g\u00e5tt lenger, mener Eide, som i dag er seniorr\u00e5dgiver i kommunikasjonsbyr\u00e5et Kruse Larsen. Han mener Rutte burde ha sl\u00e5tt fast at Nato er bygget p\u00e5 demokratiske prinsipper.<\/p>\n<p>\u2013 Og et av de viktigste prinsippene i Nato er at man respekterer den territorielle integriteten til de allierte, sier han.<\/p>\n<p class=\"italic m-italic\" data-lab-italic=\"italic\">\u2013 S\u00e5 det burde Rutte ha g\u00e5tt ut og sagt?<\/p>\n<p>\u2013 Ja, jeg mener det. At det er viktig at man behandler de andre allierte p\u00e5 en ryddig og ordentlig m\u00e5te. Og at man respekterer dem. Og at man ikke truer allierte.<\/p>\n<p>\u2013 Men s\u00e5 er det ogs\u00e5 s\u00e5nn at den viktigste jobben Natos generalsekret\u00e6r har, er \u00e5 holde alliansen samlet, sier Eide.<\/p>\n<p>    <a itemprop=\"url\" href=\"https:\/\/sol.no\/nyheter\/det-meste-med-trump-er-farlig\/84100916\" rel=\"nofollow noopener\" target=\"_blank\"><\/p>\n<p>        <img loading=\"lazy\" decoding=\"async\" src=\"https:\/\/www.europesays.com\/no\/wp-content\/uploads\/2026\/01\/84100925.webp.webp\" width=\"147\" height=\"98\" title=\"\u2013 Det meste med Trump er farlig\" alt=\"\" class=\"lazyload\" style=\"--aspect-ratio-image: 1.50; \"\/><\/p>\n<p>        \u2013 Det meste med Trump er farlig<\/p>\n<p>sol.no<\/p>\n<p>    <\/a><\/p>\n<p>Tema p\u00e5 f\u00f8rste m\u00f8te\t<\/p>\n<p>Samtidig minner han om at allerede p\u00e5 det f\u00f8rste m\u00f8tet mellom Trump og Rutte, etter at presidenten var innsatt i januar i fjor, ble Gr\u00f8nland tema p\u00e5 pressekonferansen.<\/p>\n<p>Den gang var det bare Trump som svarte. Rutte tok ikke ordet.<\/p>\n<p>\u2013 Det likte danskene d\u00e5rlig, sier Eide.<\/p>\n<p>Samtidig tror han Rutte aktivt bruker andre diplomatiske kanaler utenfor medienes s\u00f8kelys.<\/p>\n<p>\u2013 Jeg er rimelig sikker p\u00e5 at han er mye tydeligere der. Men det som gj\u00f8r det ekstra vanskelig denne gangen, er at det handler om Natos aller mektigste, USA. S\u00e5 han m\u00e5 jo v\u00e6re veldig forsiktig med \u00e5 kritisere USA. S\u00e6rlig n\u00e5 n\u00e5r vi har krig i Europa, der vi er veldig avhengig av at USA tar aktivt del i \u00e5 forhandle om fred.<\/p>\n<p>    <a itemprop=\"url\" href=\"https:\/\/sol.no\/nyheter\/russland-har-tiden-mot-seg\/84100712\" rel=\"nofollow noopener\" target=\"_blank\"><\/p>\n<p>        <img loading=\"lazy\" decoding=\"async\" src=\"https:\/\/www.europesays.com\/no\/wp-content\/uploads\/2026\/01\/1768606296_692_84100725.webp.webp\" width=\"980\" height=\"441\" title=\"\u2013 Russland har tiden mot seg\" alt=\"\" class=\"lazyload\" style=\"--aspect-ratio-image: 2.22; \"\/><\/p>\n<p>        \u2013 Russland har tiden mot seg<\/p>\n<p>sol.no<\/p>\n<p>    <\/a><\/p>\n<p>\u2013 Overraskende\t<\/p>\n<p>Eide jobbet i Nato under Trumps f\u00f8rste presidentperiode og m\u00f8tte selv den amerikanske presidenten flere ganger. Ogs\u00e5 den gangen skapte Trump br\u00e5k i Nato.<\/p>\n<p data-lab-italic=\"italic\" class=\"italic m-italic\">\u2013 Tror du Trump er villig til \u00e5 risikere alliansens troverdighet?<\/p>\n<p>\u2013 For \u00e5 f\u00e5 Gr\u00f8nland? Nei, jeg tror ikke det. Jeg tror at Nato er viktigere for USA enn Gr\u00f8nland er, sier Eide.<\/p>\n<p>\u2013 Men det som jeg synes er overraskende, er at amerikanerne og Trump trolig kan f\u00e5 det akkurat som de vil p\u00e5 Gr\u00f8nland, hvis de bare samarbeider med Danmark.<\/p>\n","protected":false},"excerpt":{"rendered":"Tidligere Stolenberg-r\u00e5dgiver: Nato-sjef Mark Rutte f\u00e5r refs for \u00e5 v\u00e6re utydelig i Gr\u00f8nland-saken. \u2013 Jeg skj\u00f8nner kritikken, sier&hellip;\n","protected":false},"author":2,"featured_media":139645,"comment_status":"","ping_status":"","sticky":false,"template":"","format":"standard","meta":{"footnotes":""},"categories":[12],"tags":[20,21,55,24,25,15873,2112,15,22,23,2374,233,13,30,28,29,14,16,26,27,412,42,43,44,45],"class_list":{"0":"post-139644","1":"post","2":"type-post","3":"status-publish","4":"format-standard","5":"has-post-thumbnail","7":"category-verden","8":"tag-breaking-news","9":"tag-breakingnews","10":"tag-donald-trump","11":"tag-featured-news","12":"tag-featurednews","13":"tag-gjermund-eide","14":"tag-gronland","15":"tag-headlines","16":"tag-latest-news","17":"tag-latestnews","18":"tag-mark-rutte","19":"tag-nato","20":"tag-news","21":"tag-no","22":"tag-norge","23":"tag-norway","24":"tag-nyheter","25":"tag-overskrifter","26":"tag-top-stories","27":"tag-topstories","28":"tag-utenriks","29":"tag-verden","30":"tag-world","31":"tag-world-news","32":"tag-worldnews"},"share_on_mastodon":{"url":"https:\/\/pubeurope.com\/@no\/115907387935132749","error":""},"_links":{"self":[{"href":"https:\/\/www.europesays.com\/no\/wp-json\/wp\/v2\/posts\/139644","targetHints":{"allow":["GET"]}}],"collection":[{"href":"https:\/\/www.europesays.com\/no\/wp-json\/wp\/v2\/posts"}],"about":[{"href":"https:\/\/www.europesays.com\/no\/wp-json\/wp\/v2\/types\/post"}],"author":[{"embeddable":true,"href":"https:\/\/www.europesays.com\/no\/wp-json\/wp\/v2\/users\/2"}],"replies":[{"embeddable":true,"href":"https:\/\/www.europesays.com\/no\/wp-json\/wp\/v2\/comments?post=139644"}],"version-history":[{"count":0,"href":"https:\/\/www.europesays.com\/no\/wp-json\/wp\/v2\/posts\/139644\/revisions"}],"wp:featuredmedia":[{"embeddable":true,"href":"https:\/\/www.europesays.com\/no\/wp-json\/wp\/v2\/media\/139645"}],"wp:attachment":[{"href":"https:\/\/www.europesays.com\/no\/wp-json\/wp\/v2\/media?parent=139644"}],"wp:term":[{"taxonomy":"category","embeddable":true,"href":"https:\/\/www.europesays.com\/no\/wp-json\/wp\/v2\/categories?post=139644"},{"taxonomy":"post_tag","embeddable":true,"href":"https:\/\/www.europesays.com\/no\/wp-json\/wp\/v2\/tags?post=139644"}],"curies":[{"name":"wp","href":"https:\/\/api.w.org\/{rel}","templated":true}]}}