{"id":139658,"date":"2026-01-17T00:16:09","date_gmt":"2026-01-17T00:16:09","guid":{"rendered":"https:\/\/www.europesays.com\/no\/139658\/"},"modified":"2026-01-17T00:16:09","modified_gmt":"2026-01-17T00:16:09","slug":"ny-studie-tilbakeviser-trumps-pastand-om-paracetamol-og-autisme","status":"publish","type":"post","link":"https:\/\/www.europesays.com\/no\/139658\/","title":{"rendered":"Ny studie tilbakeviser Trumps p\u00e5stand om paracetamol og autisme"},"content":{"rendered":"\n<p class=\"_lead_o9xde_2 _lead_xtcu6_50 layout-component text-serif-m layout-normal text-serif-l layout-component layout-wide layout-padded _wide_17hqh_1 layout-padded\">Forskere finner ingen sammenheng mellom smertestilleren og utviklingsforstyrrelser.<\/p>\n<p><img alt=\"Donald Trump sa i september at bruken av paracetamol av gravide kvinner kan gi barn autisme. N\u00e5 sl\u00e5s p\u00e5standen nord og ned av ny forskning.  Foto: Kevin Lamarque \/ Reuters \/ NTB\" class=\"_image_qp4xg_65 layout-component layout-wide\" data-fullscreen- data-track-element-type=\"Article image fullscreen\" data-track-name=\"ImageFullscreen\" fetchpriority=\"high\" decoding=\"sync\" loading=\"eager\" height=\"1608\" itemprop=\"image\"  src=\"https:\/\/www.europesays.com\/no\/wp-content\/uploads\/2026\/01\/235c9b6c-a169-4a74-a565-6c076f8a28c1.jpeg\"  style=\"object-position:0% 0%\" width=\"2375\"\/>Donald Trump sa i september at bruken av paracetamol av gravide kvinner kan gi barn autisme. N\u00e5 sl\u00e5s p\u00e5standen nord og ned av ny forskning.  Foto: Kevin Lamarque \/ Reuters \/ NTB<\/p>\n<ul aria-hidden=\"true\" class=\"_images_ntbth_112\">\n<li><a class=\"_link_ntbth_117\" href=\"https:\/\/www.vg.no\/forfatter\/hege-varsi\" style=\"z-index:1\" title=\"Hege Varsi\" rel=\"nofollow noopener\" target=\"_blank\"><img alt=\"Bilde av Hege Varsi\" class=\"_image_ntbth_93\" fetchpriority=\"low\" loading=\"lazy\" decoding=\"async\" itemprop=\"image\"  src=\"https:\/\/www.europesays.com\/no\/wp-content\/uploads\/2026\/01\/1768608968_437_d48c09ee-ae08-4a71-8e5b-8db7c6b4f37d.png\"  width=\"480\"\/><\/a><\/li>\n<\/ul>\n<p> Oppdatert l\u00f8rdag 17. januar kl. 01:15     <\/p>\n<p class=\"_paragraph_o9xde_4 _paragraph_xtcu6_10 layout-component text-serif-m layout-normal text-serif-m layout-padded\">En omfattende ny studie tilbakeviser <a href=\"https:\/\/www.vg.no\/tag\/donald-trump-2?utm_source=vg-article&amp;utm_medium=auto-tagger&amp;utm_campaign=16B0eX\" class=\"_link_o9xde_39\" rel=\"nofollow noopener\" target=\"_blank\">Donald Trumps<\/a> p\u00e5stander om at paracetamol for\u00e5rsaker autisme hos barn.<\/p>\n<p class=\"_paragraph_o9xde_4 _paragraph_xtcu6_10 layout-component text-serif-m layout-normal text-serif-m layout-padded\">Syv forskere fra flere europeiske land har gjennomg\u00e5tt 43 tidligere studier og konkluderer med at det ikke finnes bevis for at paracetamol \u00f8ker risikoen for autisme, ADHD eller intellektuell funksjonsnedsettelse, melder <a href=\"https:\/\/www.theguardian.com\/society\/2026\/jan\/16\/study-debunks-trump-claim-paracetamol-causes-autism-pregnancy\" class=\"_link_o9xde_39\" rel=\"nofollow noopener\" target=\"_blank\">The Guardian<\/a>.<\/p>\n<p class=\"_paragraph_o9xde_4 _paragraph_xtcu6_10 layout-component text-serif-m layout-normal text-serif-m layout-padded\">Studien er publisert i det prestisjetunge tidsskriftet The Lancet.<\/p>\n<p class=\"_paragraph_o9xde_4 _paragraph_xtcu6_10 layout-component text-serif-m layout-normal text-serif-m layout-padded\">\u2013 Budskapet er klart: Paracetamol er fortsatt et trygt alternativ under graviditet n\u00e5r det tas som anbefalt, sier professor Asma Khalil ved City St George&#8217;s University i London, som ledet forskningen, if\u00f8lge The Guardian.<\/p>\n<p><img alt=\"En forskergruppe sl\u00e5r n\u00e5 fast at det ikke kan bevises at paracetamol \u00f8ker risikoen for autisme, ADHD eller intellektuell funksjonsnedsettelse hos barn dersom mor tar det smertestillende medikamentet under svangerskapet.   Foto: Vegar Jansen \/ VG\" class=\"_image_qp4xg_65 layout-component layout-normal\" data-fullscreen- data-track-element-type=\"Article image fullscreen\" data-track-name=\"ImageFullscreen\" decoding=\"async\" loading=\"lazy\" height=\"2188\" itemprop=\"image\"  src=\"https:\/\/www.europesays.com\/no\/wp-content\/uploads\/2026\/01\/3ad3339b-62a1-4371-8609-b4a41eedcf31.png\"  style=\"object-position:0% 0%\" width=\"3500\"\/>En forskergruppe sl\u00e5r n\u00e5 fast at det ikke kan bevises at paracetamol \u00f8ker risikoen for autisme, ADHD eller intellektuell funksjonsnedsettelse hos barn dersom mor tar det smertestillende medikamentet under svangerskapet.   Foto: Vegar Jansen \/ VG<\/p>\n<p class=\"_paragraph_o9xde_4 _paragraph_xtcu6_10 layout-component text-serif-m layout-normal text-serif-m layout-padded\">Det var i september i fjor at Trump <a href=\"https:\/\/www.vg.no\/nyheter\/i\/8qepGA\/trump-fraraader-gravide-aa-bruke-paracetamol-dette-sier-fhi\" data-track-element-type=\"Link\" data-track-id=\"link:8qepGA\" class=\"_link_o9xde_39\" rel=\"nofollow noopener\" target=\"_blank\">hevdet at gravide kvinner burde unng\u00e5 paracetamol<\/a>, og sa at \u00abdet ikke er noen ulemper\u00bb ved \u00e5 droppe smertestillende helt.<\/p>\n<p class=\"_paragraph_o9xde_4 _paragraph_xtcu6_10 layout-component text-serif-m layout-normal text-serif-m layout-padded\">\u2013 Det anbefales sterkt at kvinner begrenser bruken av Tylenol (paracetamol) under graviditet, med mindre det er helt medisinsk n\u00f8dvendig,\u00a0sa Trump under pressekonferansen. <\/p>\n<p class=\"_paragraph_o9xde_4 _paragraph_xtcu6_10 layout-component text-serif-m layout-normal text-serif-m layout-padded\">Uttalelsene skapte bekymring blant gravide verden over, siden paracetamol er det smertestillende midlet som helsemyndigheter verden over anbefaler gravide \u00e5 bruke mot smerter og feber.<\/p>\n<p class=\"_paragraph_o9xde_4 _paragraph_xtcu6_10 layout-component text-serif-m layout-normal text-serif-m layout-padded\">N\u00e5 sl\u00e5s p\u00e5standene alts\u00e5 ned. Forskergruppen har i sin gjennomgang av de 43 tidligere studiene om emnet gjort analyser hvor man sammenlignet helseutfall hos barn f\u00f8dt av samme mor. Totalt omfattet disse studiene 262 852 barn som hadde blitt vurdert for autisme, 335 255 for ADHD og 406 681 for intellektuell funksjonsnedsettelse.<\/p>\n<p class=\"_paragraph_o9xde_4 _paragraph_xtcu6_10 layout-component text-serif-m layout-normal layout-padded\"><strong class=\"_strong_o9xde_25\">Les ogs\u00e5:<\/strong> <a href=\"https:\/\/www.vg.no\/i\/0VPVrB\" data-track-element-type=\"Link\" data-track-id=\"link:0VPVrB\" class=\"_link_o9xde_39\" rel=\"nofollow noopener\" target=\"_blank\">Trump advarer gravide mot Paracet<\/a><\/p>\n<p class=\"_paragraph_o9xde_4 _paragraph_xtcu6_10 layout-component text-serif-m layout-normal text-serif-m layout-padded\">Ogs\u00e5 norske eksperter har tidligere <a href=\"https:\/\/www.vg.no\/nyheter\/i\/8qepGA\/trump-fraraader-gravide-aa-bruke-paracetamol-dette-sier-fhi\" data-track-element-type=\"Link\" data-track-id=\"link:8qepGA\" class=\"_link_o9xde_39\" rel=\"nofollow noopener\" target=\"_blank\">avvist Trumps p\u00e5stander<\/a>, deriblant FHI. <\/p>\n<p class=\"_paragraph_o9xde_4 _paragraph_xtcu6_10 layout-component text-serif-m layout-normal text-serif-m layout-padded\">\u2013 Per i dag er det ikke sterk st\u00f8tte i forskningen for en sammenheng mellom paracetamol i svangerskapet og autisme, sa Alexandra Havdahl, leder for Autismestudien i Folkehelseinstituttet, til VG i september. <\/p>\n<p class=\"_paragraph_o9xde_4 _paragraph_xtcu6_10 layout-component text-serif-m layout-normal text-serif-m layout-padded\">\u2013 Jeg er bekymret for at det kan spres udokumenterte p\u00e5stander om \u00e5rsakssammenhenger mellom foreldres adferd og autisme hos barn. Det kan f\u00f8re til un\u00f8dvendig bekymring og skyldf\u00f8lelse for gravide, og til stigmatisering og belastning for familier med barn med autisme, sa hun videre.<\/p>\n","protected":false},"excerpt":{"rendered":"Forskere finner ingen sammenheng mellom smertestilleren og utviklingsforstyrrelser. Donald Trump sa i september at bruken av paracetamol av&hellip;\n","protected":false},"author":2,"featured_media":139659,"comment_status":"","ping_status":"","sticky":false,"template":"","format":"standard","meta":{"footnotes":""},"categories":[12],"tags":[20,21,55,24,25,3525,2885,547,3011,15,22,23,13,30,28,29,14,16,26,27,42,46,43,44,45],"class_list":{"0":"post-139658","1":"post","2":"type-post","3":"status-publish","4":"format-standard","5":"has-post-thumbnail","7":"category-verden","8":"tag-breaking-news","9":"tag-breakingnews","10":"tag-donald-trump","11":"tag-featured-news","12":"tag-featurednews","13":"tag-folkehelseinstituttet","14":"tag-forskning","15":"tag-funksjonsnedsettelse","16":"tag-graviditet","17":"tag-headlines","18":"tag-latest-news","19":"tag-latestnews","20":"tag-news","21":"tag-no","22":"tag-norge","23":"tag-norway","24":"tag-nyheter","25":"tag-overskrifter","26":"tag-top-stories","27":"tag-topstories","28":"tag-verden","29":"tag-vgai","30":"tag-world","31":"tag-world-news","32":"tag-worldnews"},"share_on_mastodon":{"url":"https:\/\/pubeurope.com\/@no\/115907564841031531","error":""},"_links":{"self":[{"href":"https:\/\/www.europesays.com\/no\/wp-json\/wp\/v2\/posts\/139658","targetHints":{"allow":["GET"]}}],"collection":[{"href":"https:\/\/www.europesays.com\/no\/wp-json\/wp\/v2\/posts"}],"about":[{"href":"https:\/\/www.europesays.com\/no\/wp-json\/wp\/v2\/types\/post"}],"author":[{"embeddable":true,"href":"https:\/\/www.europesays.com\/no\/wp-json\/wp\/v2\/users\/2"}],"replies":[{"embeddable":true,"href":"https:\/\/www.europesays.com\/no\/wp-json\/wp\/v2\/comments?post=139658"}],"version-history":[{"count":0,"href":"https:\/\/www.europesays.com\/no\/wp-json\/wp\/v2\/posts\/139658\/revisions"}],"wp:featuredmedia":[{"embeddable":true,"href":"https:\/\/www.europesays.com\/no\/wp-json\/wp\/v2\/media\/139659"}],"wp:attachment":[{"href":"https:\/\/www.europesays.com\/no\/wp-json\/wp\/v2\/media?parent=139658"}],"wp:term":[{"taxonomy":"category","embeddable":true,"href":"https:\/\/www.europesays.com\/no\/wp-json\/wp\/v2\/categories?post=139658"},{"taxonomy":"post_tag","embeddable":true,"href":"https:\/\/www.europesays.com\/no\/wp-json\/wp\/v2\/tags?post=139658"}],"curies":[{"name":"wp","href":"https:\/\/api.w.org\/{rel}","templated":true}]}}