{"id":139670,"date":"2026-01-17T00:47:12","date_gmt":"2026-01-17T00:47:12","guid":{"rendered":"https:\/\/www.europesays.com\/no\/139670\/"},"modified":"2026-01-17T00:47:12","modified_gmt":"2026-01-17T00:47:12","slug":"sandra-borch-tatt-for-promillekjoring-nrk-troms-og-finnmark","status":"publish","type":"post","link":"https:\/\/www.europesays.com\/no\/139670\/","title":{"rendered":"Sandra Borch tatt for promillekj\u00f8ring \u2013 NRK Troms og Finnmark"},"content":{"rendered":"<p>\u2013 I oktober i fjor gjorde jeg noe jeg angrer dypt p\u00e5.<\/p>\n<p>Det skriver Sandra Borch i en e-post til <a href=\"https:\/\/www.nordlys.no\/tatt-for-promillekjoring-to-ganger-jeg-har-gjort-noe-jeg-angrer-dypt-pa\/s\/5-34-2274572\" ec-id=\"https:\/\/www.nordlys.no\/tatt-for-promillekjoring-to-ganger-jeg-har-gjort-noe-jeg-angrer-dypt-pa\/s\/5-34-2274572\" ec-name=\"Nordlys\" rel=\"nofollow noopener\" target=\"_blank\">Nordlys<\/a> fredag ettermiddag.<\/p>\n<p>\u2013 Ved to anledninger kj\u00f8rte jeg bil i alkoholp\u00e5virket tilstand. Blodpr\u00f8vene viste at jeg hadde en promille p\u00e5 0,64 da jeg ble stoppet i Balsfjord og en promille p\u00e5 1,56 da jeg ble stoppet i n\u00e6rheten av mitt hjem i Troms\u00f8, skriver hun videre.<\/p>\n<p>If\u00f8lge vegtrafikkloven \u00a7 31 bokstav C, straffes som regel kj\u00f8ring med alkoholkonsentrasjon i blodet over 1,2 promille med bot og ubetinget fengsel.<\/p>\n<p>NRK har kontaktet Sandra Borch for \u00e5 f\u00e5 en kommentar. Hun har forel\u00f8pig ikke svart.<\/p>\n<p>F\u00e5r hjelp fra helsevesenet<\/p>\n<p>Borch har opps\u00f8kt hjelp fra helsevesenet, med alkoholproblemer hun fortalte om p\u00e5 sosiale medier ved slutten av fjor\u00e5ret, den 22. desember. Hun hadde da lagt seg inn p\u00e5 en institusjon.<\/p>\n<p>Hun skrev:<\/p>\n<p>\u2013 Etter avgangen i h\u00f8st, har ikke livet v\u00e6rt bra. Jeg har skuffa mine n\u00e6rmeste aller mest. Det gj\u00f8r vondt. Alkohol har blitt l\u00f8sningen, dessverre.<\/p>\n<p><img decoding=\"async\"   src=\"data:image\/gif;base64,R0lGODlhAQABAIAAAAAAAP\/\/\/yH5BAEAAAAALAAAAAABAAEAAAIBRAA7\" loading=\"eager\" alt=\"Ksenia Novikova - OSLO\" title=\"Foto: Ksenia Novikova \/ NRK\"\/><\/p>\n<p class=\"\">Borch la seg selv inn p\u00e5 en institusjon ved slutten av fjor\u00e5ret, for \u00e5 f\u00e5 hjelp.<\/p>\n<p>Foto: Ksenia Novikova \/ NRK<\/p>\n<p>I ettertid fikk Borch <a href=\"https:\/\/www.nrk.no\/vestfoldogtelemark\/bla-kors-sjef-om-sandra-borch_-_-tror-mange-kjenner-seg-igjen-1.17705316\" ec-id=\"pp:article:1.17705316\" ec-name=\"skryt for \u00e5 st\u00e5 fram\" rel=\"nofollow noopener\" target=\"_blank\">skryt for \u00e5 st\u00e5 fram<\/a> om alkoholproblemer, av fagsjef ved Bl\u00e5 Kors-klinikken i Skien, psykologspesialist Tove Mathisen:<\/p>\n<p>\u2013 Jeg tror hun setter ord p\u00e5 en utfordring mange kjenner seg igjen i, men som er vanskelig \u00e5 snakke om. S\u00e6rlig n\u00e5r det gjelder alkohol som rusmiddel, sa Mathisen til NRK i desember.<\/p>\n<p>I e-posten hun sendte til Nordlys fredag ettermiddag, ber hun om ro slik at hun kan komme seg gjennom problemene hun st\u00e5r i.<\/p>\n<p>Hun sier ogs\u00e5 at hun er siktet for begge forholdene med promillekj\u00f8ring.<\/p>\n<p>\u2013 Jeg har tilst\u00e5tt forholdene og er klar for \u00e5 ta den straff jeg f\u00e5r.<\/p>\n<p>Sandra Borch har sittet p\u00e5 Stortinget fra 2017 til 2025. Hun var ogs\u00e5 landbruks- og matminister og forsknings- og h\u00f8yere utdanningsminister i den forrige regjeringen.<\/p>\n<p>Tromspolitikeren gikk av som forsknings- og h\u00f8yere utdanningsminister i januar 2024, etter at det ble avsl\u00f8rt plagiat i masteroppgaven hennes.<\/p>\n<p>Publisert<\/p>\n<p>16.01.2026, kl. 18.39<\/p>\n<p>Oppdatert<\/p>\n<p>16.01.2026, kl. 19.55<\/p>\n","protected":false},"excerpt":{"rendered":"\u2013 I oktober i fjor gjorde jeg noe jeg angrer dypt p\u00e5. Det skriver Sandra Borch i en&hellip;\n","protected":false},"author":2,"featured_media":120173,"comment_status":"","ping_status":"","sticky":false,"template":"","format":"standard","meta":{"footnotes":""},"categories":[10],"tags":[20,21,24,25,15,22,23,13,30,28,29,14,16,26,27],"class_list":{"0":"post-139670","1":"post","2":"type-post","3":"status-publish","4":"format-standard","5":"has-post-thumbnail","7":"category-norge","8":"tag-breaking-news","9":"tag-breakingnews","10":"tag-featured-news","11":"tag-featurednews","12":"tag-headlines","13":"tag-latest-news","14":"tag-latestnews","15":"tag-news","16":"tag-no","17":"tag-norge","18":"tag-norway","19":"tag-nyheter","20":"tag-overskrifter","21":"tag-top-stories","22":"tag-topstories"},"share_on_mastodon":{"url":"https:\/\/pubeurope.com\/@no\/115907687324636246","error":""},"_links":{"self":[{"href":"https:\/\/www.europesays.com\/no\/wp-json\/wp\/v2\/posts\/139670","targetHints":{"allow":["GET"]}}],"collection":[{"href":"https:\/\/www.europesays.com\/no\/wp-json\/wp\/v2\/posts"}],"about":[{"href":"https:\/\/www.europesays.com\/no\/wp-json\/wp\/v2\/types\/post"}],"author":[{"embeddable":true,"href":"https:\/\/www.europesays.com\/no\/wp-json\/wp\/v2\/users\/2"}],"replies":[{"embeddable":true,"href":"https:\/\/www.europesays.com\/no\/wp-json\/wp\/v2\/comments?post=139670"}],"version-history":[{"count":0,"href":"https:\/\/www.europesays.com\/no\/wp-json\/wp\/v2\/posts\/139670\/revisions"}],"wp:featuredmedia":[{"embeddable":true,"href":"https:\/\/www.europesays.com\/no\/wp-json\/wp\/v2\/media\/120173"}],"wp:attachment":[{"href":"https:\/\/www.europesays.com\/no\/wp-json\/wp\/v2\/media?parent=139670"}],"wp:term":[{"taxonomy":"category","embeddable":true,"href":"https:\/\/www.europesays.com\/no\/wp-json\/wp\/v2\/categories?post=139670"},{"taxonomy":"post_tag","embeddable":true,"href":"https:\/\/www.europesays.com\/no\/wp-json\/wp\/v2\/tags?post=139670"}],"curies":[{"name":"wp","href":"https:\/\/api.w.org\/{rel}","templated":true}]}}