{"id":139671,"date":"2026-01-17T00:48:44","date_gmt":"2026-01-17T00:48:44","guid":{"rendered":"https:\/\/www.europesays.com\/no\/139671\/"},"modified":"2026-01-17T00:48:44","modified_gmt":"2026-01-17T00:48:44","slug":"palestinakomiteens-leder-blir-straffet-for-skadeverket","status":"publish","type":"post","link":"https:\/\/www.europesays.com\/no\/139671\/","title":{"rendered":"Palestinakomiteens leder blir straffet for skadeverket"},"content":{"rendered":"<p>Under Arendalsuka 2025 ble MIFFs standtelt vandalisert.\u00a0<a href=\"https:\/\/miff.no\/medisraelforfred\/2025\/08\/13palestinakomiteens-leder-vandaliserte-miffs-telt.htm\" rel=\"nofollow noopener\" target=\"_blank\">H\u00e6rverket ble beg\u00e5tt av Palestinakomiteens nasjonale leder Line Khateeb<\/a> og <a href=\"https:\/\/miff.no\/medisraelforfred\/2025\/08\/14politisk-fordommelse-av-line-khateebs-vandalisme.htm\" rel=\"nofollow noopener\" target=\"_blank\">m\u00f8tte politisk ford\u00f8mmelse<\/a>.<\/p>\n<p>\u2013 Arendalsuka er en m\u00f8teplass der hovedhensikten er \u00e5 m\u00f8tes ansikt til ansikt for \u00e5 diskutere samfunnets utfordringer. Selv en demokratifestival trenger rammer og kj\u00f8reregler. At en akt\u00f8r velger \u00e5 tagge p\u00e5 en annen deltakers stand, er ikke ok, uttalte arrang\u00f8rene for Arendalsuka. <a href=\"https:\/\/miff.no\/medisraelforfred\/2025\/08\/19dette-svarer-arendalsuka-etter-palestinakomiteens-haerverk.htm\" rel=\"nofollow noopener\" target=\"_blank\">De har truet Palestinakomiteen med \u00e5 bli utestengt fra neste \u00e5rs festival dersom de ikke f\u00f8lger reglene.<\/a><\/p>\n<p>Etter Arendalsuka meldte MIFF h\u00e6rverket til politiet.<\/p>\n<p>\u2013 P\u00e5talemyndigheten mener at straffeskyld i denne saken kan bevises utover enhver rimelig tvil og at saken b\u00f8r avgj\u00f8res med et forelegg, skriver Agder politidistrikt i sitt forelegg til Line Khateeb. Hun blir d\u00f8mt for brudd p\u00e5 paragraf 351 i Straffeloven, \u00abfor \u00e5 ha skadet, \u00f8delagt, gjort ubrukelig eller forspilt en gjenstand som helt eller delvis tilh\u00f8rte en annen\u00bb.<\/p>\n<p>I desember godtok Palestinakomiteens leder en bot p\u00e5 6000 kroner for h\u00e6rverket. Hun ble ogs\u00e5 d\u00f8mt til \u00e5 betale en erstatning til MIFF p\u00e5 3261 kroner, kostanden for en ny teltvegg. MIFF mottok erstatningen fra Palestinakomiteens leder 15. januar.<\/p>\n<p>\u2013 Vi setter pris p\u00e5 denne avgj\u00f8relsen fra politiet. Det burde v\u00e6re selvsagt at skadeverk p\u00e5 v\u00e5r eiendom vil bli straffet, men vi har sett med bekymring p\u00e5 at f<a href=\"https:\/\/miff.no\/norge-og-israel\/2024\/11\/08politiet-har-ikke-straffeforfulgt-volden-mot-israel-venner.htm\" rel=\"nofollow noopener\" target=\"_blank\">lere episoder med vold og trakassering av Israel-venner ikke har blitt straffeforfulgt de siste to \u00e5rene<\/a>, kommenterer Conrad Myrland, daglig leder i MIFF.<\/p>\n<p>Trakassering av Israel-venner<\/p>\n<p>Etter 7. oktober 2023 har det v\u00e6rt en rekke eksempler p\u00e5 vold og trakassering mot Israel-venner i Norge. Her er noen eksempler:<\/p>\n<p><strong>Forhindring av gjennomf\u00f8ring av markering p\u00e5 Eidsvoll plass<\/strong><\/p>\n<p>15. oktober 2023 fors\u00f8kte motdemonstranter \u00e5 hindre gjennomf\u00f8ring av MIFFs markering p\u00e5 Eidsvollsplass. Politiet m\u00e5tte fjerne provokat\u00f8rene fra stedet, men de ble st\u00e5ende i n\u00e6rheten slik at deres sjikanerende og hatefulle kamprop forstyrret og overd\u00f8vet v\u00e5r markering, ogs\u00e5 da det ble avholdt 1 minutts stillhet for terrorofrene i Israel 7. oktober. Flere av provokat\u00f8rene tilh\u00f8rer et milj\u00f8 med ledere som \u00e5pent st\u00f8tter Hamas \u2013 en EU-listet terrororganisasjon.<\/p>\n<p><strong>Vold \/ hatkriminalitet p\u00e5 videreg\u00e5ende skole i Grenland<\/strong><\/p>\n<p>I november 2023 ble en elev p\u00e5 en videreg\u00e5ende skole i Grenland skallet ned etter at det ble skrevet \u00abFree Israel\u00bb p\u00e5 en tavle hvor det fra f\u00f8r stod \u00abFree Palestine\u00bb. Rektor p\u00e5 skolen kommenterer volden slik til avisen Varden: \u00abDet er fryktelig masse f\u00f8lelser p\u00e5 begge sider. Vi godt voksne mennesker greier jo ikke \u00e5 kommunisere skikkelige p\u00e5 dette omr\u00e5det. N\u00e5r det da er ungdommer p\u00e5 15-16 \u00e5r, s\u00e5 kan det fort g\u00e5 galt av sted rett og slett.\u00bb Og han legger til: \u00abI slike tilfeller med alvorlige hendelser hvor det mangler innr\u00f8mmelser og vi ikke kan konkludere med skyld, s\u00e5 politianmelder vi. Som skole s\u00e5 kan jo ikke vi etterforske. N\u00e5 jobber vi videre med \u00e5 trygge elevene p\u00e5 skolen, b\u00e5de den som er utsatt og de som er rundt.\u00bb Politiet sa til avisen at de kjenner identiteten til den voldelige personen, men hva har skjedd i saken?<\/p>\n<p><strong>Hatefulle ytringer og truende adferd i Oslo og Stavanger<\/strong><\/p>\n<p>14. januar 2024 samlet norske j\u00f8der og deres venner seg i Oslo og Stavanger i sorg for \u00e5 sette fokus p\u00e5 gislene som hadde v\u00e6rt fanget av en islamistisk terrororganisasjon i hundre dager. Under markeringene for gislene stod motdemonstrantene og skrek anti-israelske slagord. Blant alle ropene om \u00e5 \u00abskamme seg\u00bb, om \u00ab\u00e5 boikotte Israel\u00bb og at \u00abIsrael er terrorister\u00bb, ropte ogs\u00e5 motdemonstrantene blant annet:<\/p>\n<ul class=\"wp-block-list\">\n<li>\u00abFrom the river to the sea, Palestine will be free!\u201d\u00a0Dette er et velkjent kodeord for at de vil ha den j\u00f8diske staten utslettet, akkurat som ogs\u00e5 Hamas og Fatah kjemper for.<\/li>\n<li>\u00abAre you sure you still condone, when Netanyahu kills his own?\u201d\u00a0Dette er en konspirasjonsteori som verserer etter 7. oktober om at israelske myndigheter hadde en rolle i massakren. Dette er Hamas-propaganda for \u00e5 skyve ansvaret p\u00e5 de bestialske drapene, torturen og voldtektene bort fra terrororganisasjonen.<\/li>\n<\/ul>\n<p>Da norske j\u00f8der og Israel-venner forlot markeringen i Oslo, pekte motdemonstrantene p\u00e5 personer som gikk forbi sperregjerdene og ropte mot dem \u00abbarnemorder, barnemorder\u00bb.\u00a0Videoopptak fra Stavanger viser hvordan motdemonstrantene kom stadig n\u00e6rmere Israel-vennene, som opplevde situasjonen truende, og hvordan markeringen ble forstyrret. <a href=\"https:\/\/www.youtube.com\/watch?v=DV5e4qaTni0\" rel=\"nofollow noopener\" target=\"_blank\">https:\/\/www.youtube.com\/watch?v=DV5e4qaTni0<\/a><\/p>\n<p><strong>Truende adferd i Bergen<\/strong><\/p>\n<p>7. februar 2024 skulle MIFF Bergen avholde et m\u00f8te med bes\u00f8k av to unge israelere og visning av en dokumentarfilm om massakren p\u00e5 musikkfestivalen Supernova i Israel 7. oktober 2023. MIFF hadde inng\u00e5tt avtale med visning av filmen p\u00e5 kinoen p\u00e5 Lagunen Storsenter, men avtalen ble brutt av storsenteret etter at politiet hadde kontaktet dem om sikkerheten knyttet til arrangementet. Da MIFF fant et alternativt m\u00f8tested troppet motdemonstranter opp i n\u00e6rheten p\u00e5 en truende m\u00e5te. Ogs\u00e5 da MIFF Bergen hadde m\u00f8te 16. januar, med tale av en Holocaust-overlever, var det varslet motdemonstrasjon som krevde omfattende forarbeid av politiet. Der ble det s\u00e5 vidt vi vet ingen stor motdemonstrasjon.<\/p>\n<p><strong>Hatefulle ytringer og hensynsl\u00f8s adferd<\/strong><\/p>\n<p>4. mars 2024 ble det satt opp plakater i Trondheim hvor Conrad Myrland, daglig leder i MIFF, og Bjarte Bjell\u00e5s, journalist i MIFF, var avbildet under overskriften \u00abMed Israel for folkemord\u00bb. Dette er en hatytring og hensynsl\u00f8s adferd mot to av v\u00e5re ansatte.<\/p>\n<p><strong>Vold \/ hatkriminalitet<\/strong><\/p>\n<p>8. mars 2024 ble en mann i 50-\u00e5rene brutalt angrepet i Sandefjord fordi han m\u00f8tte fram med et israelsk flagg til markering av kvinnedagen. Han m\u00e5tte v\u00e6re ett d\u00f8gn p\u00e5 sykehus etter hendelsen med store smerter i hode og nakke. <a href=\"https:\/\/miff.no\/norge-og-israel\/2024\/11\/08politiet-har-ikke-straffeforfulgt-volden-mot-israel-venner.htm\" rel=\"nofollow noopener\" target=\"_blank\">Saken ble sendt til Konfliktr\u00e5det.<\/a> 8. mars ble ogs\u00e5 j\u00f8diske kvinner og venner av disse nektet mulighet til \u00e5 g\u00e5 i 8. mars-toget i Oslo.<\/p>\n<p><strong>Forhindring av gjennomf\u00f8ring av st\u00f8ttemarkering p\u00e5 fotballkamp og vold<\/strong><\/p>\n<p>26. mars 2024 spilte Norge og Israel kvalifiseringskamp til Gutter 19 EM i fotball p\u00e5 Skagerak Arena i Skien. MIFF hadde invitert v\u00e5re medlemmer til \u00e5 se p\u00e5 kampen, noe vi ogs\u00e5 har gjort tidligere n\u00e5r israelske sportsut\u00f8vere har v\u00e6rt i aktivitet i Norge. Fotballforbundet og UEFA valgte \u00e5 stenge kampen for publikum p\u00e5 grunn av sikkerhetsrisikoen fra anti-israelske provokat\u00f8rer. MIFF m\u00e5tte med tungt hjerte avbl\u00e5se oppm\u00f8te til kampen. Men de anti-israelske p\u00f8blene m\u00f8tte opp i stort antall. Det ble kastet stein og fyrverkeri mot politiet. Journalister ble forhindret i sitt arbeid og voldelig angrepet.<\/p>\n<p><strong>MIFFs markering angrepet av steinkastere<\/strong><\/p>\n<p>14. mai 2024 arrangerte MIFF Stavanger en stor markering i Byparken i anledning 76-\u00e5rsdagen for gjenopprettelsen av den moderne staten Israel. Anti-israelske motaktivister trakasserte deltakerne p\u00e5 MIFFs markering, skrek kamprop og kastet steiner s\u00e5 flere MIFFere ble skadet.\u00a0<a href=\"https:\/\/miff.no\/medisraelforfred\/2024\/05\/15politiet-sviktet-totalt-da-steinkastere-angrep-miffs-demonstrasjon-i-stavanger.htm\" rel=\"nofollow noopener\" target=\"_blank\">Politiet sviktet totalt da steinkastere angrep MIFFs demonstrasjon i Stavanger<\/a>, skrev MIFF. Til tross for l\u00f8fter var ikke politiet til stede med mannskap da MIFFs markering begynte, og det kom aldri nok mannskap til \u00e5 f\u00e5 drevet motdemonstrantene bort. <a href=\"https:\/\/miff.no\/norge-og-israel\/2024\/06\/12politiet-beklager-til-miff-vi-skal-gjore-vart-beste-for-at-det-ikke-skal-skje-igjen.htm\" rel=\"nofollow noopener\" target=\"_blank\">I ettertid kom det beklagelse fra politiet.<\/a><\/p>\n<p><strong>Drapsoppfordring p\u00e5 j\u00f8der i Grimstad<\/strong><\/p>\n<p>I februar 2025 oppdaget et MIFF-medlem et redselsfullt budskap tagget p\u00e5 bygget til den lokale tennisklubben i Grimstad. \u00abDrrep j\u00f8der\u00bb stod det det med r\u00f8d maling p\u00e5 den hvite grunnmuren. Bygget ligger like ved kunstgressbanen til Holviga ungdomsskole. Da Haugum anmeldte drapsoppfordringen, fikk han avvisende svar fra Agder politidistrikt. <a href=\"https:\/\/miff.no\/antisemittisme\/2025\/02\/28politiet-ble-instruert-til-a-registrere-anmeldelse-av-drapsoppfordring-pa-joder.htm\" rel=\"nofollow noopener\" target=\"_blank\">Politiet m\u00e5tte f\u00e5 instruks fra Agder statsadvokatembeter f\u00f8r de registrerte anmeldelsen.<\/a><\/p>\n<p><strong>Hus, bil og eiendom til Israel-venn ble vandalisert<\/strong><\/p>\n<p>Natt til torsdag 31. juli 2025 ble et MIFF-medlem i Skien utsatt for vandalisering av sin eiendom, tilsynelatende som en reaksjon p\u00e5 at hun hadde et par sm\u00e5 israelske flagg i kj\u00f8kkenvinduet.\u00a0<a href=\"https:\/\/miff.no\/medisraelforfred\/2025\/08\/05hus-bil-og-eiendom-til-israel-venn-ble-vandalisert-politiet-henla-saken-etter-tre-arbeidsdager.htm\" rel=\"nofollow noopener\" target=\"_blank\">Politiet henla saken etter tre arbeidsdager.<\/a><\/p>\n<p><strong>Trusler mot MIFF-medlemmer<\/strong><\/p>\n<p>L\u00f8rdag 1. november 2025 ble\u00a0<a href=\"https:\/\/miff.no\/norge-og-israel\/2025\/11\/27antirasister-ropte-onske-om-at-barnebarna-til-miff-medlem-skulle-do.htm\" rel=\"nofollow noopener\" target=\"_blank\">MIFF-medlemmer trakassert av medlemmer av \u00abAntirasistisk Front\u00bb\u00a0under MIFF Forum p\u00e5 Sola Strand Hotel<\/a>. En kvinne gikk til politianmeldelse, <a href=\"https:\/\/miff.no\/medisraelforfred\/2025\/12\/03politiet-henlegger-trussel-mot-miff-medlem.htm\" rel=\"nofollow noopener\" target=\"_blank\">men fikk raskt svar om henleggelse fra S\u00f8r-Vest politidistrikt<\/a>.<\/p>\n<p>\u2013<\/p>\n<p>Dette er ikke noen utt\u00f8mmende liste med eksempler p\u00e5 vold og trakassering som Israel-venner er blitt utsatt for de siste to \u00e5rene. Det har blant annet v\u00e6rt en lang rekke andre eksempler p\u00e5 at anti-israelske aktivister har forstyrret MIFF-m\u00f8ter og arrangementer, og opptr\u00e5dt trakasserende og truende.<\/p>\n<p>Flere av disse forholdene kvalifisere etter v\u00e5rt skj\u00f8nn til straffeforf\u00f8lgelse og reiser sp\u00f8rsm\u00e5l om sikkerheten p\u00e5 pro-Israelske arrangementer er tilstrekkelig ivaretatt. Alt dette kommer i tillegg til de alvorlige bekymringsmeldingene som er kommet fra lederskapet i de j\u00f8diske menighetene i Norge. De opplever at deres sikkerhetssituasjon er den mest truede siden andre verdenskrig.<\/p>\n<p>Ingen pro-israelske krefter m\u00f8ter opp og lager br\u00e5k for de pro-palestinske markeringene. Langt mindre blir noen av deltakerne der sjikanert av en mobb fordi de deltar.<\/p>\n","protected":false},"excerpt":{"rendered":"Under Arendalsuka 2025 ble MIFFs standtelt vandalisert.\u00a0H\u00e6rverket ble beg\u00e5tt av Palestinakomiteens nasjonale leder Line Khateeb og m\u00f8tte politisk&hellip;\n","protected":false},"author":2,"featured_media":139672,"comment_status":"","ping_status":"","sticky":false,"template":"","format":"standard","meta":{"footnotes":""},"categories":[5],"tags":[20,21,24,25,15,19,22,23,15874,17,18,13,30,28,29,14,16,3370,254,15875,15876,26,27],"class_list":{"0":"post-139671","1":"post","2":"type-post","3":"status-publish","4":"format-standard","5":"has-post-thumbnail","7":"category-overskrifter","8":"tag-breaking-news","9":"tag-breakingnews","10":"tag-featured-news","11":"tag-featurednews","12":"tag-headlines","13":"tag-hovedoppslag","14":"tag-latest-news","15":"tag-latestnews","16":"tag-line-khateeb","17":"tag-main-news","18":"tag-mainnews","19":"tag-news","20":"tag-no","21":"tag-norge","22":"tag-norway","23":"tag-nyheter","24":"tag-overskrifter","25":"tag-palestinakomiteen","26":"tag-politi","27":"tag-straff","28":"tag-straffeloven","29":"tag-top-stories","30":"tag-topstories"},"share_on_mastodon":{"url":"https:\/\/pubeurope.com\/@no\/115907690673514580","error":""},"_links":{"self":[{"href":"https:\/\/www.europesays.com\/no\/wp-json\/wp\/v2\/posts\/139671","targetHints":{"allow":["GET"]}}],"collection":[{"href":"https:\/\/www.europesays.com\/no\/wp-json\/wp\/v2\/posts"}],"about":[{"href":"https:\/\/www.europesays.com\/no\/wp-json\/wp\/v2\/types\/post"}],"author":[{"embeddable":true,"href":"https:\/\/www.europesays.com\/no\/wp-json\/wp\/v2\/users\/2"}],"replies":[{"embeddable":true,"href":"https:\/\/www.europesays.com\/no\/wp-json\/wp\/v2\/comments?post=139671"}],"version-history":[{"count":0,"href":"https:\/\/www.europesays.com\/no\/wp-json\/wp\/v2\/posts\/139671\/revisions"}],"wp:featuredmedia":[{"embeddable":true,"href":"https:\/\/www.europesays.com\/no\/wp-json\/wp\/v2\/media\/139672"}],"wp:attachment":[{"href":"https:\/\/www.europesays.com\/no\/wp-json\/wp\/v2\/media?parent=139671"}],"wp:term":[{"taxonomy":"category","embeddable":true,"href":"https:\/\/www.europesays.com\/no\/wp-json\/wp\/v2\/categories?post=139671"},{"taxonomy":"post_tag","embeddable":true,"href":"https:\/\/www.europesays.com\/no\/wp-json\/wp\/v2\/tags?post=139671"}],"curies":[{"name":"wp","href":"https:\/\/api.w.org\/{rel}","templated":true}]}}