{"id":139677,"date":"2026-01-17T01:36:22","date_gmt":"2026-01-17T01:36:22","guid":{"rendered":"https:\/\/www.europesays.com\/no\/139677\/"},"modified":"2026-01-17T01:36:22","modified_gmt":"2026-01-17T01:36:22","slug":"lokal-strid-om-kommunesammeslaing-tynset-hoyre-presser-pa-tolgas-ordforer-sier-nei-arbeidets-rett","status":"publish","type":"post","link":"https:\/\/www.europesays.com\/no\/139677\/","title":{"rendered":"Lokal strid om kommunesammesl\u00e5ing: Tynset H\u00f8yre presser p\u00e5, Tolgas ordf\u00f8rer sier nei &#8211; Arbeidets Rett"},"content":{"rendered":"<ol>\n<li><a href=\"https:\/\/news.google.com\/rss\/articles\/CBMiuwFBVV95cUxQcXB5VlB6dTRZY2swLXdVWGFiRFdlSUI1YjBWTGUxb1BncnlfQm02Y2ZTQmN6WUFzZnJ2ZDdsNVJZODZFU0Npdk1NWUlrQmQzZ2RsVWIzTWRmNlZvaHdnLWxtLUlYdHJNS0hxMGctdmJWWkpEWEhlSTkybXNLUFd0d3RQTFhhQ01pT0FlUWE2aGFlcXNwVDljcGRIa05FV1puaTl3N2Y0ZExJdWE4dmtpc25XWDl0WGtGb2R3?oc=5\" target=\"_blank\" rel=\"nofollow noopener\">Lokal strid om kommunesammesl\u00e5ing: Tynset H\u00f8yre presser p\u00e5, Tolgas ordf\u00f8rer sier nei<\/a>&nbsp;&nbsp;Arbeidets Rett<\/li>\n<li><a href=\"https:\/\/news.google.com\/rss\/articles\/CBMieEFVX3lxTE1ENlBVZERRTWRKaks1cVE4bDlwei1RNE83MDAwREdUY3QzYkYzaEpITUgtamFZQzhJaF90dmdCMkZucHdURGtBY3ZqdHBHZ1pCWkxfSlJiMnBIdnptZHlLR1BRdTI4SHZ2bXotcXE3RFN4XzlmNGZrdg?oc=5\" target=\"_blank\" rel=\"nofollow noopener\">P\u00e5 tide med f\u00e6rre kommuner<\/a>&nbsp;&nbsp;fvn.no<\/li>\n<li><a href=\"https:\/\/news.google.com\/rss\/articles\/CBMitgFBVV95cUxOMjNUcmk5YWVTZkxFRHNjejhlMENUMHZRR0dfaWtRajV2bEx6N3BPUHBGRFJrWVhxa1BpZ3hZaWR0OVpuVndpRXFqYzFmRXNGQi1Qa3FWQ3V4TWpNSzFhMnp0QzRwdm9hM3VTNTdWRXNWTTlWQ05lVmlNSDJEZ2NLM1dOenBsOEQ3WWw1MHVJNkRvcDhQREhucGx5ZFU0MVFUNDJYdFlXT0laaTFheWFiSm9OaEFMZw?oc=5\" target=\"_blank\" rel=\"nofollow noopener\">Kommunalministeren: \u2013 Ganske sikker p\u00e5 at det blir f\u00e6rre kommuner<\/a>&nbsp;&nbsp;Aftenposten<\/li>\n<li><a href=\"https:\/\/news.google.com\/rss\/articles\/CBMivAFBVV95cUxQemtWQkFCbFRGcW9FV2RWd3NfMm5taW9xWkpyMTF0dWdVaXRKMUg0bVM0V2JGejVpX1hUYlZtZzFTbmotZGt0bzM5b2Z6VlRMa1p2OVFSbGxWcnZFSDNNTi1abkdWUF9kVmJnaW1UOVRGSi1jWDhaNmpvMGdobWJ2dUZpbGxUUjhIWlNUNXFHXzJ1enpFckVibzFzUVlhV1RHZm5FR3lmYzB5TkdRQlRNcDgxY1hyV3JkLVNqeg?oc=5\" target=\"_blank\" rel=\"nofollow noopener\">Skriftlig sp\u00f8rsm\u00e5l fra Mudassar Kapur (H) til kommunal- og distriktsministeren<\/a>&nbsp;&nbsp;Stortinget.no<\/li>\n<li><a href=\"https:\/\/news.google.com\/rss\/articles\/CBMiggFBVV95cUxPS1RGVlZhZ2xHTmVaV0ZRYlFnX0E4UXhQbUhpVUlVSl9ZeWJONFNkOHZkell5X1FWLTRTcW81YzhUdGFSSXJ0cEJjQ0U5V285a2dubWI0WEY0c29jZ2JQVThFeWFFOG93ZktfMWRkaWY2alFWSmpINUNIbURBeUd5OVln?oc=5\" target=\"_blank\" rel=\"nofollow noopener\">Kva gjer dei om Her\u00f8y, Ulstein og Sande blir storkommune?<\/a>&nbsp;&nbsp;morenytt.no<\/li>\n<\/ol>\n","protected":false},"excerpt":{"rendered":"Lokal strid om kommunesammesl\u00e5ing: Tynset H\u00f8yre presser p\u00e5, Tolgas ordf\u00f8rer sier nei&nbsp;&nbsp;Arbeidets Rett P\u00e5 tide med f\u00e6rre kommuner&nbsp;&nbsp;fvn.no&hellip;\n","protected":false},"author":2,"featured_media":139678,"comment_status":"","ping_status":"","sticky":false,"template":"","format":"standard","meta":{"footnotes":""},"categories":[10],"tags":[20,21,24,25,15,22,23,13,30,28,29,14,16,26,27],"class_list":{"0":"post-139677","1":"post","2":"type-post","3":"status-publish","4":"format-standard","5":"has-post-thumbnail","7":"category-norge","8":"tag-breaking-news","9":"tag-breakingnews","10":"tag-featured-news","11":"tag-featurednews","12":"tag-headlines","13":"tag-latest-news","14":"tag-latestnews","15":"tag-news","16":"tag-no","17":"tag-norge","18":"tag-norway","19":"tag-nyheter","20":"tag-overskrifter","21":"tag-top-stories","22":"tag-topstories"},"share_on_mastodon":{"url":"https:\/\/pubeurope.com\/@no\/115907879421676189","error":""},"_links":{"self":[{"href":"https:\/\/www.europesays.com\/no\/wp-json\/wp\/v2\/posts\/139677","targetHints":{"allow":["GET"]}}],"collection":[{"href":"https:\/\/www.europesays.com\/no\/wp-json\/wp\/v2\/posts"}],"about":[{"href":"https:\/\/www.europesays.com\/no\/wp-json\/wp\/v2\/types\/post"}],"author":[{"embeddable":true,"href":"https:\/\/www.europesays.com\/no\/wp-json\/wp\/v2\/users\/2"}],"replies":[{"embeddable":true,"href":"https:\/\/www.europesays.com\/no\/wp-json\/wp\/v2\/comments?post=139677"}],"version-history":[{"count":0,"href":"https:\/\/www.europesays.com\/no\/wp-json\/wp\/v2\/posts\/139677\/revisions"}],"wp:featuredmedia":[{"embeddable":true,"href":"https:\/\/www.europesays.com\/no\/wp-json\/wp\/v2\/media\/139678"}],"wp:attachment":[{"href":"https:\/\/www.europesays.com\/no\/wp-json\/wp\/v2\/media?parent=139677"}],"wp:term":[{"taxonomy":"category","embeddable":true,"href":"https:\/\/www.europesays.com\/no\/wp-json\/wp\/v2\/categories?post=139677"},{"taxonomy":"post_tag","embeddable":true,"href":"https:\/\/www.europesays.com\/no\/wp-json\/wp\/v2\/tags?post=139677"}],"curies":[{"name":"wp","href":"https:\/\/api.w.org\/{rel}","templated":true}]}}