{"id":139679,"date":"2026-01-17T01:41:32","date_gmt":"2026-01-17T01:41:32","guid":{"rendered":"https:\/\/www.europesays.com\/no\/139679\/"},"modified":"2026-01-17T01:41:32","modified_gmt":"2026-01-17T01:41:32","slug":"gauldalingene-drikker-mindre-sprit-enn-for-noe-er-i-ferd-med-a-snu-tronderbladet-no","status":"publish","type":"post","link":"https:\/\/www.europesays.com\/no\/139679\/","title":{"rendered":"Gauldalingene drikker mindre sprit enn f\u00f8r: \u2013 Noe er i ferd med \u00e5 snu &#8211; tronderbladet.no"},"content":{"rendered":"<ol>\n<li><a href=\"https:\/\/news.google.com\/rss\/articles\/CBMiqAFBVV95cUxNLUphRG1IUjNzWGk0S3NXMFRKT3lDRlB3X0hJZ29yV0dPeWFFYWpibEZtZTlTTHoyZGFDbUFIa0dNYjBacXlFQmhWWmtlVmJrMlBSN0xMZm13aVlSYXJYcG9iR0VNM2FrdlNtTm0tVFpZbWkzNXpwZkJrQjBqZzlDaFlJMUhlSDViRlFIcDJyaXVzMUxYUDhrSFVrX0VyVTNTcEY0UHNaLXc?oc=5\" target=\"_blank\" rel=\"nofollow noopener\">Gauldalingene drikker mindre sprit enn f\u00f8r: \u2013 Noe er i ferd med \u00e5 snu<\/a>&nbsp;&nbsp;tronderbladet.no<\/li>\n<li><a href=\"https:\/\/news.google.com\/rss\/articles\/CBMinAFBVV95cUxQOW50a3BmdDFac0ViaXZJU294ak9KWDdUQzhXaS0yQXNZVzBVMXFjYVBrSXcwSjh6Nmk4SmFIaXR1a0hlTDFNbkRDOFh2Qk9ad2hWWFFqMjRrVElrR1MyQ2g2eGNhQmtjQjdmLXdOdkhzV0tWVVB1MV9RdWVDYk1iUm91TW45ODVwNHZyQlVSZ2NWUjFZZVdnamF0TVc?oc=5\" target=\"_blank\" rel=\"nofollow noopener\">Nordfjordingane handla mindre p\u00e5 Vinmonopolet i fjor<\/a>&nbsp;&nbsp;Firda Tidend<\/li>\n<li><a href=\"https:\/\/news.google.com\/rss\/articles\/CBMiiAFBVV95cUxQb1RjNHNwbVhSWXZoRFUyZmMtUHZ6OWt3enBYdlB1UFdTUXZVcVVOOFNhTThsTGFpVlJfRGZQZFJ3MmFFWVdsbG5zVUl5WDVJWklIc2c0c0lfemwyY0o1TFVVWDJqMUdLQzFubFo5UkxfYzNqNHA4SENTMUdkTmVnS0kySDUweW95?oc=5\" target=\"_blank\" rel=\"nofollow noopener\">N\u00e6ringsliv, Kultur | Nedgang i salget tross nytt polutsalg<\/a>&nbsp;&nbsp;Namdalsavisa<\/li>\n<li><a href=\"https:\/\/news.google.com\/rss\/articles\/CBMiigFBVV95cUxNa3l2WUhvOWh4eEd6T1JxY1NPVnA0RjhRcjNZeWRxWWsybjFUc1BxSll4NmtRcnRYZFVYZnR4bS1TMW1RR2hnc1NRcEtqeEljYm4wb21KWGZSWDZVcTIyUWN2czRPT1pmMG9yNE9qWTI2UWNvdk03bm5uZXh6Z2QyRlM5djhJN1UwU3c?oc=5\" target=\"_blank\" rel=\"nofollow noopener\">Arbeidsliv, N\u00e6ringsliv | Dette kj\u00f8pte lofotingene p\u00e5 polet i 2025<\/a>&nbsp;&nbsp;Lofotposten<\/li>\n<li><a href=\"https:\/\/news.google.com\/rss\/articles\/CBMie0FVX3lxTE5nWk1uM195RkVhUzdLS3B4LURtcEtIbXhnanZ2d1dvTjlINlRPa0JFZWJzU1E3RVVud2M5X19nNmYxTDZXaE42R0ZLSHIzYzVBTFFsMWVjNHdTVHpHTVl5TEtCMGhMSW5lN1RsLTJDUWtGQ2FWbmcybzV1cw?oc=5\" target=\"_blank\" rel=\"nofollow noopener\">Mer \u00f8l og mindre brennevin i julehandelen<\/a>&nbsp;&nbsp;S\u00e1gat<\/li>\n<\/ol>\n","protected":false},"excerpt":{"rendered":"Gauldalingene drikker mindre sprit enn f\u00f8r: \u2013 Noe er i ferd med \u00e5 snu&nbsp;&nbsp;tronderbladet.no Nordfjordingane handla mindre p\u00e5&hellip;\n","protected":false},"author":2,"featured_media":139680,"comment_status":"","ping_status":"","sticky":false,"template":"","format":"standard","meta":{"footnotes":""},"categories":[56],"tags":[60,61,62,30,28,29],"class_list":{"0":"post-139679","1":"post","2":"type-post","3":"status-publish","4":"format-standard","5":"has-post-thumbnail","7":"category-naeringsliv","8":"tag-business","9":"tag-economy","10":"tag-naeringsliv","11":"tag-no","12":"tag-norge","13":"tag-norway"},"share_on_mastodon":{"url":"https:\/\/pubeurope.com\/@no\/115907899081909650","error":""},"_links":{"self":[{"href":"https:\/\/www.europesays.com\/no\/wp-json\/wp\/v2\/posts\/139679","targetHints":{"allow":["GET"]}}],"collection":[{"href":"https:\/\/www.europesays.com\/no\/wp-json\/wp\/v2\/posts"}],"about":[{"href":"https:\/\/www.europesays.com\/no\/wp-json\/wp\/v2\/types\/post"}],"author":[{"embeddable":true,"href":"https:\/\/www.europesays.com\/no\/wp-json\/wp\/v2\/users\/2"}],"replies":[{"embeddable":true,"href":"https:\/\/www.europesays.com\/no\/wp-json\/wp\/v2\/comments?post=139679"}],"version-history":[{"count":0,"href":"https:\/\/www.europesays.com\/no\/wp-json\/wp\/v2\/posts\/139679\/revisions"}],"wp:featuredmedia":[{"embeddable":true,"href":"https:\/\/www.europesays.com\/no\/wp-json\/wp\/v2\/media\/139680"}],"wp:attachment":[{"href":"https:\/\/www.europesays.com\/no\/wp-json\/wp\/v2\/media?parent=139679"}],"wp:term":[{"taxonomy":"category","embeddable":true,"href":"https:\/\/www.europesays.com\/no\/wp-json\/wp\/v2\/categories?post=139679"},{"taxonomy":"post_tag","embeddable":true,"href":"https:\/\/www.europesays.com\/no\/wp-json\/wp\/v2\/tags?post=139679"}],"curies":[{"name":"wp","href":"https:\/\/api.w.org\/{rel}","templated":true}]}}