{"id":139681,"date":"2026-01-17T01:52:08","date_gmt":"2026-01-17T01:52:08","guid":{"rendered":"https:\/\/www.europesays.com\/no\/139681\/"},"modified":"2026-01-17T01:52:08","modified_gmt":"2026-01-17T01:52:08","slug":"fotgjenger-pakjort-i-bergen-bilforer-stakk-av","status":"publish","type":"post","link":"https:\/\/www.europesays.com\/no\/139681\/","title":{"rendered":"Fotgjenger p\u00e5kj\u00f8rt i Bergen \u2013 bilf\u00f8rer stakk av"},"content":{"rendered":"\n<p class=\"_lead_o9xde_2 _lead_xtcu6_50 layout-component text-serif-m layout-normal text-serif-l layout-component layout-wide layout-padded _wide_17hqh_1 layout-padded\">En person ble sent fredag kveld p\u00e5kj\u00f8rt av en bil i et overgangsfelt i Loddefjord i Bergen. Bilf\u00f8reren stakk av fra stedet. <\/p>\n<ul aria-hidden=\"true\" class=\"_images_ntbth_112\">\n<li><a class=\"_link_ntbth_117\" href=\"https:\/\/www.vg.no\/forfatter\/ntb\" style=\"z-index:1\" title=\"NTB\" rel=\"nofollow noopener\" target=\"_blank\"><img alt=\"Bilde av NTB\" class=\"_image_ntbth_93\" fetchpriority=\"low\" loading=\"lazy\" decoding=\"async\" itemprop=\"image\"  src=\"https:\/\/www.europesays.com\/no\/wp-content\/uploads\/2026\/01\/1768614728_555_c33980b0-5d07-4027-84a1-813f90a7c8d6.png\"  width=\"480\"\/><\/a><\/li>\n<\/ul>\n<p> Oppdatert l\u00f8rdag 17. januar kl. 01:47     <\/p>\n<p class=\"_paragraph_o9xde_4 _paragraph_xtcu6_10 layout-component text-serif-m layout-normal text-serif-m layout-padded\">Personen som ble p\u00e5kj\u00f8rt, framst\u00e5r v\u00e5ken og oppeg\u00e5ende. Blir kj\u00f8rt sykehus for sjekk, opplyser Vest politidistrikt p\u00e5 politiloggen.<\/p>\n<p class=\"_paragraph_o9xde_4 _paragraph_xtcu6_10 layout-component text-serif-m layout-normal text-serif-m layout-padded\">\u2013 Bilen som var involvert, kj\u00f8rte fra stedet f\u00f8r politi ankom, opplyser operasjonsleder Ole Ronny Olsen.<\/p>\n<p class=\"_paragraph_o9xde_4 _paragraph_xtcu6_10 layout-component text-serif-m layout-normal text-serif-m layout-padded\">Politiet meldte om ulykken klokken 23.47. Ved 0.30-tiden hadde politiet s\u00f8kt etter bilen som stakk av, men hadde da ikke funnet kj\u00f8ret\u00f8yet.<\/p>\n","protected":false},"excerpt":{"rendered":"En person ble sent fredag kveld p\u00e5kj\u00f8rt av en bil i et overgangsfelt i Loddefjord i Bergen. Bilf\u00f8reren&hellip;\n","protected":false},"author":2,"featured_media":139682,"comment_status":"","ping_status":"","sticky":false,"template":"","format":"standard","meta":{"footnotes":""},"categories":[12],"tags":[444,20,21,24,25,15,22,23,13,30,28,29,14,16,26,27,51,42,213,43,44,45],"class_list":{"0":"post-139681","1":"post","2":"type-post","3":"status-publish","4":"format-standard","5":"has-post-thumbnail","7":"category-verden","8":"tag-bergen","9":"tag-breaking-news","10":"tag-breakingnews","11":"tag-featured-news","12":"tag-featurednews","13":"tag-headlines","14":"tag-latest-news","15":"tag-latestnews","16":"tag-news","17":"tag-no","18":"tag-norge","19":"tag-norway","20":"tag-nyheter","21":"tag-overskrifter","22":"tag-top-stories","23":"tag-topstories","24":"tag-ulykke","25":"tag-verden","26":"tag-vest-politidistrikt","27":"tag-world","28":"tag-world-news","29":"tag-worldnews"},"share_on_mastodon":{"url":"https:\/\/pubeurope.com\/@no\/115907942339653560","error":""},"_links":{"self":[{"href":"https:\/\/www.europesays.com\/no\/wp-json\/wp\/v2\/posts\/139681","targetHints":{"allow":["GET"]}}],"collection":[{"href":"https:\/\/www.europesays.com\/no\/wp-json\/wp\/v2\/posts"}],"about":[{"href":"https:\/\/www.europesays.com\/no\/wp-json\/wp\/v2\/types\/post"}],"author":[{"embeddable":true,"href":"https:\/\/www.europesays.com\/no\/wp-json\/wp\/v2\/users\/2"}],"replies":[{"embeddable":true,"href":"https:\/\/www.europesays.com\/no\/wp-json\/wp\/v2\/comments?post=139681"}],"version-history":[{"count":0,"href":"https:\/\/www.europesays.com\/no\/wp-json\/wp\/v2\/posts\/139681\/revisions"}],"wp:featuredmedia":[{"embeddable":true,"href":"https:\/\/www.europesays.com\/no\/wp-json\/wp\/v2\/media\/139682"}],"wp:attachment":[{"href":"https:\/\/www.europesays.com\/no\/wp-json\/wp\/v2\/media?parent=139681"}],"wp:term":[{"taxonomy":"category","embeddable":true,"href":"https:\/\/www.europesays.com\/no\/wp-json\/wp\/v2\/categories?post=139681"},{"taxonomy":"post_tag","embeddable":true,"href":"https:\/\/www.europesays.com\/no\/wp-json\/wp\/v2\/tags?post=139681"}],"curies":[{"name":"wp","href":"https:\/\/api.w.org\/{rel}","templated":true}]}}