{"id":139683,"date":"2026-01-17T02:00:09","date_gmt":"2026-01-17T02:00:09","guid":{"rendered":"https:\/\/www.europesays.com\/no\/139683\/"},"modified":"2026-01-17T02:00:09","modified_gmt":"2026-01-17T02:00:09","slug":"pentagon-kjopte-mystisk-enhet-som-kan-vaere-arsaken-til-havana-syndromet","status":"publish","type":"post","link":"https:\/\/www.europesays.com\/no\/139683\/","title":{"rendered":"Pentagon kj\u00f8pte mystisk enhet som kan v\u00e6re \u00e5rsaken til Havana-syndromet"},"content":{"rendered":"\n<p class=\"_lead_o9xde_2 _lead_xtcu6_50 layout-component text-serif-m layout-normal text-serif-l layout-component layout-wide layout-padded _wide_17hqh_1 layout-padded\">Enheten, som inneholder russiske komponenter, kan forklare de mystiske helseplagene.<\/p>\n<p><img alt=\" Foto: STAFF \/ AFP \/ NTB\" class=\"_image_qp4xg_65 layout-component layout-wide\" data-fullscreen- data-track-element-type=\"Article image fullscreen\" data-track-name=\"ImageFullscreen\" fetchpriority=\"high\" decoding=\"sync\" loading=\"eager\" height=\"2896\" itemprop=\"image\"  src=\"https:\/\/www.europesays.com\/no\/wp-content\/uploads\/2026\/01\/9b09dd69-7dd7-4cd2-ab44-b2dc973e3cf9.png\"  style=\"object-position:0% 0%\" width=\"4000\"\/> Foto: STAFF \/ AFP \/ NTB<\/p>\n<ul aria-hidden=\"true\" class=\"_images_ntbth_112\">\n<li><a class=\"_link_ntbth_117\" href=\"https:\/\/www.vg.no\/forfatter\/isak-loeve-pilskog-loe\" style=\"z-index:1\" title=\"Isak L\u00f8ve Pilskog Loe\" rel=\"nofollow noopener\" target=\"_blank\"><img alt=\"Bilde av Isak L\u00f8ve Pilskog Loe\" class=\"_image_ntbth_93\" fetchpriority=\"low\" loading=\"lazy\" decoding=\"async\" itemprop=\"image\"  src=\"https:\/\/www.europesays.com\/no\/wp-content\/uploads\/2026\/01\/1768615209_780_8b0354e3-bf53-460c-9c1c-790321a0c923.jpeg\"  width=\"480\"\/><\/a><\/li>\n<\/ul>\n<p> Oppdatert l\u00f8rdag 17. januar kl. 02:26     <\/p>\n<p class=\"_paragraph_o9xde_4 _paragraph_xtcu6_10 layout-component text-serif-m layout-normal text-serif-m layout-padded\">Det amerikanske forsvars\u00addepartementet har i over et \u00e5r testet en enhet som noen etterforskere mener kan v\u00e6re \u00e5rsaken til de mystiske helseplagene, kjent som Havanna-syndromet, melder <a href=\"https:\/\/edition.cnn.com\/2026\/01\/13\/politics\/havana-syndrome-device-pentagon-hsi\" class=\"_link_o9xde_39\" rel=\"nofollow noopener\" target=\"_blank\">CNN<\/a>.<\/p>\n<p class=\"_paragraph_o9xde_4 _paragraph_xtcu6_10 layout-component text-serif-m layout-normal text-serif-m layout-padded\">En avdeling under det amerikanske sikkerhetsdepartementet kj\u00f8pte enheten for millioner av dollar i en hemmelig operasjon, if\u00f8lge CNNs kilder.<\/p>\n<p class=\"_paragraph_o9xde_4 _paragraph_xtcu6_10 layout-component text-serif-m layout-normal layout-padded\"><strong class=\"_strong_o9xde_25\">Les ogs\u00e5:<\/strong> <a href=\"https:\/\/www.vg.no\/i\/QyKjoA\" data-track-element-type=\"Link\" data-track-id=\"link:QyKjoA\" class=\"_link_o9xde_39\" rel=\"nofollow noopener\" target=\"_blank\">Mystisk syndrom rammer spioner og diplomater<\/a><\/p>\n<p class=\"_paragraph_o9xde_4 _paragraph_xtcu6_10 layout-component text-serif-m layout-normal text-serif-m layout-padded\">Enheten produserer pulserende radiob\u00f8lger, noe eksperter lenge har spekulert i at kan v\u00e6re \u00e5rsaken til Havanna-syndromet. <\/p>\n<p class=\"_paragraph_o9xde_4 _paragraph_xtcu6_10 layout-component text-serif-m layout-normal text-serif-m layout-padded\">Selv om enheten ikke er helt russisk, inneholder den likevel russiske komponenter, f\u00e5r CNN opplyst.<\/p>\n<p class=\"_paragraph_o9xde_4 _paragraph_xtcu6_10 layout-component text-serif-m layout-normal text-serif-m layout-padded\">Havanna-syndromet dukket f\u00f8rst opp i 2016, da amerikanske diplomater i Havanna begynte \u00e5 rapportere symptomer som svimmelhet og ekstreme hodepiner. <\/p>\n<p class=\"_paragraph_o9xde_4 _paragraph_xtcu6_10 layout-component text-serif-m layout-normal text-serif-m layout-padded\"><a href=\"https:\/\/www.vg.no\/nyheter\/utenriks\/i\/rAemB8\/mr-undersoekelser-viser-endring-i-hjernen-paa-mystisk-syke-diplomater\" data-track-element-type=\"Link\" data-track-id=\"link:rAemB8\" class=\"_link_o9xde_39\" rel=\"nofollow noopener\" target=\"_blank\">Symptomene har variert fra kvalme, svimmelhet, hodepine og neseblod<\/a>, og mange har rapportert om en merkelig lyd \u2013 eller trykk \u2013 i forkant av symptomene. <\/p>\n<p class=\"_paragraph_o9xde_4 _paragraph_xtcu6_10 layout-component text-serif-m layout-normal text-serif-m layout-padded\">Siden da har det blitt rapportert tilfeller over hele verden.<\/p>\n<p class=\"_paragraph_o9xde_4 _paragraph_xtcu6_10 layout-component text-serif-m layout-normal layout-padded\"><strong class=\"_strong_o9xde_25\">Les ogs\u00e5:<\/strong> <a href=\"https:\/\/www.vg.no\/i\/zERARb\" data-track-element-type=\"Link\" data-track-id=\"link:zERARb\" class=\"_link_o9xde_39\" rel=\"nofollow noopener\" target=\"_blank\">Medier: Kobler russisk etterretning til \u00abHavanna-syndromet\u00bb<\/a><\/p>\n<p class=\"_paragraph_o9xde_4 _paragraph_xtcu6_10 layout-component text-serif-m layout-normal text-serif-m layout-padded\">Amerikanske etterretningskilder har tidligere konkludert med at det ikke finnes nok bevis for at symptomene skyldes angrep fra en fremmed makt. <\/p>\n<p class=\"_paragraph_o9xde_4 _paragraph_xtcu6_10 layout-component text-serif-m layout-normal text-serif-m layout-padded\">Dette har skapt frustrasjon blant ofrene, som har hevdet at myndighetene har ignorert viktige bevis.<\/p>\n<p class=\"_paragraph_o9xde_4 _paragraph_xtcu6_10 layout-component text-serif-m layout-normal text-serif-m layout-padded\">\u2013 Hvis amerikanske myndigheter virkelig har avdekket slike enheter, skylder <a href=\"https:\/\/www.vg.no\/tag\/cia?utm_source=vg-article&amp;utm_medium=auto-tagger&amp;utm_campaign=M73PpB\" class=\"_link_o9xde_39\" rel=\"nofollow noopener\" target=\"_blank\">CIA<\/a> alle ofrene en stor og offentlig unnskyldning, sier Marc Polymeropoulos, en tidligere CIA-offiser som hevder han ble angrepet i Moskva i 2017.<\/p>\n<p class=\"_paragraph_o9xde_4 _paragraph_xtcu6_10 layout-component text-serif-m layout-normal layout-padded\"><strong class=\"_strong_o9xde_25\">Les ogs\u00e5:<\/strong> <a href=\"https:\/\/www.vg.no\/i\/z78o09\" data-track-element-type=\"Link\" data-track-id=\"link:z78o09\" class=\"_link_o9xde_39\" rel=\"nofollow noopener\" target=\"_blank\">USA advarer mot \u00abHavanna-syndromet\u00bb<\/a><\/p>\n","protected":false},"excerpt":{"rendered":"Enheten, som inneholder russiske komponenter, kan forklare de mystiske helseplagene. Foto: STAFF \/ AFP \/ NTB Oppdatert l\u00f8rdag&hellip;\n","protected":false},"author":2,"featured_media":139684,"comment_status":"","ping_status":"","sticky":false,"template":"","format":"standard","meta":{"footnotes":""},"categories":[12],"tags":[20,21,8994,24,25,15,22,23,13,30,28,29,14,16,188,26,27,50,42,46,43,44,45],"class_list":{"0":"post-139683","1":"post","2":"type-post","3":"status-publish","4":"format-standard","5":"has-post-thumbnail","7":"category-verden","8":"tag-breaking-news","9":"tag-breakingnews","10":"tag-cia","11":"tag-featured-news","12":"tag-featurednews","13":"tag-headlines","14":"tag-latest-news","15":"tag-latestnews","16":"tag-news","17":"tag-no","18":"tag-norge","19":"tag-norway","20":"tag-nyheter","21":"tag-overskrifter","22":"tag-russland","23":"tag-top-stories","24":"tag-topstories","25":"tag-usa","26":"tag-verden","27":"tag-vgai","28":"tag-world","29":"tag-world-news","30":"tag-worldnews"},"share_on_mastodon":{"url":"https:\/\/pubeurope.com\/@no\/115907973829887689","error":""},"_links":{"self":[{"href":"https:\/\/www.europesays.com\/no\/wp-json\/wp\/v2\/posts\/139683","targetHints":{"allow":["GET"]}}],"collection":[{"href":"https:\/\/www.europesays.com\/no\/wp-json\/wp\/v2\/posts"}],"about":[{"href":"https:\/\/www.europesays.com\/no\/wp-json\/wp\/v2\/types\/post"}],"author":[{"embeddable":true,"href":"https:\/\/www.europesays.com\/no\/wp-json\/wp\/v2\/users\/2"}],"replies":[{"embeddable":true,"href":"https:\/\/www.europesays.com\/no\/wp-json\/wp\/v2\/comments?post=139683"}],"version-history":[{"count":0,"href":"https:\/\/www.europesays.com\/no\/wp-json\/wp\/v2\/posts\/139683\/revisions"}],"wp:featuredmedia":[{"embeddable":true,"href":"https:\/\/www.europesays.com\/no\/wp-json\/wp\/v2\/media\/139684"}],"wp:attachment":[{"href":"https:\/\/www.europesays.com\/no\/wp-json\/wp\/v2\/media?parent=139683"}],"wp:term":[{"taxonomy":"category","embeddable":true,"href":"https:\/\/www.europesays.com\/no\/wp-json\/wp\/v2\/categories?post=139683"},{"taxonomy":"post_tag","embeddable":true,"href":"https:\/\/www.europesays.com\/no\/wp-json\/wp\/v2\/tags?post=139683"}],"curies":[{"name":"wp","href":"https:\/\/api.w.org\/{rel}","templated":true}]}}