{"id":139687,"date":"2026-01-17T02:09:03","date_gmt":"2026-01-17T02:09:03","guid":{"rendered":"https:\/\/www.europesays.com\/no\/139687\/"},"modified":"2026-01-17T02:09:03","modified_gmt":"2026-01-17T02:09:03","slug":"brann-i-enebolig-i-vestre-toten-en-person-ikke-gjort-rede-for-nrk-innlandet-lokale-nyheter-tv-og-radio","status":"publish","type":"post","link":"https:\/\/www.europesays.com\/no\/139687\/","title":{"rendered":"Brann i enebolig i Vestre Toten \u2013 en person ikke gjort rede for \u2013 NRK Innlandet \u2013 Lokale nyheter, TV og radio"},"content":{"rendered":"<p>\u2013 Situasjonen er at slukningsarbeidet fortsatt p\u00e5g\u00e5r p\u00e5 stedet. Brannvesenet jobber intenst. R\u00f8ykdykkere har kunnet tatt seg inn og avs\u00f8kt deler av boligen, sier operasjonsleder B\u00e5rd Einar Hoft i Innlandet politidistrikt til NRK.<\/p>\n<p>En person er registrert p\u00e5 adressen.<\/p>\n<p><img decoding=\"async\"   src=\"data:image\/gif;base64,R0lGODlhAQABAIAAAAAAAP\/\/\/yH5BAEAAAAALAAAAAABAAEAAAIBRAA7\" loading=\"eager\" alt=\"Brannmenn fra en brannstasjon er samlet rundt en brannbil i m\u00f8rket, if\u00f8rt brannuniformer og hjelmer. De forbereder seg til innsats, mens noe utstyr er synlig i bagasjerommet. Omgivelsene er svakt opplyst av gatebelysning, som gir en stemningsfull bakgrunn. Sikkerhetsutstyr og ryggsekker er til stede, noe som indikerer at de er klare for oppdrag.\" title=\"Foto: Aleksandr Nedbaev \/ NRK\"\/><\/p>\n<p class=\"\">Mannskaper fra b\u00e5de Vestre Toten og Gj\u00f8vik deltar i slukkearbeidet. <\/p>\n<p>Foto: Aleksandr Nedbaev \/ NRK<\/p>\n<p>Innsatsleder Arild Engelund forteller til NRK p\u00e5 stedet at de s\u00e5 langt ikke har kommet i kontakt med personen.<\/p>\n<p>\u2013 Det er en person som ikke er gjort rede for, sier Engelund.\n<\/p>\n<p><img decoding=\"async\"   src=\"data:image\/gif;base64,R0lGODlhAQABAIAAAAAAAP\/\/\/yH5BAEAAAAALAAAAAABAAEAAAIBRAA7\" loading=\"eager\" alt=\"Arild Engelund Innsatsleder i Innlandet politidstrikt\" title=\"Foto: Aleksandr Nedbaev \/ NRK\"\/><\/p>\n<p class=\"\">Arild Engelund, innsatsleder i Innlandet politidistrikt.<\/p>\n<p>Foto: Aleksandr Nedbaev \/ NRK<\/p>\n<p>Mannskaper fra b\u00e5de \u00d8stre og Vestre Toten, samt Gj\u00f8vik deltar i slukkearbeidet.<\/p>\n<p>Innsatslederen opplyser at det er flere bygninger p\u00e5 stedet, men at det ikke lenger er fare for spredning til andre bygninger.<\/p>\n<p>\u2013 Det blir innsats her i mange timer framover for \u00e5 sl\u00e5 ned brannen helt, sier Engelund.<\/p>\n<p>N\u00f8detatene fikk melding om brannen like f\u00f8r klokka 00.30 natt til l\u00f8rdag.<\/p>\n<p><a class=\"login-banner-hack\" href=\"https:\/\/www.nrk.no\/logginn?context=article-plug\" style=\"padding: 0; border: none; display: none\" rel=\"nofollow noopener\" target=\"_blank\"><\/p>\n<p>            <img decoding=\"async\"   src=\"data:image\/gif;base64,R0lGODlhAQABAIAAAAAAAP\/\/\/yH5BAEAAAAALAAAAAABAAEAAAIBRAA7\" alt=\"Oppfordring til \u00e5 logge p\u00e5 NRKs tjenester\" title=\"Foto: Odd Arne Olderbakk\"\/><\/p>\n<p>            <img decoding=\"async\"   src=\"data:image\/gif;base64,R0lGODlhAQABAIAAAAAAAP\/\/\/yH5BAEAAAAALAAAAAABAAEAAAIBRAA7\" alt=\"Oppfordring til \u00e5 logge p\u00e5 NRKs tjenester\" title=\"Foto: Odd Arne Olderbakk\"\/><\/p>\n<p><\/a><\/p>\n<p>Publisert<\/p>\n<p>17.01.2026, kl. 01.33<\/p>\n<p>Oppdatert<\/p>\n<p>17.01.2026, kl. 02.15<\/p>\n","protected":false},"excerpt":{"rendered":"\u2013 Situasjonen er at slukningsarbeidet fortsatt p\u00e5g\u00e5r p\u00e5 stedet. Brannvesenet jobber intenst. R\u00f8ykdykkere har kunnet tatt seg inn&hellip;\n","protected":false},"author":2,"featured_media":139688,"comment_status":"","ping_status":"","sticky":false,"template":"","format":"standard","meta":{"footnotes":""},"categories":[10],"tags":[20,21,24,25,15,22,23,13,30,28,29,14,16,26,27],"class_list":{"0":"post-139687","1":"post","2":"type-post","3":"status-publish","4":"format-standard","5":"has-post-thumbnail","7":"category-norge","8":"tag-breaking-news","9":"tag-breakingnews","10":"tag-featured-news","11":"tag-featurednews","12":"tag-headlines","13":"tag-latest-news","14":"tag-latestnews","15":"tag-news","16":"tag-no","17":"tag-norge","18":"tag-norway","19":"tag-nyheter","20":"tag-overskrifter","21":"tag-top-stories","22":"tag-topstories"},"share_on_mastodon":{"url":"https:\/\/pubeurope.com\/@no\/115908009090720933","error":""},"_links":{"self":[{"href":"https:\/\/www.europesays.com\/no\/wp-json\/wp\/v2\/posts\/139687","targetHints":{"allow":["GET"]}}],"collection":[{"href":"https:\/\/www.europesays.com\/no\/wp-json\/wp\/v2\/posts"}],"about":[{"href":"https:\/\/www.europesays.com\/no\/wp-json\/wp\/v2\/types\/post"}],"author":[{"embeddable":true,"href":"https:\/\/www.europesays.com\/no\/wp-json\/wp\/v2\/users\/2"}],"replies":[{"embeddable":true,"href":"https:\/\/www.europesays.com\/no\/wp-json\/wp\/v2\/comments?post=139687"}],"version-history":[{"count":0,"href":"https:\/\/www.europesays.com\/no\/wp-json\/wp\/v2\/posts\/139687\/revisions"}],"wp:featuredmedia":[{"embeddable":true,"href":"https:\/\/www.europesays.com\/no\/wp-json\/wp\/v2\/media\/139688"}],"wp:attachment":[{"href":"https:\/\/www.europesays.com\/no\/wp-json\/wp\/v2\/media?parent=139687"}],"wp:term":[{"taxonomy":"category","embeddable":true,"href":"https:\/\/www.europesays.com\/no\/wp-json\/wp\/v2\/categories?post=139687"},{"taxonomy":"post_tag","embeddable":true,"href":"https:\/\/www.europesays.com\/no\/wp-json\/wp\/v2\/tags?post=139687"}],"curies":[{"name":"wp","href":"https:\/\/api.w.org\/{rel}","templated":true}]}}