{"id":139703,"date":"2026-01-17T03:11:16","date_gmt":"2026-01-17T03:11:16","guid":{"rendered":"https:\/\/www.europesays.com\/no\/139703\/"},"modified":"2026-01-17T03:11:16","modified_gmt":"2026-01-17T03:11:16","slug":"trump-vurderer-straffetoll-mot-land-som-er-uenige-om-gronland-planene-teknisk-ukeblad","status":"publish","type":"post","link":"https:\/\/www.europesays.com\/no\/139703\/","title":{"rendered":"Trump: Vurderer straffetoll mot land som er uenige om Gr\u00f8nland-planene &#8211; Teknisk Ukeblad"},"content":{"rendered":"<p>Trump: Vurderer straffetoll mot land som er uenige om Gr\u00f8nland-planene<\/p>\n<p><img src=\"https:\/\/www.europesays.com\/no\/wp-content\/uploads\/2026\/01\/NTB_1n-ANYoPcTY.jpg\" alt=\"\" width=\"100\" height=\"100\" class=\"w-full h-auto\" loading=\"lazy\" decoding=\"async\"\/>\u2013 Jeg er kongen av tollsatser. Og tollkongen har gjort en god jobb, sier USAs president. Foto: Nathan Howard\/Reuters\/NTB<\/p>\n<p class=\"my-3 text-lg leading-normal\">Trump sier han vurderer \u00e5 \u00f8ke tollsatsene for land som ikke vil samarbeide for at Gr\u00f8nland skal bli amerikansk.<\/p>\n<p class=\"my-3 text-lg leading-normal\">Trump snakket under en pressekonferanse i Det hvite hus fredag ettermiddag i utgangspunktet om pris p\u00e5 legemidler i USA og tollsatser p\u00e5 import av dette, men la til at han vurderer \u00f8kt toll p\u00e5 vareimport fra land som er uenige i \u00f8nsket hans om \u00e5 overta Gr\u00f8nland.<\/p>\n<p class=\"my-3 text-lg leading-normal\">\u2013 Jeg legger kanskje p\u00e5 en toll for land om de ikke samarbeider om Gr\u00f8nland ogs\u00e5, for vi trenger Gr\u00f8nland for landets sikkerhet, sa Trump.<\/p>\n<p class=\"my-3 text-lg leading-normal\">USAs president Donald Trump har den siste tiden gjentatt kravet sitt om at USA m\u00e5 ha eierskap over Gr\u00f8nland.<\/p>\n<p class=\"my-3 text-lg leading-normal\">Trump innf\u00f8rte i fjor h\u00f8ye tollsatser p\u00e5 import av varer fra en rekke land.<\/p>\n<p class=\"my-3 text-lg leading-normal\">\u2013 Jeg er kongen av tollsatser. Og tollkongen har gjort en god jobb, sa han senere.<\/p>\n<p><\/p>\n","protected":false},"excerpt":{"rendered":"Trump: Vurderer straffetoll mot land som er uenige om Gr\u00f8nland-planene \u2013 Jeg er kongen av tollsatser. Og tollkongen&hellip;\n","protected":false},"author":2,"featured_media":4177,"comment_status":"","ping_status":"","sticky":false,"template":"","format":"standard","meta":{"footnotes":""},"categories":[12],"tags":[20,21,24,25,15,22,23,13,30,28,29,14,16,26,27,42,43,44,45],"class_list":{"0":"post-139703","1":"post","2":"type-post","3":"status-publish","4":"format-standard","5":"has-post-thumbnail","7":"category-verden","8":"tag-breaking-news","9":"tag-breakingnews","10":"tag-featured-news","11":"tag-featurednews","12":"tag-headlines","13":"tag-latest-news","14":"tag-latestnews","15":"tag-news","16":"tag-no","17":"tag-norge","18":"tag-norway","19":"tag-nyheter","20":"tag-overskrifter","21":"tag-top-stories","22":"tag-topstories","23":"tag-verden","24":"tag-world","25":"tag-world-news","26":"tag-worldnews"},"share_on_mastodon":{"url":"https:\/\/pubeurope.com\/@no\/115908252990669517","error":""},"_links":{"self":[{"href":"https:\/\/www.europesays.com\/no\/wp-json\/wp\/v2\/posts\/139703","targetHints":{"allow":["GET"]}}],"collection":[{"href":"https:\/\/www.europesays.com\/no\/wp-json\/wp\/v2\/posts"}],"about":[{"href":"https:\/\/www.europesays.com\/no\/wp-json\/wp\/v2\/types\/post"}],"author":[{"embeddable":true,"href":"https:\/\/www.europesays.com\/no\/wp-json\/wp\/v2\/users\/2"}],"replies":[{"embeddable":true,"href":"https:\/\/www.europesays.com\/no\/wp-json\/wp\/v2\/comments?post=139703"}],"version-history":[{"count":0,"href":"https:\/\/www.europesays.com\/no\/wp-json\/wp\/v2\/posts\/139703\/revisions"}],"wp:featuredmedia":[{"embeddable":true,"href":"https:\/\/www.europesays.com\/no\/wp-json\/wp\/v2\/media\/4177"}],"wp:attachment":[{"href":"https:\/\/www.europesays.com\/no\/wp-json\/wp\/v2\/media?parent=139703"}],"wp:term":[{"taxonomy":"category","embeddable":true,"href":"https:\/\/www.europesays.com\/no\/wp-json\/wp\/v2\/categories?post=139703"},{"taxonomy":"post_tag","embeddable":true,"href":"https:\/\/www.europesays.com\/no\/wp-json\/wp\/v2\/tags?post=139703"}],"curies":[{"name":"wp","href":"https:\/\/api.w.org\/{rel}","templated":true}]}}