{"id":139712,"date":"2026-01-17T03:55:22","date_gmt":"2026-01-17T03:55:22","guid":{"rendered":"https:\/\/www.europesays.com\/no\/139712\/"},"modified":"2026-01-17T03:55:22","modified_gmt":"2026-01-17T03:55:22","slug":"maria-slo-til-da-alta-fikk-politiutdanning-jeg-har-onsket-a-bli-politi-i-10-ar-altaposten-no","status":"publish","type":"post","link":"https:\/\/www.europesays.com\/no\/139712\/","title":{"rendered":"(+) Maria slo til da Alta fikk politiutdanning: \u2013 Jeg har \u00f8nsket \u00e5 bli politi i 10 \u00e5r &#8211; altaposten.no"},"content":{"rendered":"<ol>\n<li><a href=\"https:\/\/news.google.com\/rss\/articles\/CBMiwgFBVV95cUxOUS1Ta2MwVWxGdFVZUUpiVVp4N1BqY195bm1pMEhQaUtLcTJmTmY3MlFLSkt2Ynp5M2xnRDZFNG5RVVR2ajV0bVNCMEJZTUZYWVNwUmpFQVNGNjRDTlRQRy1xMml6SnRkOEV4RnJiTk9LZU9tcFlUbHhUTzBuaElvXzFUblFncEdLcXB2UTdhdTNvaExFZFQxRGQtaUxGOEJGODdrc002dlRUMmxsTW1tbGRraEpFMkxWWWdYczJGSHVoQQ?oc=5\" target=\"_blank\" rel=\"nofollow noopener\">(+) Maria slo til da Alta fikk politiutdanning: \u2013 Jeg har \u00f8nsket \u00e5 bli politi i 10 \u00e5r<\/a>&nbsp;&nbsp;altaposten.no<\/li>\n<li><a href=\"https:\/\/news.google.com\/rss\/articles\/CBMiwAFBVV95cUxOX0o0UVQ0LVV2VndYMXcybmZoVzExbnh3VDBfUm4tMGxMV3pLMEM0Z0dvUU5kaU9oUmI4VEJNNWtESkRmeUdTUExpdUJIT2E3eTY2REt6RUtjdEJZUHRMR1RCYkw2Unpoei1jenpHa0JUaTBmYkpLZThQLXNlMV9EZDRzdDE5d2o3cExDZ3EtNUJzLVoyUldleFYwQUpwNlBETUZRd3NrdFg3amY3dkdHY2ZzQm02RHQxSk1aMDZXMms?oc=5\" target=\"_blank\" rel=\"nofollow noopener\">Har funnet penger til unik politiutdanning: \u2013 Kan h\u00f8ste flere erfaringer<\/a>&nbsp;&nbsp;NRK<\/li>\n<li><a href=\"https:\/\/news.google.com\/rss\/articles\/CBMiuAFBVV95cUxNaUQ1VWkza3pLOWp0bzgwLVB2X0trSHY0UW5oY0hNamZ3YzdpZTFkckpQRkhtRWdlakFrTDN1MVUyWHdjdTBVMVFZZmNaUVBGYnRqNkxOS3dJMmt1c1llRThJN08tcGNzckl5ZzQ1QWRHejNPYUhUVldpUVlwMDI4M3FMTDNsMldzYjJ6a19CRGFrbUdKdzdlSmlTVFdnNmxoeFNlMGdxMDFvQm1IVVhONXloLWVxLUdM?oc=5\" target=\"_blank\" rel=\"nofollow noopener\">(+) Politiutdanninga videref\u00f8res minst ett \u00e5r til: \u2013 Vi tar opp et nytt kull i Alta til h\u00f8sten<\/a>&nbsp;&nbsp;altaposten.no<\/li>\n<li><a href=\"https:\/\/news.google.com\/rss\/articles\/CBMitwFBVV95cUxNTS1kd01DTmRsUkNrWkxfVzhNYnZwYjVZWmlzVmxfa19VZVpxY3NBUVZnYWcwSDI3WGg0UXlWbjhXakhvaWF5SXF4VVpEckZULXNPYnhBOVpwRnB6RlFsQzRRN041WWcxYzV3amNSSTJEUFNvVkxmdi1TbTR5WTVBd0VqV0tmMndrRk11bWp4ZnphOThUSTg1RkkzYjg2Q3NSUjlmdmpOX1BMRUQ2c2kwYUJBZjFwR1U?oc=5\" target=\"_blank\" rel=\"nofollow noopener\">Alta, Politiutdanning i Alta | N\u00e5 er det klart: Politih\u00f8gskolen f\u00e5r likevel midler til \u00e5 ta inn et nytt kull<\/a>&nbsp;&nbsp;iFinnmark<\/li>\n<li><a href=\"https:\/\/news.google.com\/rss\/articles\/CBMijAFBVV95cUxOeFA5Q3VSNnRiaUI4WVlaRVgzOUcwS2pHVTVwcEVYUGwtZFZRdXdsVjVPRWN4S2pZa2tva2FRNS1aU0xtWDYyUG5pS2VQMXdiSDZtVkszdWdzZlRxTVVYMEhQUGliSVZtM0d5V2dkRXA4X1VhWm5OemJlLU5rLTA1VFZwWm1fMy11U25tcw?oc=5\" target=\"_blank\" rel=\"nofollow noopener\">Politiutdanningen i Alta overlever<\/a>&nbsp;&nbsp;adressa.no<\/li>\n<\/ol>\n","protected":false},"excerpt":{"rendered":"(+) Maria slo til da Alta fikk politiutdanning: \u2013 Jeg har \u00f8nsket \u00e5 bli politi i 10 \u00e5r&nbsp;&nbsp;altaposten.no&hellip;\n","protected":false},"author":2,"featured_media":139713,"comment_status":"","ping_status":"","sticky":false,"template":"","format":"standard","meta":{"footnotes":""},"categories":[10],"tags":[215,20,21,24,25,32,15,22,23,13,30,28,29,14,16,7381,26,27],"class_list":{"0":"post-139712","1":"post","2":"type-post","3":"status-publish","4":"format-standard","5":"has-post-thumbnail","7":"category-norge","8":"tag-alta","9":"tag-breaking-news","10":"tag-breakingnews","11":"tag-featured-news","12":"tag-featurednews","13":"tag-finnmark","14":"tag-headlines","15":"tag-latest-news","16":"tag-latestnews","17":"tag-news","18":"tag-no","19":"tag-norge","20":"tag-norway","21":"tag-nyheter","22":"tag-overskrifter","23":"tag-politihogskolen","24":"tag-top-stories","25":"tag-topstories"},"share_on_mastodon":{"url":"https:\/\/pubeurope.com\/@no\/115908425948634747","error":""},"_links":{"self":[{"href":"https:\/\/www.europesays.com\/no\/wp-json\/wp\/v2\/posts\/139712","targetHints":{"allow":["GET"]}}],"collection":[{"href":"https:\/\/www.europesays.com\/no\/wp-json\/wp\/v2\/posts"}],"about":[{"href":"https:\/\/www.europesays.com\/no\/wp-json\/wp\/v2\/types\/post"}],"author":[{"embeddable":true,"href":"https:\/\/www.europesays.com\/no\/wp-json\/wp\/v2\/users\/2"}],"replies":[{"embeddable":true,"href":"https:\/\/www.europesays.com\/no\/wp-json\/wp\/v2\/comments?post=139712"}],"version-history":[{"count":0,"href":"https:\/\/www.europesays.com\/no\/wp-json\/wp\/v2\/posts\/139712\/revisions"}],"wp:featuredmedia":[{"embeddable":true,"href":"https:\/\/www.europesays.com\/no\/wp-json\/wp\/v2\/media\/139713"}],"wp:attachment":[{"href":"https:\/\/www.europesays.com\/no\/wp-json\/wp\/v2\/media?parent=139712"}],"wp:term":[{"taxonomy":"category","embeddable":true,"href":"https:\/\/www.europesays.com\/no\/wp-json\/wp\/v2\/categories?post=139712"},{"taxonomy":"post_tag","embeddable":true,"href":"https:\/\/www.europesays.com\/no\/wp-json\/wp\/v2\/tags?post=139712"}],"curies":[{"name":"wp","href":"https:\/\/api.w.org\/{rel}","templated":true}]}}