{"id":139719,"date":"2026-01-17T04:31:07","date_gmt":"2026-01-17T04:31:07","guid":{"rendered":"https:\/\/www.europesays.com\/no\/139719\/"},"modified":"2026-01-17T04:31:07","modified_gmt":"2026-01-17T04:31:07","slug":"knuste-ruter-atter-en-gang-nrk-troms-og-finnmark","status":"publish","type":"post","link":"https:\/\/www.europesays.com\/no\/139719\/","title":{"rendered":"Knuste ruter atter en gang \u2013 NRK Troms og Finnmark"},"content":{"rendered":"<p>P\u00e5 Skjelnan barneskole i Kroken, Troms\u00f8, har det blitt skutt med luftv\u00e5pen, p\u00e5 21 vindusruter.<\/p>\n<p>Det forteller en fortvilet rektor, Rune Torsteinsen, som m\u00f8ter NRK i klasserommene etter skoletid.<\/p>\n<p>\u2013 Lite omtanke<\/p>\n<p>\u2013 Hvem kan ha gjort dette?<\/p>\n<p>\u2013 Jeg vil ikke spekulere, men det er i hvert fall lite omtanke for at dette er et skolebygg for barn, sier rektoren.<\/p>\n<p><img decoding=\"async\"   src=\"data:image\/gif;base64,R0lGODlhAQABAIAAAAAAAP\/\/\/yH5BAEAAAAALAAAAAABAAEAAAIBRAA7\" loading=\"eager\" alt=\"Bildet viser en innend\u00f8rs situasjon med fargerike papirblomster hengende fra taket. I vinduet er det synlige skader med sprukne ruter. I bakgrunnen kan en del av et m\u00f8bel, antakelig en stol, sees, og veggen er malt i en lys bl\u00e5 farge. Omgivelsene gir inntrykk av en uferdig eller uorganisert plass. Beskrivelsen er laget av KI.\" title=\"Foto: Erik Waagb\u00f8 \/ NRK\"\/><\/p>\n<p class=\"\">Skolebarna ved Skjelnan skole m\u00e5tte flyttes fra klasserommet sitt fredag morgen. Rektor forteller at noen av barna har blitt rammet opptil fem ganger dette skole\u00e5ret.<\/p>\n<p>Foto: Erik Waagb\u00f8 \/ NRK<\/p>\n<p>Mange rom er involvert i h\u00e6rverket, if\u00f8lge Torsteinsen.<\/p>\n<p>\u2013 Vi oppdaga det i morges da klokka var halv ni og l\u00e6rerne kom inn i klasserommene &#8211; litt f\u00f8r elevene.<\/p>\n<p><strong>\u2013 Da vi unders\u00f8kte videre, fant vi det ene rommet etter det andre med vinduer fulle av kulehull.<\/strong><\/p>\n<p><a href=\"https:\/\/www.itromso.no\/nyheter\/i\/7pKJdB\/haerverk-med-luftvaapen-paa-skole-man-har-ikke-ord\" ec-id=\"https:\/\/www.itromso.no\/nyheter\/i\/7pKJdB\/haerverk-med-luftvaapen-paa-skole-man-har-ikke-ord\" ec-name=\"iTroms\u00f8\" rel=\"nofollow noopener\" target=\"_blank\">iTroms\u00f8<\/a> omtalte saken f\u00f8rst.<\/p>\n<ul>\n<li>Dette er ikke f\u00f8rste gangen barneskolen utsettes for h\u00e6rverk:<\/li>\n<\/ul>\n<p>Da NRK skrev om knuste vinduer og d\u00f8rer p\u00e5 skolen i oktober, sa Torsteinsen at han aldri hadde opplevd noe liknende.<\/p>\n<p>\u2013 Vi syns jo dette er veldig alvorlig, det er ikke noe vi kan leve med over tid.<\/p>\n<p><img decoding=\"async\"   src=\"data:image\/gif;base64,R0lGODlhAQABAIAAAAAAAP\/\/\/yH5BAEAAAAALAAAAAABAAEAAAIBRAA7\" loading=\"eager\" alt=\"Bilde av en vindusramme med en metallstrip \u00f8verst og en lys overflate nederst. Det er mangler i overflaten som tyder p\u00e5 slitasje. Ingen personer eller tydelige handlinger er synlige. Bildet gir et n\u00e6rbilde av vinduskonstruksjonens detaljer. Beskrivelsen er laget av KI.\" title=\"Foto: Erik Waagb\u00f8 \/ NRK\"\/><\/p>\n<p class=\"\">Mellom glassene p\u00e5 de knuste vinduene ligger det kuler.<\/p>\n<p>Foto: Erik Waagb\u00f8 \/ NRK<\/p>\n<p>Stor ryddejobb &#8211; hver gang<\/p>\n<p>Mange uttrykker engstelse, forklarer rektoren. Spesielt elevene som nok en gang m\u00e5 ut av klasserommene sine.<\/p>\n<p>\u2013 V\u00e5r jobb er f\u00f8rst og fremst \u00e5 s\u00f8rge for at vi sikrer skadene og tr\u00f8ster de ungene som selvsagt n\u00e5 har levd ganske lenge med dette h\u00e6rverket, som er ramma for kanskje femte gang dette skole\u00e5ret.<\/p>\n<p>    <img alt=\"Bilde av Skjelnan skole i Troms\u00f8 kommune, opplyst om natten. Bygningen har en karakteristisk gul fasade og sn\u00f8dekte omgivelser. Det er synlige vinduer med lys innvendig, og inngangspartiet er delvis dekket av sn\u00f8. Uteomr\u00e5dene er preget av sn\u00f8dekket underlag og flere ubelyste bygninger i bakgrunnen. Beskrivelsen er laget av KI.\"  loading=\"lazy\"\/><img alt=\"Bildet viser et vindu med flere sprekker og knuste glassbiter, plassert i en bygning med oransje vegger. Inne i rommet kan man se dekorative elementer, inkludert fargerike papirblomster og lys. Omr\u00e5det ser ut til \u00e5 v\u00e6re pyntet for en festlig anledning. Belysningen inne bidrar til en stemning som st\u00e5r i kontrast til skadene p\u00e5 vinduet. Beskrivelsen er laget av KI.\"  loading=\"lazy\"\/><\/p>\n<p>Byggeier har anmeldt h\u00e6rverket til politiet, forteller rektor Torsteinsen.<\/p>\n<p>Foto: Erik Waagb\u00f8 \/ NRK<\/p>\n<p>I l\u00f8pet av h\u00f8sten har h\u00e6rverket p\u00e5 skolen medf\u00f8rt glassplater som st\u00e5r i fare for \u00e5 falle ned.<\/p>\n<p>I tillegg blir pulter, stoler og b\u00f8ker dekket av glass og glasst\u00f8v.<\/p>\n<p>\u2013 S\u00e5 m\u00e5 vi s\u00e5 klart flytte klassen, g\u00e5 inn og rydde sammen med fagfolk, plukke det rent og st\u00f8vsuge, ogs\u00e5 f\u00e5 det sikra av glassmester, sier Torsteinsen.<\/p>\n<p>Han legger til:<\/p>\n<p>\u2013 Vi er en trangbodd skole, vi har ikke flust av rom \u00e5 flytte barna til.<\/p>\n<p>Etter de tidligere hendelsene, har byggeier anmeldt forholdet til politiet, opplyser Torsteinsen. Det inkluderer hendelsen som ble oppdaget fredag morgen.<\/p>\n<p>Publisert<\/p>\n<p>16.01.2026, kl. 22.50<\/p>\n","protected":false},"excerpt":{"rendered":"P\u00e5 Skjelnan barneskole i Kroken, Troms\u00f8, har det blitt skutt med luftv\u00e5pen, p\u00e5 21 vindusruter. Det forteller en&hellip;\n","protected":false},"author":2,"featured_media":139720,"comment_status":"","ping_status":"","sticky":false,"template":"","format":"standard","meta":{"footnotes":""},"categories":[5],"tags":[20,21,24,25,15,19,22,23,17,18,13,30,28,29,14,16,26,27],"class_list":{"0":"post-139719","1":"post","2":"type-post","3":"status-publish","4":"format-standard","5":"has-post-thumbnail","7":"category-overskrifter","8":"tag-breaking-news","9":"tag-breakingnews","10":"tag-featured-news","11":"tag-featurednews","12":"tag-headlines","13":"tag-hovedoppslag","14":"tag-latest-news","15":"tag-latestnews","16":"tag-main-news","17":"tag-mainnews","18":"tag-news","19":"tag-no","20":"tag-norge","21":"tag-norway","22":"tag-nyheter","23":"tag-overskrifter","24":"tag-top-stories","25":"tag-topstories"},"share_on_mastodon":{"url":"https:\/\/pubeurope.com\/@no\/115908567523381842","error":""},"_links":{"self":[{"href":"https:\/\/www.europesays.com\/no\/wp-json\/wp\/v2\/posts\/139719","targetHints":{"allow":["GET"]}}],"collection":[{"href":"https:\/\/www.europesays.com\/no\/wp-json\/wp\/v2\/posts"}],"about":[{"href":"https:\/\/www.europesays.com\/no\/wp-json\/wp\/v2\/types\/post"}],"author":[{"embeddable":true,"href":"https:\/\/www.europesays.com\/no\/wp-json\/wp\/v2\/users\/2"}],"replies":[{"embeddable":true,"href":"https:\/\/www.europesays.com\/no\/wp-json\/wp\/v2\/comments?post=139719"}],"version-history":[{"count":0,"href":"https:\/\/www.europesays.com\/no\/wp-json\/wp\/v2\/posts\/139719\/revisions"}],"wp:featuredmedia":[{"embeddable":true,"href":"https:\/\/www.europesays.com\/no\/wp-json\/wp\/v2\/media\/139720"}],"wp:attachment":[{"href":"https:\/\/www.europesays.com\/no\/wp-json\/wp\/v2\/media?parent=139719"}],"wp:term":[{"taxonomy":"category","embeddable":true,"href":"https:\/\/www.europesays.com\/no\/wp-json\/wp\/v2\/categories?post=139719"},{"taxonomy":"post_tag","embeddable":true,"href":"https:\/\/www.europesays.com\/no\/wp-json\/wp\/v2\/tags?post=139719"}],"curies":[{"name":"wp","href":"https:\/\/api.w.org\/{rel}","templated":true}]}}