{"id":139721,"date":"2026-01-17T04:37:09","date_gmt":"2026-01-17T04:37:09","guid":{"rendered":"https:\/\/www.europesays.com\/no\/139721\/"},"modified":"2026-01-17T04:37:09","modified_gmt":"2026-01-17T04:37:09","slug":"stjal-semitrailer-og-kjorte-ned-trafikkskilt","status":"publish","type":"post","link":"https:\/\/www.europesays.com\/no\/139721\/","title":{"rendered":"Stjal semitrailer og kj\u00f8rte ned trafikkskilt"},"content":{"rendered":"\n<p class=\"_lead_o9xde_2 _lead_xtcu6_50 layout-component text-serif-m layout-normal text-serif-l layout-component layout-wide layout-padded _wide_17hqh_1 layout-padded\">En mann i 60-\u00e5rene ble p\u00e5grepet og satt i arresten. Like etter m\u00e5tte politiet stanse semitrailerens nye sj\u00e5f\u00f8r for natten.<\/p>\n<p><img alt=\"\" class=\"_image_qp4xg_65 layout-component layout-wide\" data-fullscreen- data-track-element-type=\"Article image fullscreen\" data-track-name=\"ImageFullscreen\" fetchpriority=\"high\" decoding=\"sync\" loading=\"eager\" height=\"474\" itemprop=\"image\"  src=\"https:\/\/www.europesays.com\/no\/wp-content\/uploads\/2026\/01\/79847fc4-aae8-4643-bb95-b7649255fa64.png\"  style=\"object-position:0% 0%\" width=\"843\"\/><\/p>\n<ul aria-hidden=\"true\" class=\"_images_ntbth_112\">\n<li><a class=\"_link_ntbth_117\" href=\"https:\/\/www.vg.no\/forfatter\/hege-varsi\" style=\"z-index:1\" title=\"Hege Varsi\" rel=\"nofollow noopener\" target=\"_blank\"><img alt=\"Bilde av Hege Varsi\" class=\"_image_ntbth_93\" fetchpriority=\"low\" loading=\"lazy\" decoding=\"async\" itemprop=\"image\"  src=\"https:\/\/www.europesays.com\/no\/wp-content\/uploads\/2026\/01\/1768624628_452_d48c09ee-ae08-4a71-8e5b-8db7c6b4f37d.png\"  width=\"480\"\/><\/a><\/li>\n<\/ul>\n<p> Oppdatert l\u00f8rdag 17. januar kl. 05:21     <\/p>\n<p class=\"_paragraph_o9xde_4 _paragraph_xtcu6_10 layout-component text-serif-m layout-normal text-serif-m layout-padded\">Natt til l\u00f8rdag fikk politiet melding om at en semitrailer var stj\u00e5let fra et firma i Kvadrat-omr\u00e5det p\u00e5 Sandnes rundt klokken 02.30.<\/p>\n<p class=\"_paragraph_o9xde_4 _paragraph_xtcu6_10 layout-component text-serif-m layout-normal text-serif-m layout-padded\">Bare en halvtime senere kom det inn en ny melding. En lastebil som passet til beskrivelsen sto utenfor Lyse Arena p\u00e5 J\u00e5tt\u00e5.<\/p>\n<p class=\"_paragraph_o9xde_4 _paragraph_xtcu6_10 layout-component text-serif-m layout-normal text-serif-m layout-padded\">\u2013 Vi fikk inn melding om uv\u00f8ren kj\u00f8ring i byen, at det var vitner som s\u00e5 dette her og ringte inn. Da visste vi jo at semitraileren var stj\u00e5let og koblet de to tingene, og fikk rykket og stanset denne mannen, sier Roger Litlatun, operasjonsleder i S\u00f8r-Vest politidistrikt, til VG. <\/p>\n<p class=\"_paragraph_o9xde_4 _paragraph_xtcu6_10 layout-component text-serif-m layout-normal text-serif-m layout-padded\">P\u00e5 sin ferd har semitraileren og dets sj\u00e5f\u00f8r for natten blant annet kj\u00f8rt ned flere trafikkskilt, og politiet jobber n\u00e5 med \u00e5 f\u00e5 oversikt over skadene i omr\u00e5det.<\/p>\n<p class=\"_paragraph_o9xde_4 _paragraph_xtcu6_10 layout-component text-serif-m layout-normal text-serif-m layout-padded\">F\u00f8reren, en mann i 60-\u00e5rene, var alene i bilen da han ble p\u00e5grepet. Etterp\u00e5 fulgte unders\u00f8kelser hos legevakten, f\u00f8r han like f\u00f8r klokken 04 ble overf\u00f8rt til arresten. <\/p>\n<p class=\"_paragraph_o9xde_4 _paragraph_xtcu6_10 layout-component text-serif-m layout-normal text-serif-m layout-padded\">\u2013 Hvorfor gjorde han dette? <\/p>\n<p class=\"_paragraph_o9xde_4 _paragraph_xtcu6_10 layout-component text-serif-m layout-normal text-serif-m layout-padded\">\u2013 Han var \u00e5penbart beruset, s\u00e5 vi har ikke f\u00e5tt s\u00e5 mye forklaring av ham enn\u00e5, sier Litlatun. <\/p>\n<p class=\"_paragraph_o9xde_4 _paragraph_xtcu6_10 layout-component text-serif-m layout-normal text-serif-m layout-padded\">Men sagaen stanser ikke der. For semitraileren, som er en utleievogn, skulle s\u00e5 hentes av en representant for firmaet som leier den. <\/p>\n<p class=\"_paragraph_o9xde_4 _paragraph_xtcu6_10 layout-component text-serif-m layout-normal text-serif-m layout-padded\">Haken var bare at han ogs\u00e5 var beruset og dermed ikke var kj\u00f8rbar. <\/p>\n<p class=\"_paragraph_o9xde_4 _paragraph_xtcu6_10 layout-component text-serif-m layout-normal text-serif-m layout-padded\">\u2013 S\u00e5 da avtalte vi at de skulle kontakte en annen f\u00f8rer som skulle komme, slik at vi ble kvitt denne, sier Litlatun. <\/p>\n<p class=\"_paragraph_o9xde_4 _paragraph_xtcu6_10 layout-component text-serif-m layout-normal text-serif-m layout-padded\">Men den gang ei. <\/p>\n<p class=\"_paragraph_o9xde_4 _paragraph_xtcu6_10 layout-component text-serif-m layout-normal text-serif-m layout-padded\">\u2013 Da vi kom tilbake litt senere s\u00e5 vi at traileren var i bevegelse, og at det var den berusede f\u00f8reren som kj\u00f8rte. S\u00e5 da ble han ogs\u00e5 fremstilt for pr\u00f8ver og f\u00f8rerkort blir beslaglagt, sier operasjonslederen. <\/p>\n<p class=\"_paragraph_o9xde_4 _paragraph_xtcu6_10 layout-component text-serif-m layout-normal text-serif-m layout-padded\">\u2013 Hva i huleste &#8230;?<\/p>\n<p class=\"_paragraph_o9xde_4 _paragraph_xtcu6_10 layout-component text-serif-m layout-normal text-serif-m layout-padded\">\u2013 Ja, det kan du si. Hva tenker folk p\u00e5? N\u00e5 har vi i alle fall bestilt bilberger, s\u00e5 da f\u00e5r vi fjernet den, avslutter en sm\u00e5tt oppgitt operasjonsleder. <\/p>\n<p>       <img decoding=\"async\" alt=\"Tips oss illustrasjon\" src=\"https:\/\/www.europesays.com\/no\/wp-content\/uploads\/2025\/10\/pssst-small.webp.webp\"\/>    <\/p>\n<p class=\"title-serif-s\">Har du tips?<\/p>\n<p class=\"text-sans-m\">Send oss informasjon, bilder eller video.<\/p>\n<p>  <a href=\"https:\/\/www.vg.no\/tips-oss\" rel=\"nofollow noopener\" target=\"_blank\"> Tips oss <\/a>      <\/p>\n","protected":false},"excerpt":{"rendered":"En mann i 60-\u00e5rene ble p\u00e5grepet og satt i arresten. Like etter m\u00e5tte politiet stanse semitrailerens nye sj\u00e5f\u00f8r&hellip;\n","protected":false},"author":2,"featured_media":139722,"comment_status":"","ping_status":"","sticky":false,"template":"","format":"standard","meta":{"footnotes":""},"categories":[10],"tags":[20,21,24,25,15,15878,22,23,13,30,28,29,14,16,1319,2610,1306,26,27,46],"class_list":{"0":"post-139721","1":"post","2":"type-post","3":"status-publish","4":"format-standard","5":"has-post-thumbnail","7":"category-norge","8":"tag-breaking-news","9":"tag-breakingnews","10":"tag-featured-news","11":"tag-featurednews","12":"tag-headlines","13":"tag-jatta","14":"tag-latest-news","15":"tag-latestnews","16":"tag-news","17":"tag-no","18":"tag-norge","19":"tag-norway","20":"tag-nyheter","21":"tag-overskrifter","22":"tag-sandnes","23":"tag-sor-vest-politidistrikt","24":"tag-stavanger","25":"tag-top-stories","26":"tag-topstories","27":"tag-vgai"},"share_on_mastodon":{"url":"https:\/\/pubeurope.com\/@no\/115908591357259337","error":""},"_links":{"self":[{"href":"https:\/\/www.europesays.com\/no\/wp-json\/wp\/v2\/posts\/139721","targetHints":{"allow":["GET"]}}],"collection":[{"href":"https:\/\/www.europesays.com\/no\/wp-json\/wp\/v2\/posts"}],"about":[{"href":"https:\/\/www.europesays.com\/no\/wp-json\/wp\/v2\/types\/post"}],"author":[{"embeddable":true,"href":"https:\/\/www.europesays.com\/no\/wp-json\/wp\/v2\/users\/2"}],"replies":[{"embeddable":true,"href":"https:\/\/www.europesays.com\/no\/wp-json\/wp\/v2\/comments?post=139721"}],"version-history":[{"count":0,"href":"https:\/\/www.europesays.com\/no\/wp-json\/wp\/v2\/posts\/139721\/revisions"}],"wp:featuredmedia":[{"embeddable":true,"href":"https:\/\/www.europesays.com\/no\/wp-json\/wp\/v2\/media\/139722"}],"wp:attachment":[{"href":"https:\/\/www.europesays.com\/no\/wp-json\/wp\/v2\/media?parent=139721"}],"wp:term":[{"taxonomy":"category","embeddable":true,"href":"https:\/\/www.europesays.com\/no\/wp-json\/wp\/v2\/categories?post=139721"},{"taxonomy":"post_tag","embeddable":true,"href":"https:\/\/www.europesays.com\/no\/wp-json\/wp\/v2\/tags?post=139721"}],"curies":[{"name":"wp","href":"https:\/\/api.w.org\/{rel}","templated":true}]}}