{"id":139731,"date":"2026-01-17T05:15:26","date_gmt":"2026-01-17T05:15:26","guid":{"rendered":"https:\/\/www.europesays.com\/no\/139731\/"},"modified":"2026-01-17T05:15:26","modified_gmt":"2026-01-17T05:15:26","slug":"kan-bli-en-stromfelle-dinside","status":"publish","type":"post","link":"https:\/\/www.europesays.com\/no\/139731\/","title":{"rendered":"Kan bli en str\u00f8mfelle &#8211; DinSide"},"content":{"rendered":"<ol>\n<li><a href=\"https:\/\/news.google.com\/rss\/articles\/CBMic0FVX3lxTE1BSGRUNjJ3ek1ENS0yeHV2UmdWOXgxUGVuYnhqUDZiYWhqc0ozbmQ3eTFPXzBLc0I2LTdFR01YWlA0OVFVNzRQaFdUWHNlWi14cVE5a3NoLTFXSW9zMkVyM2ZPVFRHUFJpR2lpMHBmUGxaQ2M?oc=5\" target=\"_blank\" rel=\"nofollow noopener\">Kan bli en str\u00f8mfelle<\/a>&nbsp;&nbsp;DinSide<\/li>\n<li><a href=\"https:\/\/news.google.com\/rss\/articles\/CBMimAFBVV95cUxNZTV3cFpsdkhRUFFsbzNWT2VTcEpoN2FuR1BHMWJIUkpfdnpfSW1IMm9wc1ZsZDFKQk8tUm1oT05GUDJGd01FdFdHSmlJWWxSbTVHR2QwZTJqNC15Ym9tc3ZuMVpqWldDNHljcHpNZjhaR1dxOXVSWjdiNnYtMDZadE1RWU1LZ1VkRUNkd2o4ZWVOdmwzTHFzQg?oc=5\" target=\"_blank\" rel=\"nofollow noopener\">Er vedfyring billigare enn norgespris?<\/a>&nbsp;&nbsp;Nationen<\/li>\n<li><a href=\"https:\/\/news.google.com\/rss\/articles\/CBMikAFBVV95cUxON190NlVWTFNwSGhfQS1pd0dQVG1oeTE0NXpBZS1WVU9YYU9wanRfLUlYNUg0OVVoTXlJWTdSWDZWaFhLUER3c0lUTWY1RndRN3c4S0s1WGppOUFwQm9DaW1SRDNJNVltd1Y5MzFaSXd4WmhoZ25hYXRWV3Y5ekpPakZ2UE0tVXRKOTViTkluQVc?oc=5\" target=\"_blank\" rel=\"nofollow noopener\">\u00d8kt beredskap, Nyheter | Flere str\u00f8mbrudd gir vedfyring ny aktualitet<\/a>&nbsp;&nbsp;Jarlsberg Avis<\/li>\n<li><a href=\"https:\/\/news.google.com\/rss\/articles\/CBMirgFBVV95cUxOTmFyc3NzM3BzUmVmeVl0RDV5VGtRNVU3bGJxdXU3RmJCVjRfSXY4c2FhMGZ0VW05M0RCMGFhSDk3TlFmMkJheGtrMHVHTERrZGltN2JvN3d6a1JFcTJsbDBTMEd6TlR6eTJxeVpvaU5MQVlYblFMT0t0MjBXT0prZE9FS29MSmVaTHhpWlUzeG9rX3lLMjZhTzItVzczblBGR2tyTHJyRGNpZTFteVE?oc=5\" target=\"_blank\" rel=\"nofollow noopener\">Er det billigst \u00e5 varme opp hjemmet med str\u00f8m eller ved? Du blir overrasket<\/a>&nbsp;&nbsp;dagens.no<\/li>\n<li><a href=\"https:\/\/news.google.com\/rss\/articles\/CBMiqwFBVV95cUxQVlltLXdyUnFYNVpBVUhkVVRsWHpfaGJjdk1hTDJ1dXAzU0FGT2pEbXd6OXZ3QUowNGVLX2RkWHpoTXBDcDdjOGMyeTgzM2lFeEg5RUt3dVJ0enBGZmRlSnp5N3ZZSWdvOWRmQ0pVbUpRdE1qaS1LbzhuZlN2Ry1UWXdOSTZyWm1xY1NEalJ4U1dUNVdGZjAwSVZSd3BNYnB5dFJ3Zkh2aU1CMXM?oc=5\" target=\"_blank\" rel=\"nofollow noopener\">Vinter, Vedfyring | Str\u00f8mmen har g\u00e5tt for over 200.000 nordmenn \u2013 n\u00e5 anbefales denne beredskapen<\/a>&nbsp;&nbsp;\u00d8stlands-Posten<\/li>\n<\/ol>\n","protected":false},"excerpt":{"rendered":"Kan bli en str\u00f8mfelle&nbsp;&nbsp;DinSide Er vedfyring billigare enn norgespris?&nbsp;&nbsp;Nationen \u00d8kt beredskap, Nyheter | Flere str\u00f8mbrudd gir vedfyring ny&hellip;\n","protected":false},"author":2,"featured_media":139732,"comment_status":"","ping_status":"","sticky":false,"template":"","format":"standard","meta":{"footnotes":""},"categories":[10],"tags":[237,20,21,24,25,15,22,23,13,30,28,29,14,15879,16,572,243,1501,26,27,15028,553],"class_list":{"0":"post-139731","1":"post","2":"type-post","3":"status-publish","4":"format-standard","5":"has-post-thumbnail","7":"category-norge","8":"tag-bolig","9":"tag-breaking-news","10":"tag-breakingnews","11":"tag-featured-news","12":"tag-featurednews","13":"tag-headlines","14":"tag-latest-news","15":"tag-latestnews","16":"tag-news","17":"tag-no","18":"tag-norge","19":"tag-norway","20":"tag-nyheter","21":"tag-oppvarming","22":"tag-overskrifter","23":"tag-okonomi","24":"tag-strom","25":"tag-strompriser","26":"tag-top-stories","27":"tag-topstories","28":"tag-varmepumpe","29":"tag-vaer"},"share_on_mastodon":{"url":"https:\/\/pubeurope.com\/@no\/115908740531460238","error":""},"_links":{"self":[{"href":"https:\/\/www.europesays.com\/no\/wp-json\/wp\/v2\/posts\/139731","targetHints":{"allow":["GET"]}}],"collection":[{"href":"https:\/\/www.europesays.com\/no\/wp-json\/wp\/v2\/posts"}],"about":[{"href":"https:\/\/www.europesays.com\/no\/wp-json\/wp\/v2\/types\/post"}],"author":[{"embeddable":true,"href":"https:\/\/www.europesays.com\/no\/wp-json\/wp\/v2\/users\/2"}],"replies":[{"embeddable":true,"href":"https:\/\/www.europesays.com\/no\/wp-json\/wp\/v2\/comments?post=139731"}],"version-history":[{"count":0,"href":"https:\/\/www.europesays.com\/no\/wp-json\/wp\/v2\/posts\/139731\/revisions"}],"wp:featuredmedia":[{"embeddable":true,"href":"https:\/\/www.europesays.com\/no\/wp-json\/wp\/v2\/media\/139732"}],"wp:attachment":[{"href":"https:\/\/www.europesays.com\/no\/wp-json\/wp\/v2\/media?parent=139731"}],"wp:term":[{"taxonomy":"category","embeddable":true,"href":"https:\/\/www.europesays.com\/no\/wp-json\/wp\/v2\/categories?post=139731"},{"taxonomy":"post_tag","embeddable":true,"href":"https:\/\/www.europesays.com\/no\/wp-json\/wp\/v2\/tags?post=139731"}],"curies":[{"name":"wp","href":"https:\/\/api.w.org\/{rel}","templated":true}]}}