{"id":139764,"date":"2026-01-17T07:24:15","date_gmt":"2026-01-17T07:24:15","guid":{"rendered":"https:\/\/www.europesays.com\/no\/139764\/"},"modified":"2026-01-17T07:24:15","modified_gmt":"2026-01-17T07:24:15","slug":"vil-kaste-usa-ut-av-gronland","status":"publish","type":"post","link":"https:\/\/www.europesays.com\/no\/139764\/","title":{"rendered":"Vil kaste USA ut av Gr\u00f8nland"},"content":{"rendered":"<p class=\"kicker \" style=\"\">Dansk opposisjonsparti-leder:<\/p>\n<p>    USA planlegger \u00e5 flytte konsulatet sitt p\u00e5 Gr\u00f8nland til st\u00f8rre lokaler. Samtidig vil dansk opposisjonsparti-leder ha dem helt ut.<\/p>\n<p>USA planlegger \u00e5 flytte konsulatet sitt i Nuuk p\u00e5 Gr\u00f8nland til betydelig st\u00f8rre lokaler. Konsulatet ligger n\u00e5 i et lite, r\u00f8dt trehus ved Nuuks fiskehavn, men amerikanerne vil oppgradere det til et lokale p\u00e5 3000 kvadratmeter.<\/p>\n<p>Det bekrefter amerikanerne til den danske radiokanalen <a href=\"https:\/\/radio4.dk\/\" rel=\"nofollow noopener\" target=\"_blank\">Radio IIII<\/a>. <\/p>\n<p>&#8211; Siden USA besluttet \u00e5 gjen\u00e5pne v\u00e5rt konsulat i Nuuk i 2020, har vi arbeidet med \u00e5 finne og sikre egnede lokaler. Vi er glade for \u00e5 ha funnet b\u00e5de fasiliteter og beliggenhet som kan styrke v\u00e5rt allerede robuste forhold til Gr\u00f8nland, sier en talsperson for konsulatet til kanalen. <\/p>\n<p>        GR\u00d8NLAND: Dagbladet er p\u00e5 plass i Nuuk, og gir deg siste nytt fra situasjonen p\u00e5 Gr\u00f8nland. Video: Nicolai Alcaniz \/ Dagbladet TV<\/p>\n<p>Flyttingen vil imidlertid ikke skje med det f\u00f8rste. <\/p>\n<p>&#8211; Det gjenst\u00e5r fortsatt arbeid f\u00f8r lokalene er klare, men vi ser fram til \u00e5 flytte inn n\u00e5r renoveringen er ferdigstilt, sier talspersonen. <\/p>\n<p>Trump-advarsel: &#8211; Fullstendig uakseptabelt \t<\/p>\n<p>Samtidig vil den danske opposisjonsparti-lederen, Morten Messerschmidt for Dansk Folkeparti (DF), ha amerikanerne helt ut av Gr\u00f8nland. <\/p>\n<p>Dette sier han i kj\u00f8lvannet av at USAs president Donald Trump fredag sa at han <a href=\"https:\/\/www.dagbladet.no\/studio\/72720-nyhetsstudio\/10860612-trump-vurderer-straffetoll-mot-land-som-er-uenige-om-gr%C3%B8nland-planene\" rel=\"nofollow noopener\" target=\"_blank\">vurderer \u00e5 \u00f8ke tollsatsene for land som ikke vil samarbeide for at den danske \u00f8ya skal bli amerikansk<\/a>. <\/p>\n<p>        ALDRI OPPLEVD: Hans Christian N\u00f8rgaard, som har bodd p\u00e5 Gr\u00f8nland i mange \u00e5r, har levert anmeldelse mot USAs president Donald Trump. Han h\u00e5per flere vil gj\u00f8re det samme. Reporter: Nicolai Alcaniz \/ Dagbladet TV<\/p>\n<p>&#8211; Det er fullstendig uakseptabelt, sier Messerschmidt til den danske kringkasteren <a href=\"https:\/\/www.dr.dk\/nyheder\/indland\/groenland\/live-storpolitisk-drama-mellem-usa-danmark-og-groenland?focusId=10860778\" rel=\"nofollow noopener\" target=\"_blank\">DR<\/a>. <\/p>\n<p class=\"font-weight-bold m-font-weight-bold\" data-lab-font_weight=\"font-weight-bold\">Han mener utspillet er s\u00e5 alvorlig at USA n\u00e5 b\u00f8r miste sin diplomatiske tilstedev\u00e6relse p\u00e5 Gr\u00f8nland. <\/p>\n<p>&#8211; Vi kan ikke ha en s\u00e5 uttalt trussel mot Danmark fra USAs president og samtidig ha et konsulat der hans h\u00e5ndlangere arbeider, sier DF-lederen. <\/p>\n<p>If\u00f8lge Messerschmidt b\u00f8r den amerikanske konsulen derfor bes om \u00e5 forlate Gr\u00f8nland umiddelbart. <\/p>\n<p>        <img loading=\"lazy\" decoding=\"async\" itemprop=\"image\" src=\"https:\/\/www.europesays.com\/no\/wp-content\/uploads\/2026\/01\/84109981.webp.webp\" width=\"180\" height=\"180\" alt=\"Morten Messerchmidt\"\/><\/p>\n<p>            Morten Messerchmidt<br \/>\n            Morten<br \/>\n            Messerchmidt        <\/p>\n<p>Leder for Dansk Folkeparti (DF)<\/p>\n<p>Fors\u00f8ker \u00e5 balansere situasjonen\t<\/p>\n<p>Dette st\u00e5r i kontrast til hvordan den danske regjeringen n\u00e5 fors\u00f8ker \u00e5 balansere situasjonen. USAs president Donald Trump har den siste tiden skjerpet presset mot Danmark og \u00e5pnet for at amerikansk kontroll over Gr\u00f8nland kan skje gjennom kj\u00f8p eller bruk av milit\u00e6r makt. <\/p>\n<p>Danske og gr\u00f8nlandske myndigheter har avvist dette kontant og sl\u00e5tt fast at slike krav utfordrer b\u00e5de suvereniteten og samholdet i Nato-alliansen. <\/p>\n<p>    <a itemprop=\"url\" href=\"https:\/\/www.dagbladet.no\/nyheter\/pa-plass-ikke-bekymre-dere\/84107446\" rel=\"nofollow noopener\" target=\"_blank\"><\/p>\n<p>        <img loading=\"lazy\" decoding=\"async\" src=\"https:\/\/www.europesays.com\/no\/wp-content\/uploads\/2026\/01\/84107524.webp.webp\" width=\"147\" height=\"98\" title=\"Trumps Gr\u00f8nland-utsending: - Mener alvor\" alt=\"\" class=\"lazyload\" style=\"--aspect-ratio-image: 1.50; \"\/><\/p>\n<p>        Trumps Gr\u00f8nland-utsending: &#8211; Mener alvor<\/p>\n<p>    <\/a><\/p>\n<p>Presset kulminerte i et m\u00f8te mellom Danmarks, Gr\u00f8nlands og USAs utenriksministre, samt USAs visepresident, i Washington onsdag. Der fors\u00f8kte Danmark og Gr\u00f8nland \u00e5 banke inn sitt standpunkt og samtidig dempe temperaturen i konflikten. <\/p>\n<p>M\u00f8tet f\u00f8rte imidlertid ikke til noen kursendring fra amerikansk side. <\/p>\n<p>    <a itemprop=\"url\" href=\"https:\/\/www.dagbladet.no\/nyheter\/rennes-ned-horer-til-sjeldenhetene\/84109219\" rel=\"nofollow noopener\" target=\"_blank\"><\/p>\n<p>        <img loading=\"lazy\" decoding=\"async\" src=\"https:\/\/www.europesays.com\/no\/wp-content\/uploads\/2026\/01\/84109233.webp.webp\" width=\"147\" height=\"100\" title=\"Rennes ned: - H\u00f8rer til sjeldenhetene\" alt=\"\" class=\"lazyload\" style=\"--aspect-ratio-image: 1.47; \"\/><\/p>\n<p>        Rennes ned: &#8211; H\u00f8rer til sjeldenhetene<\/p>\n<p>    <\/a><\/p>\n<p>Samtidig signaliserer Danmark vilje til samarbeid p\u00e5 andre omr\u00e5der. Sjefen for Danmarks arktiske kommando p\u00e5 Gr\u00f8nland, generalmajor S\u00f8ren Andersen, sier at USA gjerne m\u00e5 delta i en milit\u00e6r\u00f8velse rundt \u00f8ya og \u00f8ke sitt milit\u00e6re n\u00e6rv\u00e6r der. <\/p>\n<p>Forel\u00f8pig skal det imidlertid ikke ha kommet noe svar fra amerikansk side, if\u00f8lge Reuters. <\/p>\n","protected":false},"excerpt":{"rendered":"Dansk opposisjonsparti-leder: USA planlegger \u00e5 flytte konsulatet sitt p\u00e5 Gr\u00f8nland til st\u00f8rre lokaler. Samtidig vil dansk opposisjonsparti-leder ha&hellip;\n","protected":false},"author":2,"featured_media":139765,"comment_status":"","ping_status":"","sticky":false,"template":"","format":"standard","meta":{"footnotes":""},"categories":[5],"tags":[20,21,1524,24,25,2112,15,19,22,23,17,18,13,30,28,29,14,16,26,27,50,412],"class_list":{"0":"post-139764","1":"post","2":"type-post","3":"status-publish","4":"format-standard","5":"has-post-thumbnail","7":"category-overskrifter","8":"tag-breaking-news","9":"tag-breakingnews","10":"tag-danmark","11":"tag-featured-news","12":"tag-featurednews","13":"tag-gronland","14":"tag-headlines","15":"tag-hovedoppslag","16":"tag-latest-news","17":"tag-latestnews","18":"tag-main-news","19":"tag-mainnews","20":"tag-news","21":"tag-no","22":"tag-norge","23":"tag-norway","24":"tag-nyheter","25":"tag-overskrifter","26":"tag-top-stories","27":"tag-topstories","28":"tag-usa","29":"tag-utenriks"},"share_on_mastodon":{"url":"https:\/\/pubeurope.com\/@no\/115909247833234912","error":""},"_links":{"self":[{"href":"https:\/\/www.europesays.com\/no\/wp-json\/wp\/v2\/posts\/139764","targetHints":{"allow":["GET"]}}],"collection":[{"href":"https:\/\/www.europesays.com\/no\/wp-json\/wp\/v2\/posts"}],"about":[{"href":"https:\/\/www.europesays.com\/no\/wp-json\/wp\/v2\/types\/post"}],"author":[{"embeddable":true,"href":"https:\/\/www.europesays.com\/no\/wp-json\/wp\/v2\/users\/2"}],"replies":[{"embeddable":true,"href":"https:\/\/www.europesays.com\/no\/wp-json\/wp\/v2\/comments?post=139764"}],"version-history":[{"count":0,"href":"https:\/\/www.europesays.com\/no\/wp-json\/wp\/v2\/posts\/139764\/revisions"}],"wp:featuredmedia":[{"embeddable":true,"href":"https:\/\/www.europesays.com\/no\/wp-json\/wp\/v2\/media\/139765"}],"wp:attachment":[{"href":"https:\/\/www.europesays.com\/no\/wp-json\/wp\/v2\/media?parent=139764"}],"wp:term":[{"taxonomy":"category","embeddable":true,"href":"https:\/\/www.europesays.com\/no\/wp-json\/wp\/v2\/categories?post=139764"},{"taxonomy":"post_tag","embeddable":true,"href":"https:\/\/www.europesays.com\/no\/wp-json\/wp\/v2\/tags?post=139764"}],"curies":[{"name":"wp","href":"https:\/\/api.w.org\/{rel}","templated":true}]}}