{"id":139766,"date":"2026-01-17T07:31:11","date_gmt":"2026-01-17T07:31:11","guid":{"rendered":"https:\/\/www.europesays.com\/no\/139766\/"},"modified":"2026-01-17T07:31:11","modified_gmt":"2026-01-17T07:31:11","slug":"uforsvarlig-kjoring-vinterdekk-skulle-frakte-teslaer-til-oslo-skjonte-ingenting-da-han-ble-stoppet","status":"publish","type":"post","link":"https:\/\/www.europesays.com\/no\/139766\/","title":{"rendered":"Uforsvarlig kj\u00f8ring, Vinterdekk | Skulle frakte Teslaer til Oslo. Skj\u00f8nte ingenting da han ble stoppet"},"content":{"rendered":"\n<p><b>(<a href=\"https:\/\/www.ao.no\/skulle-frakte-teslaer-til-oslo-skjonte-ingenting-da-han-ble-stoppet\/s\/5-128-1233779\" rel=\"Follow nofollow noopener\" target=\"_blank\">Avisa Oslo<\/a>): \u2013 Da han fikk boten spurte han om vi ikke kunne gj\u00f8re et ekstraordin\u00e6rt unntak. Han m\u00e5tte jo levere Teslaene. <\/b><\/p>\n<p>Det sier Daniel Alexander Hals i Statens vegvesen.<\/p>\n<p>Mandag begynte sn\u00f8en \u00e5 lave ned i Oslo og omegn. Ute p\u00e5 E6 var det kritthvite veier. Ved Taraldrud holdt veivesenet kontroll av tunge kj\u00f8ret\u00f8y og vinterutrustning.<\/p>\n<p>Der stoppet de et vogntog som skulle inn mot Oslo. Hals forteller at de tidlig ble oppmerksom p\u00e5 vogntoget. De hadde aldri sett den typen i Norge.<\/p>\n<p>\u2013 Vi tenker jo med \u00e9n gang at denne m\u00e5 stoppes. Utgangspunktet vekket interesse hos oss.<\/p>\n<p>   <img decoding=\"async\" width=\"5712\" height=\"4284\" fetchpriority=\"low\"  loading=\"lazy\"  src=\"https:\/\/www.europesays.com\/no\/wp-content\/uploads\/2026\/01\/13.jpg\" alt=\"\" class=\"brick-c-cFOWSL\" style=\"--brick-image-ratio: 5712 \/ 4284;\"\/><\/p>\n<p>      Ikke helt skodd for norske vinterforhold.<br \/>\n      Foto: Statens vegvesen\n    <\/p>\n<p><b>Les ogs\u00e5: <a class=\"simple-relation related-teaser article--c-eRUmMG article--c-eRUmMG-fZoQSp-design-nettavisen article--c-eRUmMG-gwthdJ-cv\" href=\"https:\/\/www.nettavisen.no\/tesla-tall-meningslost\/s\/5-95-2805111\" rel=\"nofollow noopener\" target=\"_blank\">Tesla-tall: \u2013 Meningsl\u00f8st<\/a><\/b><\/p>\n<p>Null kunnskap<\/p>\n<p>Tidlig under kontrollen kom det fram at sj\u00e5f\u00f8ren hadde null kunnskap om Norge og vinterforholdene. Som tidligere nevnt var det ogs\u00e5 helt hvitt p\u00e5 E6.<\/p>\n<p><b>\u2013 Han hadde \u00e5tte av \u00e5tte sommerhjul p\u00e5 hengeren. Vi ga beskjed om at dette ikke gikk. Han viste liten forst\u00e5else for viktigheten av vinterhjul.<\/b><\/p>\n<p><b>Les ogs\u00e5: <a class=\"simple-relation related-teaser article--c-eRUmMG article--c-eRUmMG-fZoQSp-design-nettavisen article--c-eRUmMG-gwthdJ-cv\" href=\"https:\/\/www.nettavisen.no\/hoysesong-for-dekkskifte-elbilene-sliter-mest\/s\/5-95-2689961\" rel=\"nofollow noopener\" target=\"_blank\">H\u00f8ysesong for dekkskifte \u2013 elbilene sliter mest<\/a><\/b><\/p>\n<p>Sommerhjulene i seg selv var ille nok. Men sj\u00e5f\u00f8ren hadde bare med seg to kjettinger. Kravet er p\u00e5 sju. Da fikk han en bot p\u00e5 23.500 for dekkene og kjettingene. Men det sluttet ikke der.<\/p>\n<p><b>\u2013 Sj\u00e5f\u00f8ren lurte faktisk p\u00e5 om han s\u00e5 kunne fortsette inn mot Oslo p\u00e5 sommerhjulene. Han trodde boten han fikk var prisen for nye dekk og kjetting. Da vi fortalte at dette var en straff, og at han m\u00e5tte fikse dekk og kjetting selv, ble det tydelig st\u00f8rre og tyngre for ham. <\/b><\/p>\n<p>Hals fortsetter:<\/p>\n<p>\u2013 Det var tydelig at dette var en sj\u00e5f\u00f8r som har manglende erfaring. Dette er ikke noe vi \u00f8nsker, og det kunne skapt b\u00e5de kaos og alvorlige hendelser p\u00e5 veien inn mot Oslo.<\/p>\n<p><b>Les ogs\u00e5: <a class=\"simple-relation related-teaser article--c-eRUmMG article--c-eRUmMG-fZoQSp-design-nettavisen article--c-eRUmMG-gwthdJ-cv\" href=\"https:\/\/www.nettavisen.no\/totalt-varomslag-meteorolog-advarer\/s\/5-95-2819730\" rel=\"nofollow noopener\" target=\"_blank\">Totalt v\u00e6romslag: Meteorolog advarer<\/a><\/b><\/p>\n<p>Kan ende katastrofalt<\/p>\n<p>Selv er ikke Hals mye forn\u00f8yd med det han s\u00e5.<\/p>\n<p><b>\u2013 I verste fall kan det f\u00f8re til d\u00f8dsfall. Det kan v\u00e6re katastrofalt og er ordentlig skummelt, sier han videre. <\/b><\/p>\n<p>Det hele endte med l\u00e5s p\u00e5 kj\u00f8ret\u00f8yet og han fikk ikke kj\u00f8re videre.<\/p>\n<p>Ellers var det en interessant kontroll for Hals og co. Et vogntog stakk av fra kontroll og fortsatt ferden inn til Oslo. Politiet ble varslet, men Avisa Oslo vet ikke om de fikk tak i sj\u00e5f\u00f8r og kj\u00f8ret\u00f8y.<\/p>\n<p>    Vil du se neste video?<\/p>\n<p>    <a href=\"https:\/\/www.nettavisen.no\/nyheter\/john-healey-sjokkerer-vil-kidnappe-putin\/v\/5-95-2819899\" class=\"recommend-poster\" data-adp-clicklabel=\"video-recommend\" data-adp-clickvalue=\"poster\" rel=\"nofollow noopener\" target=\"_blank\"><br \/>\n      <img decoding=\"async\" width=\"200\" height=\"200\" loading=\"lazy\" src=\"https:\/\/www.europesays.com\/no\/wp-content\/uploads\/2026\/01\/John+Healey+front.jpg\" alt=\"\" class=\"brick-c-cFOWSL\" style=\"--brick-image-ratio: 200 \/ 200;\"\/><\/p>\n<p>Sjokkerer: Vil kidnappe Putin0:43<\/p>\n<p>    <\/a><\/p>\n","protected":false},"excerpt":{"rendered":"(Avisa Oslo): \u2013 Da han fikk boten spurte han om vi ikke kunne gj\u00f8re et ekstraordin\u00e6rt unntak. Han&hellip;\n","protected":false},"author":2,"featured_media":139767,"comment_status":"","ping_status":"","sticky":false,"template":"","format":"standard","meta":{"footnotes":""},"categories":[5],"tags":[20,21,24,25,15,19,22,23,17,18,13,30,28,29,14,16,26,27],"class_list":{"0":"post-139766","1":"post","2":"type-post","3":"status-publish","4":"format-standard","5":"has-post-thumbnail","7":"category-overskrifter","8":"tag-breaking-news","9":"tag-breakingnews","10":"tag-featured-news","11":"tag-featurednews","12":"tag-headlines","13":"tag-hovedoppslag","14":"tag-latest-news","15":"tag-latestnews","16":"tag-main-news","17":"tag-mainnews","18":"tag-news","19":"tag-no","20":"tag-norge","21":"tag-norway","22":"tag-nyheter","23":"tag-overskrifter","24":"tag-top-stories","25":"tag-topstories"},"share_on_mastodon":{"url":"https:\/\/pubeurope.com\/@no\/115909275402088057","error":""},"_links":{"self":[{"href":"https:\/\/www.europesays.com\/no\/wp-json\/wp\/v2\/posts\/139766","targetHints":{"allow":["GET"]}}],"collection":[{"href":"https:\/\/www.europesays.com\/no\/wp-json\/wp\/v2\/posts"}],"about":[{"href":"https:\/\/www.europesays.com\/no\/wp-json\/wp\/v2\/types\/post"}],"author":[{"embeddable":true,"href":"https:\/\/www.europesays.com\/no\/wp-json\/wp\/v2\/users\/2"}],"replies":[{"embeddable":true,"href":"https:\/\/www.europesays.com\/no\/wp-json\/wp\/v2\/comments?post=139766"}],"version-history":[{"count":0,"href":"https:\/\/www.europesays.com\/no\/wp-json\/wp\/v2\/posts\/139766\/revisions"}],"wp:featuredmedia":[{"embeddable":true,"href":"https:\/\/www.europesays.com\/no\/wp-json\/wp\/v2\/media\/139767"}],"wp:attachment":[{"href":"https:\/\/www.europesays.com\/no\/wp-json\/wp\/v2\/media?parent=139766"}],"wp:term":[{"taxonomy":"category","embeddable":true,"href":"https:\/\/www.europesays.com\/no\/wp-json\/wp\/v2\/categories?post=139766"},{"taxonomy":"post_tag","embeddable":true,"href":"https:\/\/www.europesays.com\/no\/wp-json\/wp\/v2\/tags?post=139766"}],"curies":[{"name":"wp","href":"https:\/\/api.w.org\/{rel}","templated":true}]}}