{"id":139774,"date":"2026-01-17T07:45:06","date_gmt":"2026-01-17T07:45:06","guid":{"rendered":"https:\/\/www.europesays.com\/no\/139774\/"},"modified":"2026-01-17T07:45:06","modified_gmt":"2026-01-17T07:45:06","slug":"protester-mot-kinesisk-spionsenter-i-london-urix","status":"publish","type":"post","link":"https:\/\/www.europesays.com\/no\/139774\/","title":{"rendered":"Protester mot kinesisk \u00abspion\u00adsenter\u00bb i London \u2013 Urix"},"content":{"rendered":"<p>Planene om en ny kinesisk ambassade i London m\u00f8ter stor motstand. L\u00f8rdag er det varslet demonstrasjoner. Byggesaken skal avgj\u00f8res senest tirsdag.<\/p>\n<p>\u2013 Dette er absolutt bekymringsfullt. Tomta ligger rett ved landemerkene Tower og Tower bridge. Den ligger midt mellom finansdistriktene City og Canary Wharf, der massevis av \u00f8konomisk informasjon ligger lagret. Det er klart dette bekymrer.<\/p>\n<p>NRK m\u00f8ter to naboer av tomta. De vil ikke si hvem de er, av frykt for represalier fra Kina.<\/p>\n<p>    <img class=\"dhtb__img--YLLyL\" alt=\"Demonstranter protesterer mot Kinas planlagte mega-ambassade i London i september 2025\" loading=\"lazy\" fetchpriority=\"auto\" style=\"--_horizontal-object-position: max(100%, min(0px, calc(0.50 * 100% - 0.50 * 100vw + 50vw))) max(100%, min(0px, calc(0.50 * 100% - 0.50 * 100vh + 50vh))); --_vertical-object-position: max(100%, min(0px, calc(0.50 * 100% - 0.50 * 100vw + 50vw))) max(100%, min(0px, calc(0.50 * 100% - 0.50 * 100vh + 50vh)));\" \/><\/p>\n<p>Demonstranter protesterer mot Kinas planlagte mega-ambassade i London i september 2025<\/p>\n<p>Foto: Joanna Chan \/ AP \/ NTB<\/p>\n<p>Demonstranter protesterer mot Kinas planlagte mega-ambassade i London i september 2025<\/p>\n<p> Foto: Joanna Chan \/ AP \/ NTB<\/p>\n<p>\u2013 Kina leder an i bruken av overv\u00e5kingsteknologi. De vet om oss, bare ved at vi er her. Det at vi snakker med deg n\u00e5, gj\u00f8r dem helt sikkert oppmerksomme p\u00e5 oss. Vi liker det ikke.<\/p>\n<p>N\u00e6rhet til kommunikasjonskabler<\/p>\n<p>Denne uka avsl\u00f8rte <a href=\"https:\/\/www.telegraph.co.uk\/news\/2026\/01\/12\/revealed-china-embassy-secret-plans-spy-basement\/?calWT.mc_id=e_DM792403&amp;WT.tsrc=email&amp;etype=Edi_Brk_New&amp;utmsource=email&amp;utm_medium=Edi_Brk_New20260112&amp;utm_campaign=DM792403\" ec-id=\"https:\/\/www.telegraph.co.uk\/news\/2026\/01\/12\/revealed-china-embassy-secret-plans-spy-basement\/\" ec-name=\"avisa Daily Telegraph\" rel=\"nofollow noopener\" target=\"_blank\">avisa Daily Telegraph<\/a> plantegningene for det nye ambassadebygget. De har ikke v\u00e6rt kjent f\u00f8r. Her er noen av hovedpunktene:<\/p>\n<ul>\n<li><strong>Til sammen 22.000 kvadratmeter <\/strong><\/li>\n<li><strong>208 hemmelige rom i kjelleren<\/strong><\/li>\n<li><strong>Ett av rommene skal ligge rett ved siden av fiberoptiske kommunikasjonskabler i bakken, der informasjon til City of Londons finansinstitusjoner og e-post- og meldingsinformasjon til millioner av internettbrukere g\u00e5r<\/strong><\/li>\n<li><strong>Leiligheter til 200 ansatte<\/strong><\/li>\n<\/ul>\n<p>    <img class=\"dhtb__img--YLLyL\" alt=\"Telegraphs forside 12. januar 2026\" loading=\"lazy\" fetchpriority=\"auto\" style=\"--_horizontal-object-position: max(100%, min(0px, calc(0.44 * 100% - 0.44 * 100vw + 50vw))) max(100%, min(0px, calc(0.33 * 100% - 0.33 * 100vh + 50vh))); --_vertical-object-position: max(100%, min(0px, calc(0.50 * 100% - 0.50 * 100vw + 50vw))) max(100%, min(0px, calc(0.50 * 100% - 0.50 * 100vh + 50vh)));\" \/><\/p>\n<p>Foto: Skjermdump av Telegraphs forside 12. januar 2026<\/p>\n<p> Foto: Skjermdump av Telegraphs forside 12. januar 2026<\/p>\n<p>Etter at plantegningene ble kjent denne uka, ble det holdt en hastedebatt i Underhuset. Regjeringen m\u00e5tte svare p\u00e5 sp\u00f8rsm\u00e5l fra sv\u00e6rt bekymrede parlamentarikere.<\/p>\n<p>\u2013 Tilgangen (til kommunikasjonskablene) vil gi Det kinesiske kommunistpartiet et springbrett for \u00f8konomisk krigf\u00f8ring mot Storbritannia, sa den konservative parlamentarikeren Alicia Kerns.<\/p>\n<p>Hun krever at regjeringen avsl\u00e5r bygges\u00f8knaden.<\/p>\n<p>\u2013 Beskytt den britiske \u00f8konomien og det britiske folk. Nekt kommunistpartiet \u00e5 f\u00e5 denne ambassaden.<\/p>\n<p>Kritikk fra egne rekker<\/p>\n<p>Ogs\u00e5 parlamentarikere fra regjeringspartiet Labour er kritiske.<\/p>\n<p>\u2013 Enhver sikkerhetsorientering identifiserer Kina som en fiendtlig stat i Storbritannia. Jeg er ikke i tvil om at denne mega-ambassaden ikke b\u00f8r tillates. Jeg vil at min regjering st\u00e5r imot b\u00f8ller; ikke premierer dem, sa Sarah Chapman.<\/p>\n<p>\u2013 Jeg ber sikkerhetsmyndighetene vurdere p\u00e5 nytt om det er hensiktsmessig \u00e5 g\u00e5 videre med denne ambassaden, sa Lillian Jones.<\/p>\n<p>\u2013 Denne nye super-ambassaden er en reell trussel mot Hongkong-kinesere og Uigurer og andre som tilh\u00f8rer den kinesiske diasporaen, sa Axel Sobel<\/p>\n<p>Innenfor den historiske tomta der den nye kinesiske ambassaden eventuelt skal ligge, ligger klosterruiner fra 1300-tallet, her ble britiske mynter trykket tidligere, det er leiligheter mange bor i her n\u00e5, og ogs\u00e5 en barnehage. <\/p>\n<p>Gry Blekastad Alm\u00e5s\/NRK<\/p>\n<p>Statssekret\u00e6r for byggesaker Matthew Pennycook viste til at saken ligger p\u00e5 planmyndighetenes bord, og ville ikke blande seg inn i prosessen.<\/p>\n<p>\u2013 Det ville v\u00e6rt helt upassende av meg \u00e5 kommentere ytterligere i denne p\u00e5g\u00e5ende saken, sa han.<\/p>\n<p>Beskylder regjeringen for l\u00f8gn<\/p>\n<p>Mot slutten av januar reiser statsminister Keir Starmer etter planen til Beijing. Der h\u00e5per han \u00e5 lande gode handelsavtaler med Kina. \u200b\u200b\u200b\u200b<\/p>\n<p>\u2013 Det er bokstavelig talt ingenting denne regjeringen ikke er villig til \u00e5 gi til kineserne for \u00e5 f\u00e5 fordelaktige handelsordninger.<\/p>\n<p>Parlamentariker Iain Duncan Smith er ikke n\u00e5dig i Telegraphs podkast Daily T. <\/p>\n<p>    <img class=\"dhtb__img--YLLyL\" alt=\"Den britiske parlamentarikeren Iain Duncan Smith p\u00e5 en demonstrasjon utenfor det britiske utenriksdepartementet i 2023\" loading=\"lazy\" fetchpriority=\"auto\" style=\"--_horizontal-object-position: max(100%, min(0px, calc(0.50 * 100% - 0.50 * 100vw + 50vw))) max(100%, min(0px, calc(0.50 * 100% - 0.50 * 100vh + 50vh))); --_vertical-object-position: max(100%, min(0px, calc(0.50 * 100% - 0.50 * 100vw + 50vw))) max(100%, min(0px, calc(0.50 * 100% - 0.50 * 100vh + 50vh)));\" \/><\/p>\n<p>Den konservative parlamentarikeren og kjente Kina-kritikeren Iain Duncan Smith p\u00e5 en demonstrasjon utenfor det britiske utenriksdepartementet i 2023.<\/p>\n<p>Foto: Alastair Grant \/ AP \/ NTB<\/p>\n<p>Den konservative parlamentarikeren og kjente Kina-kritikeren Iain Duncan Smith p\u00e5 en demonstrasjon utenfor det britiske utenriksdepartementet i 2023.<\/p>\n<p> Foto: Alastair Grant \/ AP \/ NTB<\/p>\n<p>Han er tidligere leder av det konservative partiet og en velkjent kritiker av det kinesiske regimet. Selv st\u00e5r han p\u00e5 kinesernes sanksjonsliste. Etter Telegraphs avsl\u00f8ringer denne uka, beskylder han den sittende regjeringen for l\u00f8gn.<\/p>\n<p>\u2013 Hver gang regjeringen har tilbakevist sp\u00f8rsm\u00e5l om bruken, beliggenheten og kommunikasjonskabler, s\u00e5 har de kommet med rene l\u00f8gner. De har l\u00f8yet seg gjennom denne prosessen fra begynnelse til slutt, sier Duncan Smith.<\/p>\n<p>Han mener saken uansett kommer til \u00e5 f\u00e5 at rettslig etterspill. <\/p>\n<p>Kinesisk spionasje i Storbritannia<\/p>\n<p>I fjor h\u00f8st kollapset en rettsprosess mot to menn som var siktet for \u00e5 spionere for Kina. Den ene var akademiker, den andre jobbet i parlamentet. Begge var anklaget for \u00e5 skaffe informasjon til kineserne.<\/p>\n<p>Rett f\u00f8r rettssaken skulle begynne, ble saken henlagt. Begrunnelsen var at regjeringen ikke hadde lagt frem bevis for at Kina er en trussel mot britisk sikkerhet, if\u00f8lge blant andre <a href=\"https:\/\/www.bbc.com\/news\/articles\/ceq057734w1o\" ec-id=\"https:\/\/www.bbc.com\/news\/articles\/ceq057734w1o\" ec-name=\"BBC\" rel=\"nofollow noopener\" target=\"_blank\">BBC<\/a>.<\/p>\n<p>Dette var kontroversielt. Det ble stilt sp\u00f8rsm\u00e5l ved om regjeringen hadde blandet seg inn for \u00e5 unng\u00e5 tr\u00f8bbel i sine forbindelser med Kina. Dette ble senere tilbakevist i en <a href=\"https:\/\/committees.parliament.uk\/committee\/111\/national-security-strategy-joint-committee\/news\/210752\/china-spy-case-committee-delivers-verdict-on-circumstances-around-collapsed-prosecution\/\" ec-id=\"https:\/\/committees.parliament.uk\/committee\/111\/national-security-strategy-joint-committee\/news\/210752\/china-spy-case-committee-delivers-verdict-on-circumstances-around-collapsed-prosecution\/\" ec-name=\"parlamentsrapport\" rel=\"nofollow noopener\" target=\"_blank\">parlamentsrapport<\/a>. Men granskingen fant andre kritikkverdige forhold.<\/p>\n<p>Rettskollapsen viser Storbritannias dilemma med \u00e5 balansere sikkerhet med \u00f8konomisk uavhengighet, mener den anerkjente sikkerhetspolitiske tenketanken <a href=\"https:\/\/www.rusi.org\/explore-our-research\/publications\/commentary\/what-chinese-spy-scandal-reveals-about-uk-resolve\" ec-id=\"https:\/\/www.rusi.org\/explore-our-research\/publications\/commentary\/what-chinese-spy-scandal-reveals-about-uk-resolve\" ec-name=\"RUSI\" rel=\"nofollow noopener\" target=\"_blank\">RUSI<\/a>.<\/p>\n<p>Naboene flytter<\/p>\n<p>\u2013 Vi er veldig frustrerte, veldig skuffet.<\/p>\n<p>Utenfor praktbygget der britiske mynter en gang ble laget, der det fremdeles er klosterruiner fra 1300-tallet, vurderer naboparet hva de skal gj\u00f8re.<\/p>\n<p>\u2013 Hva gj\u00f8r dere, hvis tillatelsen kommer?<\/p>\n<p>\u2013 Da flytter vi. De fleste land g\u00e5r altfor langt i \u00e5 overv\u00e5ke, og vi vil ikke bo ved siden av de proffe.<\/p>\n","protected":false},"excerpt":{"rendered":"Planene om en ny kinesisk ambassade i London m\u00f8ter stor motstand. L\u00f8rdag er det varslet demonstrasjoner. Byggesaken skal&hellip;\n","protected":false},"author":2,"featured_media":139775,"comment_status":"","ping_status":"","sticky":false,"template":"","format":"standard","meta":{"footnotes":""},"categories":[12],"tags":[20,21,24,25,15,22,23,13,30,28,29,14,16,26,27,42,43,44,45],"class_list":{"0":"post-139774","1":"post","2":"type-post","3":"status-publish","4":"format-standard","5":"has-post-thumbnail","7":"category-verden","8":"tag-breaking-news","9":"tag-breakingnews","10":"tag-featured-news","11":"tag-featurednews","12":"tag-headlines","13":"tag-latest-news","14":"tag-latestnews","15":"tag-news","16":"tag-no","17":"tag-norge","18":"tag-norway","19":"tag-nyheter","20":"tag-overskrifter","21":"tag-top-stories","22":"tag-topstories","23":"tag-verden","24":"tag-world","25":"tag-world-news","26":"tag-worldnews"},"share_on_mastodon":{"url":"https:\/\/pubeurope.com\/@no\/115909330383509082","error":""},"_links":{"self":[{"href":"https:\/\/www.europesays.com\/no\/wp-json\/wp\/v2\/posts\/139774","targetHints":{"allow":["GET"]}}],"collection":[{"href":"https:\/\/www.europesays.com\/no\/wp-json\/wp\/v2\/posts"}],"about":[{"href":"https:\/\/www.europesays.com\/no\/wp-json\/wp\/v2\/types\/post"}],"author":[{"embeddable":true,"href":"https:\/\/www.europesays.com\/no\/wp-json\/wp\/v2\/users\/2"}],"replies":[{"embeddable":true,"href":"https:\/\/www.europesays.com\/no\/wp-json\/wp\/v2\/comments?post=139774"}],"version-history":[{"count":0,"href":"https:\/\/www.europesays.com\/no\/wp-json\/wp\/v2\/posts\/139774\/revisions"}],"wp:featuredmedia":[{"embeddable":true,"href":"https:\/\/www.europesays.com\/no\/wp-json\/wp\/v2\/media\/139775"}],"wp:attachment":[{"href":"https:\/\/www.europesays.com\/no\/wp-json\/wp\/v2\/media?parent=139774"}],"wp:term":[{"taxonomy":"category","embeddable":true,"href":"https:\/\/www.europesays.com\/no\/wp-json\/wp\/v2\/categories?post=139774"},{"taxonomy":"post_tag","embeddable":true,"href":"https:\/\/www.europesays.com\/no\/wp-json\/wp\/v2\/tags?post=139774"}],"curies":[{"name":"wp","href":"https:\/\/api.w.org\/{rel}","templated":true}]}}