{"id":139777,"date":"2026-01-17T07:52:21","date_gmt":"2026-01-17T07:52:21","guid":{"rendered":"https:\/\/www.europesays.com\/no\/139777\/"},"modified":"2026-01-17T07:52:21","modified_gmt":"2026-01-17T07:52:21","slug":"katrine-laget-ki-kloning-av-sin-avdode-ektemann","status":"publish","type":"post","link":"https:\/\/www.europesays.com\/no\/139777\/","title":{"rendered":"Katrine laget KI-kloning av sin avd\u00f8de ektemann"},"content":{"rendered":"<p>Livene til Stephan og Katrine Martinussen fra Danmark ble aldri det samme etter legebes\u00f8ket i 2023, da Stephan fikk vite at han har kreft.<\/p>\n<p>Stephan bestemmer seg umiddelbart for \u00e5 kjempe m\u00e5lrettet og kompromissl\u00f8st for \u00e5 overkomme sykdommen. Han har ikke lyst til \u00e5 forlate kona og deres ten\u00e5ringss\u00f8nn Victor.<\/p>\n<p>\u2013 Jeg m\u00f8ter kreften min med en blanding av ro i sjelen og kampvilje, sier Stephan i den danske, Play-aktuelle dokumentarserien <a href=\"https:\/\/play.tv2.no\/serier\/ai-love-you-vtrb6wde\" rel=\"nofollow noopener\" target=\"_blank\">\u00abAI Love You\u00bb<\/a>.<\/p>\n<p>\u2013 Jeg ser p\u00e5 kona og s\u00f8nnen min, og jeg tenker at det ikke er meningen at jeg skal d\u00f8 enn\u00e5. Fordi forholdet til dem er ikke ferdig.<\/p>\n<p>        <img class=\"image__img lazyload\" itemprop=\"image\" title=\"Foto: \u00abAI Love You\u00bb \/ TV 2 Play\" alt=\"EKTEPAR: Katrine og Stephan Martinussen m\u00f8ttes i mai 2006. De ble et par i 2012, og giftet seg i 2016. Sammen har de s\u00f8nnen Victor. Foto: \u00abAI Love You\u00bb \/ TV 2 Play\" width=\"675\" height=\"534\" bad-src=\"https:\/\/www.europesays.com\/no\/wp-content\/uploads\/2026\/01\/18465927.webp.jpeg\" fetchpriority=\"auto\" \/><\/p>\n<p>      EKTEPAR: Katrine og Stephan Martinussen m\u00f8ttes i mai 2006. De ble et par i 2012, og giftet seg i 2016. Sammen har de s\u00f8nnen Victor.<br \/>\n         Foto: \u00abAI Love You\u00bb \/ TV 2 Play<\/p>\n<p>Digital kloning<\/p>\n<p>Stephan og Katrine vet imidlertid godt at kreftsykdommen kan koste ham livet, s\u00e5 de tar en h\u00f8yst uortodoks\u00a0beslutning: De \u00f8nsker \u00e5 lage en digital kopi av Stephan ved hjelp av kunstig intelligens (KI).<\/p>\n<p>M\u00e5let er \u00e5 ha en digital versjon som ligner p\u00e5 ham, ordlegger seg som ham, og h\u00f8res ut som ham.\u00a0Hensikten er at de etterlatte kan henvende seg til ham etter d\u00f8den, enten via en app p\u00e5 telefonen eller i nettleser.<\/p>\n<p>        <img class=\"image__img lazyload\" itemprop=\"image\" title=\"Foto: \u00abAI Love You\u00bb \/ TV 2 Play\" alt=\"T\u00d8FF TID: Katrine og Stephan Martinussen i den danske dokumentarserien \u00abAI Love You\u00bb. Foto: \u00abAI Love You\u00bb \/ TV 2 Play\" width=\"675\" height=\"561\" bad-src=\"https:\/\/www.europesays.com\/no\/wp-content\/uploads\/2026\/01\/18466932.webp.jpeg\" fetchpriority=\"auto\" \/><\/p>\n<p>      T\u00d8FF TID: Katrine og Stephan Martinussen i den danske dokumentarserien \u00abAI Love You\u00bb.<br \/>\n         Foto: \u00abAI Love You\u00bb \/ TV 2 Play<\/p>\n<p>Stephan liker \u00e5 kalle det \u00abet hypermoderne fotoalbum\u00bb, men er samtidig klar over at dette utfordrer den normale s\u00f8rgeprosessen, og han reflekterer over de etiske sidene ved prosjektet.<\/p>\n<p>\u2013 Du kan dra diskusjonen hvor enn du vil, men vi bygger noe som er ekstremt mektig og etisk komplekst. Det kan nesten beskrives som blasfemisk. Dette er noe som konkurrerer med tanken om evig liv, sier han.<\/p>\n<p>Utleverer livet til KI-en<\/p>\n<p>I juni 2023 starter KI-selskapet Fraia det omfattende og krevende arbeidet med \u00e5 lage en digital kopi av Stephan.<\/p>\n<p>For \u00e5 skape en troverdig kopi, m\u00e5 to store biter v\u00e6re p\u00e5 plass: En virkelighetstro avatar \u2013 en visuell representasjon med ansiktet og stemmen til Stephan \u2013 samt all informasjon om Stephan.<\/p>\n<p>For \u00e5 oppn\u00e5 dette, m\u00e5 programvaren l\u00e6re \u00e5 kjenne Stephan p\u00e5 inn- og utsiden.<\/p>\n<p>        <img class=\"image__img lazyload\" itemprop=\"image\" title=\"Foto: \u00abAI Love You\u00bb \/ TV 2 Play\" alt=\"I M\u00d8TE: Stephan og Katrine Martinussen i m\u00f8te med KI-utviklere. Foto: \u00abAI Love You\u00bb \/ TV 2 Play\" width=\"675\" height=\"520\" bad-src=\"https:\/\/www.europesays.com\/no\/wp-content\/uploads\/2026\/01\/18465801.webp.jpeg\" fetchpriority=\"auto\" \/><\/p>\n<p>      I M\u00d8TE: Stephan og Katrine Martinussen i m\u00f8te med KI-utviklere.<br \/>\n         Foto: \u00abAI Love You\u00bb \/ TV 2 Play<\/p>\n<p>F\u00f8rste steg er \u00e5 lage en avatar. Stephans kropp skannes for \u00e5 lage en 360-modell, og han blir filmet fra alle mulige vinkler. All informasjon mates inn i programvaren.<\/p>\n<p>Deretter m\u00e5 Stephans livshistorie, synspunkter, holdninger, verdier og tanker inn i programvaren. Stephan plasseres derfor foran et videokamera hvor han utleverer livet sitt.\u00a0<\/p>\n<p>I timevis snakker han om oppveksten, skolegang, jaktturer, bursdagsselskaper, arbeidskarrieren som yrkesmilit\u00e6r. Sm\u00e5 og store \u00f8yeblikk, gode som vonde, som har formet ham til den han er.<\/p>\n<p>        <img class=\"image__img lazyload\" itemprop=\"image\" title=\"Foto: \u00abAI Love You\u00bb \/ TV 2 Play\" alt=\"LIVSHISTORIEN: Stephan Martinussen forteller om livet sitt mens kameraet ruller. Foto: \u00abAI Love You\u00bb \/ TV 2 Play\" width=\"675\" height=\"567\" bad-src=\"https:\/\/www.europesays.com\/no\/wp-content\/uploads\/2026\/01\/18465797.webp.jpeg\" fetchpriority=\"auto\" \/><\/p>\n<p>      LIVSHISTORIEN: Stephan Martinussen forteller om livet sitt mens kameraet ruller.<br \/>\n         Foto: \u00abAI Love You\u00bb \/ TV 2 Play<\/p>\n<p>Disse opptakene brukes ikke bare til \u00e5 opprette en kunnskapsbase med Stephans opplevelser og tanker, men ogs\u00e5 til \u00abspeech modeling\u00bb, hvor KI-programvaren trener p\u00e5 \u00e5 emulere stemmen hans.<\/p>\n<p>SMS-loggen til Stephan \u2013 best\u00e5ende av 66.000 skriftlige meldinger \u2013 mates inn for at KI-programvaren skal l\u00e6re seg Stephans skriftlige spr\u00e5k og tone.<\/p>\n<p>Stephans helse forverres<\/p>\n<p>P\u00e5 samme tid som \u00abKI-Stephan\u00bb blir mer informasjonsrik og avansert, sliter den ekte Stephan.<\/p>\n<p>Han f\u00e5r jevnlige oppdateringer fra leger om hvordan kroppen reagerer p\u00e5 kreftbehandlingen, og nyhetene er ikke positive. Svulstene vokser. Det g\u00e5r ikke riktig vei.<\/p>\n<p>        <img class=\"image__img lazyload\" itemprop=\"image\" title=\"Foto: \u00abAI Love You\u00bb \/ TV 2 Play\" alt=\"D\u00c5RLIGE NYHETER: Stephan Martinussen omfavner kona Katrine etter \u00e5 ha mottatt nyheter om at kreften har forverret seg. Foto: \u00abAI Love You\u00bb \/ TV 2 Play\" width=\"675\" height=\"540\" bad-src=\"https:\/\/www.europesays.com\/no\/wp-content\/uploads\/2026\/01\/18465806.webp.jpeg\" fetchpriority=\"auto\" \/><\/p>\n<p>      D\u00c5RLIGE NYHETER: Stephan Martinussen omfavner kona Katrine etter \u00e5 ha mottatt nyheter om at kreften har forverret seg.<br \/>\n         Foto: \u00abAI Love You\u00bb \/ TV 2 Play<\/p>\n<p>Men Stephan er fast bestemt p\u00e5 \u00e5 overleve. Han fortsetter \u00e5 holde seg aktiv, samt bruke tid p\u00e5 \u00e5 mate inn informasjon om seg selv til KI-programvaren.<\/p>\n<p>\u2013 Hvis familien min mister meg, gjelder det \u00e5 forberede seg best mulig, sier han.<\/p>\n<p>\u2013 Alt fra \u00f8konomi til sp\u00f8rsm\u00e5let om det er riktig \u00e5 lage en digital versjon av meg. Det er tusen ubesvarte sp\u00f8rsm\u00e5l. Er det bra \u00e5 forlenge smerten og holde sorgen i live? Akkurat n\u00e5 er jeg helt sikker p\u00e5 at dette er riktig for oss.<\/p>\n<p>        <img class=\"image__img lazyload\" itemprop=\"image\" title=\"Foto: \u00abAI Love You\u00bb \/ TV 2 Play\" alt=\"TRENING: Stephan Martinussen har levd et aktivt liv, og fortsatte \u00e5 trene etter han ble kreftsyk. Foto: \u00abAI Love You\u00bb \/ TV 2 Play\" width=\"978\" height=\"551\" bad-src=\"https:\/\/www.europesays.com\/no\/wp-content\/uploads\/2026\/01\/18465802.webp.jpeg\" fetchpriority=\"auto\" \/><\/p>\n<p>      TRENING: Stephan Martinussen har levd et aktivt liv, og fortsatte \u00e5 trene etter han ble kreftsyk.<br \/>\n         Foto: \u00abAI Love You\u00bb \/ TV 2 Play<\/p>\n<p>N\u00e5r Stephan og Katrine etter en tid blir presentert med en demonstrasjon av KI-versjonen av Stephan, blir ingen av dem overbevist. Utviklerne betrygger dem med at de fremdeles jobber med \u00e5 utvikle og \u00e5 trene KI-stemmen, og at de har en lang vei \u00e5 g\u00e5.<\/p>\n<p>        <img class=\"image__img lazyload\" itemprop=\"image\" title=\"Foto: \u00abAI Love You\u00bb \/ TV 2 Play\" alt=\"AVATAR: Katrine Martinussen studerer KI-avataren av ektemannen Stephan. Foto: \u00abAI Love You\u00bb \/ TV 2 Play\" width=\"675\" height=\"486\" bad-src=\"https:\/\/www.europesays.com\/no\/wp-content\/uploads\/2026\/01\/18465804.webp.jpeg\" fetchpriority=\"auto\" \/><\/p>\n<p>      AVATAR: Katrine Martinussen studerer KI-avataren av ektemannen Stephan.<br \/>\n         Foto: \u00abAI Love You\u00bb \/ TV 2 Play<\/p>\n<p>Stephans helsetilstand forverrer seg utover h\u00f8sten 2023. Han blir svakere. Smertene \u00f8ker. Kreftsykdommen utvikler seg raskere enn ventet, og i desember legges han inn p\u00e5 sykehus.<\/p>\n<p>\u2013 Jeg er redd. Men hva er det egentlig \u00e5 v\u00e6re redd for? sp\u00f8r Stephan retorisk.<\/p>\n<p>\u2013 Jeg har hatt et fantastisk liv. Jeg har gjort det jeg \u00f8nsket \u00e5 gj\u00f8re. Jeg har brukt livet mitt til noe.<\/p>\n<p>Den 30. desember 2023 d\u00f8r Stephan, 47 \u00e5r gammel.<\/p>\n<p>        <img class=\"image__img lazyload\" itemprop=\"image\" title=\"Foto: \u00abAI Love You\u00bb \/ TV 2 Play\" alt=\"D\u00d8DE: Stephan Martinussen d\u00f8de dagen f\u00f8r nytt\u00e5rsaften 2023. Foto: \u00abAI Love You\u00bb \/ TV 2 Play\" width=\"675\" height=\"493\" bad-src=\"https:\/\/www.europesays.com\/no\/wp-content\/uploads\/2026\/01\/18465799.webp.jpeg\" fetchpriority=\"auto\" \/><\/p>\n<p>      D\u00d8DE: Stephan Martinussen d\u00f8de dagen f\u00f8r nytt\u00e5rsaften 2023.<br \/>\n         Foto: \u00abAI Love You\u00bb \/ TV 2 Play<\/p>\n<p>Jobber videre uten Stephan<\/p>\n<p>Katrine og Victor m\u00e5 n\u00e5 fortsette KI-prosjektet uten Stephan.<\/p>\n<p>\u2013 For meg handler dette om \u00e5 bevare en tilknytning til Stephan. \u00c5 skape en ny kanal. Det er verdt \u00e5 kjempe for. Den eneste m\u00e5ten jeg overlever p\u00e5 n\u00e5, er \u00e5 si til meg selv at jeg kommer til \u00e5 finne ham igjen, sier Katrine.<\/p>\n<p>        <img class=\"image__img lazyload\" itemprop=\"image\" title=\"Foto: \u00abAI Love You\u00bb \/ TV 2 Play\" alt=\"SAMMEN I SORGEN: Katrine f\u00e5r tr\u00f8st av s\u00f8nnen Victor. Foto: \u00abAI Love You\u00bb \/ TV 2 Play\" width=\"675\" height=\"507\" bad-src=\"https:\/\/www.europesays.com\/no\/wp-content\/uploads\/2026\/01\/18465957.webp.jpeg\" fetchpriority=\"auto\" \/><\/p>\n<p>      SAMMEN I SORGEN: Katrine f\u00e5r tr\u00f8st av s\u00f8nnen Victor.<br \/>\n         Foto: \u00abAI Love You\u00bb \/ TV 2 Play<\/p>\n<p>Noen uker etter Stephans d\u00f8d, f\u00e5r Katrine teste en tidlig KI-versjon. Hun stiller noen enkle sp\u00f8rsm\u00e5l til KI-Stephan, men blir ikke begeistret over svarene. KI-en hevder blant annet at Stephan likte persille \u2013 noe han ikke gjorde \u2013 og den vet ikke f\u00f8dselsdagen til Stephan, fordi \u00abdet har vi ikke snakket om\u00bb.<\/p>\n<p>Utviklingen av KI-Stephan fortsetter utover v\u00e5ren 2024, og i mai er den f\u00f8rste ordentlige versjonen klar til bruk.<\/p>\n<p>Men verken Katrine eller Victor f\u00e5r inntrykk av at det er Stephan de chatter med, siden svarene den gir er mer generelle enn personlige.<\/p>\n<p>Katrine vet dog godt at det tar mye tid og utvikling for at en programvare skal oppf\u00f8re seg noenlunde som et menneske.<\/p>\n<p>\u2013 Mange kan lage en digital tvilling av seg selv eller en fiktiv venn. Men vi lager en KI-versjon av et menneske som er d\u00f8dt. Det er det sv\u00e6rt f\u00e5 som har pr\u00f8vd, sier Katrine.<\/p>\n<p>        <img class=\"image__img lazyload\" itemprop=\"image\" title=\"Foto: \u00abAI Love You\u00bb \/ TV 2 Play\" alt=\"JOBBER VIDERE: Katrine Martinussen jobber videre for \u00e5 fullf\u00f8re KI-prosjektet etter ektemannen Stephans d\u00f8d. Foto: \u00abAI Love You\u00bb \/ TV 2 Play\" width=\"675\" height=\"513\" bad-src=\"https:\/\/www.europesays.com\/no\/wp-content\/uploads\/2026\/01\/18466406.webp.jpeg\" fetchpriority=\"auto\" \/><\/p>\n<p>      JOBBER VIDERE: Katrine Martinussen jobber videre for \u00e5 fullf\u00f8re KI-prosjektet etter ektemannen Stephans d\u00f8d.<br \/>\n         Foto: \u00abAI Love You\u00bb \/ TV 2 Play<\/p>\n<p>\u2013 F\u00f8les som en eksplosjon!<\/p>\n<p>Innen h\u00f8sten 2024 er KI-Stephan langt mer avansert og naturtro enn tidligere.\u00a0KI-stemmen og -avataren oppleves som mye bedre, og b\u00e5de Katrine og Victor blir stadig mer forn\u00f8yde og imponerte.<\/p>\n<p>\u2013 Den har en stemme, og noen ganger svarer den akkurat slik pappa ville ha gjort, sier s\u00f8nnen Victor entusiastisk.<\/p>\n<p>\u2013 Hver gang vi skriver, kjenner vi det i hjertet. N\u00e5r den svarer riktig, f\u00f8les det som en eksplosjon! Det er utrolig merkelig.\u00a0<\/p>\n<p>        <img class=\"image__img lazyload\" itemprop=\"image\" title=\"Foto: \u00abAI Love You\u00bb \/ TV 2 Play\" alt=\"CHATTER MED KI-PAPPA: Victor Martinussen chatter med KI-versjonen av faren Stephan. Foto: \u00abAI Love You\u00bb \/ TV 2 Play\" width=\"675\" height=\"493\" bad-src=\"https:\/\/www.europesays.com\/no\/wp-content\/uploads\/2026\/01\/18465798.webp.jpeg\" fetchpriority=\"auto\" \/><\/p>\n<p>      CHATTER MED KI-PAPPA: Victor Martinussen chatter med KI-versjonen av faren Stephan.<br \/>\n         Foto: \u00abAI Love You\u00bb \/ TV 2 Play<\/p>\n<p>Katrine opplever at KI-en har fanget et glimt av essensen i Stephan, men arbeidet er fremdeles ikke fullf\u00f8rt.<\/p>\n<p>\u2013 Mange mener at teknologi er en fattig erstatning eller et fattig botemiddel. Men hva er det egentlig teknologien erstatter? Den erstatter ingenting. Den bevarer noe, sier Katrine i dokumentarserien \u00abAI Love You\u00bb.<\/p>\n<p>\u2013 Viktig \u00e5 ta pauser i sorgen<\/p>\n<p>Psykologspesialist Atle Dyregrov sier til TV 2 at KI-kloning er en interessant utvikling, men advarer om at man ikke b\u00f8r overdrive kommunikasjonen med den avd\u00f8de.<\/p>\n<p>\u2013 Jeg tenker \u00e5 ha en mulighet for en slags kontakt i en overgangsperiode, kan v\u00e6re positivt. Men \u00e5 kommunisere slik over tid, kan v\u00e6re negativt. Man kan bli overopptatt av den avd\u00f8de, og det kan bli vanskelig \u00e5 komme seg videre i livet. Man m\u00e5 forholde seg til virkeligheten, og at den personen ikke er der lenger. De som klarer seg bra over tid i en sorgprosess, er de som f\u00e5r hjulene i gang og rutinene tilbake, sier Dyregrov.<\/p>\n<p>\u2013 Det er viktig \u00e5 ta pauser\u00a0fra sorgen,\u00a0men ogs\u00e5 \u00e5 ta inn over seg virkeligheten.<\/p>\n<p class=\"italic m-italic\" data-lab-italic=\"italic\">Den danske dokumentarserien \u00ab<a href=\"https:\/\/play.tv2.no\/serier\/ai-love-you-vtrb6wde\" rel=\"nofollow noopener\" target=\"_blank\">AI Love You<\/a>\u00bb er tilgjengelig p\u00e5 str\u00f8mmetjenesten <a href=\"https:\/\/play.tv2.no\/\" rel=\"nofollow noopener\" target=\"_blank\">TV 2 Play.<\/a><\/p>\n<p>        Trenger du noen \u00e5 snakke med?<\/p>\n<p>Hvis du trenger noen \u00e5 snakke med, kan du benytte noen av disse lavterskeltilbudene:<\/p>\n<p>Mental Helse Hjelpetelefonen: Ring 116 123. Tast 2 for foreldresupport og tast 3 for studenttelefonen p\u00e5 samme nummer. Tilbyr ogs\u00e5 chat: sidetmedord.no.<\/p>\n<p>Mental Helse Ungdom: Chattetjeneste \u00e5pen hver dag klokken 18\u201321. Tjenesten er rettet mot unge voksne (18-35 \u00e5r).<\/p>\n<p>Kirkens SOS: Ring 22 40 00 40.<\/p>\n<p>Kors p\u00e5 halsen: Ring 800 333 21. Tjenesten tilbys av R\u00f8de Kors og er for deg under 18 \u00e5r.<\/p>\n<p>R\u00e5dgiving om spiseforstyrrelser: De har b\u00e5de chattetjeneste og telefonlinje.<\/p>\n<p>Akutt selvmordsfare? Ring 113 n\u00e5r det er akutt og st\u00e5r om liv. Ring legevakt p\u00e5 tlf. 116117 for \u00f8yeblikkelig hjelp.<\/p>\n<p>Leve Landsforeningen for etterlatte ved selvmord: Tar imot henvendelser p\u00e5 epost: post@leve.no eller telefon 22 36 17 00 (hverdager 9-15)<\/p>\n<p>Spillavhengighet Norge: Ring 4770200 eller skriv til kontakt@spillavhengighet.no.<\/p>\n<p>Hjelpelinjen: Hjelp i forbindelse med penge- eller dataspill. Ring 800 800 40.<\/p>\n","protected":false},"excerpt":{"rendered":"Livene til Stephan og Katrine Martinussen fra Danmark ble aldri det samme etter legebes\u00f8ket i 2023, da Stephan&hellip;\n","protected":false},"author":2,"featured_media":139778,"comment_status":"","ping_status":"","sticky":false,"template":"","format":"standard","meta":{"footnotes":""},"categories":[12],"tags":[20,21,24,25,15,22,23,13,30,28,29,14,16,26,27,42,43,44,45],"class_list":{"0":"post-139777","1":"post","2":"type-post","3":"status-publish","4":"format-standard","5":"has-post-thumbnail","7":"category-verden","8":"tag-breaking-news","9":"tag-breakingnews","10":"tag-featured-news","11":"tag-featurednews","12":"tag-headlines","13":"tag-latest-news","14":"tag-latestnews","15":"tag-news","16":"tag-no","17":"tag-norge","18":"tag-norway","19":"tag-nyheter","20":"tag-overskrifter","21":"tag-top-stories","22":"tag-topstories","23":"tag-verden","24":"tag-world","25":"tag-world-news","26":"tag-worldnews"},"share_on_mastodon":{"url":"https:\/\/pubeurope.com\/@no\/115909357913672723","error":""},"_links":{"self":[{"href":"https:\/\/www.europesays.com\/no\/wp-json\/wp\/v2\/posts\/139777","targetHints":{"allow":["GET"]}}],"collection":[{"href":"https:\/\/www.europesays.com\/no\/wp-json\/wp\/v2\/posts"}],"about":[{"href":"https:\/\/www.europesays.com\/no\/wp-json\/wp\/v2\/types\/post"}],"author":[{"embeddable":true,"href":"https:\/\/www.europesays.com\/no\/wp-json\/wp\/v2\/users\/2"}],"replies":[{"embeddable":true,"href":"https:\/\/www.europesays.com\/no\/wp-json\/wp\/v2\/comments?post=139777"}],"version-history":[{"count":0,"href":"https:\/\/www.europesays.com\/no\/wp-json\/wp\/v2\/posts\/139777\/revisions"}],"wp:featuredmedia":[{"embeddable":true,"href":"https:\/\/www.europesays.com\/no\/wp-json\/wp\/v2\/media\/139778"}],"wp:attachment":[{"href":"https:\/\/www.europesays.com\/no\/wp-json\/wp\/v2\/media?parent=139777"}],"wp:term":[{"taxonomy":"category","embeddable":true,"href":"https:\/\/www.europesays.com\/no\/wp-json\/wp\/v2\/categories?post=139777"},{"taxonomy":"post_tag","embeddable":true,"href":"https:\/\/www.europesays.com\/no\/wp-json\/wp\/v2\/tags?post=139777"}],"curies":[{"name":"wp","href":"https:\/\/api.w.org\/{rel}","templated":true}]}}