{"id":139785,"date":"2026-01-17T08:08:12","date_gmt":"2026-01-17T08:08:12","guid":{"rendered":"https:\/\/www.europesays.com\/no\/139785\/"},"modified":"2026-01-17T08:08:12","modified_gmt":"2026-01-17T08:08:12","slug":"norges-farligste-kvinne-datteren-julia-forteller-om-oppveksten-med-moren-elisabeth-aaslie","status":"publish","type":"post","link":"https:\/\/www.europesays.com\/no\/139785\/","title":{"rendered":"\u00abNorges farligste kvinne\u00bb &#8211; datteren Julia forteller om oppveksten med moren Elisabeth Aaslie"},"content":{"rendered":"<p>&#8211; Domstolen har d\u00f8mt meg\u00a0til Norges farligste. Men jeg vet at det ikke stemmer, sa Elisabeth Aaslie til <a href=\"https:\/\/www.dagbladet.no\/nyheter\/norges-farligste-kvinne-snakker-ut\/83378598\" rel=\"nofollow noopener\" target=\"_blank\">Dagbladet i fjor<\/a>.\u00a0<\/p>\n<p class=\"font-weight-bold m-font-weight-bold\" data-lab-font_weight=\"font-weight-bold\">Hun har sittet bak murene i sju \u00e5r.\u00a0<\/p>\n<p class=\"font-weight-normal m-font-weight-normal\" data-lab-font_weight=\"font-weight-normal\">I 2019 ble Elisabeth Aaslie d\u00f8mt til 21 \u00e5rs forvaring for to drap. Retten slo fast at hun drepte \u00d8ystein Hagel Pedersen (67), som var far til to av hennes sju barn.\u00a0<\/p>\n<p class=\"font-weight-normal m-font-weight-normal\" data-lab-font_weight=\"font-weight-normal\">Han ble funnet d\u00f8d p\u00e5 et hotellrom i Kristiansand i april 2014.<\/p>\n<p class=\"font-weight-normal m-font-weight-normal\" data-lab-font_weight=\"font-weight-normal\">Aaslie ble ogs\u00e5 d\u00f8mt for drapet p\u00e5 sin egen far, \u00d8yvind Terje Olsen (52), som d\u00f8de i 2002. If\u00f8lge dommen ble begge mennene forgiftet.\u00a0<\/p>\n<p>        <img loading=\"lazy\" decoding=\"async\" src=\"https:\/\/www.europesays.com\/no\/wp-content\/uploads\/2026\/01\/84077513.webp.webp\" width=\"667\" height=\"381\" title=\"D\u00d8MT: Elisabeth Aaslie ble id\u00f8mt Norges strengeste straff: 21 \u00e5rs forvaring. Foto: Lars Eivind Bones \/ Dagbladet\" alt=\"\" class=\"\" style=\"--aspect-ratio-image: 1.75; \"\/><\/p>\n<p>\n        D\u00d8MT: Elisabeth Aaslie ble id\u00f8mt Norges strengeste straff: 21 \u00e5rs forvaring. Foto: Lars Eivind Bones \/ Dagbladet\n    <\/p>\n<p data-lab-font_weight=\"\">Kristiansand-kvinnen har hele tida nektet straffskyld.\u00a0Hun mener blant annet at bevisene mot henne var plantet av politiet og at retten unnlot sentrale vitner.<\/p>\n<p>\u00abNorges Farligste kvinne\u00bb\t<\/p>\n<p>I den nye dokumentarserien \u00abJakten p\u00e5 Norges farligste kvinne\u00bb tar <a href=\"https:\/\/play.tv2.no\/serier\/jakten-paa-norges-farligste-kvinne-vsagbmr7\" target=\"_blank\" rel=\"nofollow noopener\">TV 2<\/a> et uvanlig grep ved \u00e5 slippe seerne tett p\u00e5 politiets etterforskning gjennom flere lydopptak.<\/p>\n<p>I dokumentaren skildres en omfattende politietterforskning som startet i desember 2014 og strakte seg over n\u00e6rmere tre \u00e5r.\u00a0<\/p>\n<p>Politiet brukte da en uvanlig metode: En kvinnelig betjent gikk undercover og bygget en tett relasjon til Elisabeth Aaslie for \u00e5 f\u00e5 tilgang til opplysninger hun trolig ellers ikke ville delt.\u00a0<\/p>\n<p>Aaslie mener at det var hun som lurte politiet, ikke omvendt.<\/p>\n<p>        <img loading=\"lazy\" decoding=\"async\" src=\"https:\/\/www.europesays.com\/no\/wp-content\/uploads\/2026\/01\/84077518.webp.webp\" width=\"667\" height=\"381\" title=\"FENGSEL: Elisabeth Aaslie soner dommen p\u00e5 21 \u00e5rs forvaring i Bredtveit fengsel, hvor hun har sittet siden 2019. Her er hun avbildet da Dagbladet m\u00f8tte henne der i 2019. Foto: Lars Eivind Bones \/ Dagbladet\" alt=\"\" class=\"\" style=\"--aspect-ratio-image: 1.75; \"\/><\/p>\n<p>\n        FENGSEL: Elisabeth Aaslie soner dommen p\u00e5 21 \u00e5rs forvaring i Bredtveit fengsel, hvor hun har sittet siden 2019. Her er hun avbildet da Dagbladet m\u00f8tte henne der i 2019. Foto: Lars Eivind Bones \/ Dagbladet\n    <\/p>\n<p>Over tid samlet undercoveragenten rundt 150 timer med lydopptak.\u00a0<\/p>\n<p>P\u00e5 dette tidspunktet mistenkte etterforskerne at Aaslie kunne st\u00e5 bak farens d\u00f8d, men bevisene var fortsatt for svake til \u00e5 ta ut siktelse.\u00a0<\/p>\n<p>Samtidig hadde politiet f\u00e5tt opplysninger om at hun tidligere skal ha beskrevet konkrete planer for hvordan drapet kunne gjennomf\u00f8res, kommer det fram i dokumentaren.\u00a0<\/p>\n<p>Gravde opp kisten\t<\/p>\n<p>Videre tok politiet et sjeldent og kontroversielt grep: 15 \u00e5r etter d\u00f8dsfallet ble farens grav \u00e5pnet for rettsmedisinske unders\u00f8kelser.<\/p>\n<p>Kisten ble hentet opp, og det ble tatt en rekke pr\u00f8ver, ogs\u00e5 jordpr\u00f8ver, noe som nesten aldri skjer, bekrefter\u00a0Hege Cathrine Lytkis, overlege ved avdeling for rettsmedisinske fag ved Oslo universitetssykehus, i dokumentaren.<\/p>\n<p>        <img loading=\"lazy\" decoding=\"async\" src=\"https:\/\/www.europesays.com\/no\/wp-content\/uploads\/2026\/01\/84077525.webp.webp\" width=\"686\" height=\"385\" title=\"DOKUMENTAR: 5. januar hadde dokumentaren om Elisabeth Aaslie premiere p\u00e5 TV 2, hvor seerne f\u00e5r f\u00f8lge politiets etterforskning av Kristiansand-kvinnen. Foto: TV 2\" alt=\"\" class=\"\" style=\"--aspect-ratio-image: 1.78; \"\/><\/p>\n<p>\n        DOKUMENTAR: 5. januar hadde dokumentaren om Elisabeth Aaslie premiere p\u00e5 TV 2, hvor seerne f\u00e5r f\u00f8lge politiets etterforskning av Kristiansand-kvinnen. Foto: TV 2\n    <\/p>\n<p>Flere m\u00e5neder seinere kom gjennombruddet: analyser viste spor av det angstdempende legemiddelet Vival.\u00a0<\/p>\n<p>Funnet ble et sentralt element i saken som til slutt f\u00f8rte til dom.<\/p>\n<p>&#8211; Helt tyst\t<\/p>\n<p>Men mens serien setter s\u00f8kelys p\u00e5 politiets arbeid og bevisene som f\u00f8rte til dom, har den ogs\u00e5 vekket sterke reaksjoner hos enkelte som st\u00e5r saken aller n\u00e6rmest.\u00a0<\/p>\n<p class=\"font-weight-bold m-font-weight-bold\" data-lab-font_weight=\"font-weight-bold\">For Aaslies datter, Julia Klausen, er dokumentaren mer enn en \u00abtrue crime\u00bb. Den handler om hennes egen familie og barndom.<\/p>\n<p>&#8211;\u00a0Det er jo klart at n\u00e5r det blir annonsert at det skal komme en TV-produksjon, s\u00e5 h\u00e5per man p\u00e5 at det skal komme fram noe som kan oppklare mer enn tidligere, sier Klausen til Dagbladet.\u00a0<\/p>\n<p>Hun legger til:\u00a0<\/p>\n<p>&#8211; Jeg har jo alltid et h\u00e5p om at min mor skal snakke, men s\u00e5 er det helt tyst. Slik det har v\u00e6rt de siste sju \u00e5rene.\u00a0<\/p>\n<p>        <img loading=\"lazy\" decoding=\"async\" src=\"https:\/\/www.europesays.com\/no\/wp-content\/uploads\/2026\/01\/84077554.webp.webp\" width=\"667\" height=\"881\" title=\"BRYLLUP: Elisabeth Aaslie var til stede da datteren Julia giftet seg i 2015. Foto: Privat\" alt=\"\" class=\"\" style=\"--aspect-ratio-image: 0.76; \"\/><\/p>\n<p>\n        BRYLLUP: Elisabeth Aaslie var til stede da datteren Julia giftet seg i 2015. Foto: Privat\n    <\/p>\n<p>&#8211; Framst\u00e5r skyldig\t<\/p>\n<p>Klausen kjenner en grunnleggende uro etter \u00e5 ha sett dokumentaren om moren sin.\u00a0<\/p>\n<p>&#8211; Jeg sitter igjen med f\u00f8lelsen av at mamma ikke vil lappe sammen teppet jeg f\u00f8ler hun har rippet opp i selv, sier hun, f\u00f8r hun legger til at prosjektet \u00abframst\u00e5r som et fors\u00f8k p\u00e5 \u00e5 justere hvordan andre ser p\u00e5 henne\u00bb.\u00a0<\/p>\n<p class=\"font-weight-bold m-font-weight-bold\" data-lab-font_weight=\"font-weight-bold\">If\u00f8lge Klausen har dette f\u00e5tt motsatt effekt av det hun opplever at moren selv hadde \u00f8nsket.\u00a0<\/p>\n<p>&#8211; Dessverre tror jeg det har bikket feil vei, jeg synes hun framst\u00e5r skyldigere enn noen gang tidligere.<\/p>\n<p>        <img loading=\"lazy\" decoding=\"async\" src=\"https:\/\/www.europesays.com\/no\/wp-content\/uploads\/2026\/01\/84077641.webp.webp\" width=\"667\" height=\"634\" title=\"BARNDOMMEN: Julias forteller om en oppvekst preget av vold og konflikter, med en mor hun beskriver som uforutsigbar og ustabil. Foto: Privat\" alt=\"\" class=\"\" style=\"--aspect-ratio-image: 1.05; \"\/><\/p>\n<p>\n        BARNDOMMEN: Julias forteller om en oppvekst preget av vold og konflikter, med en mor hun beskriver som uforutsigbar og ustabil. Foto: Privat\n    <\/p>\n<p>Elisabeth Aaslie er forelagt alle datterens p\u00e5stander i denne saken. Hun \u00f8nsker ikke \u00e5 kommentere dem n\u00e6rmere, men sier p\u00e5 telefon til Dagbladet at hun \u00abvet at Julia har hatt det t\u00f8ft\u00bb i forbindelse med saken.\u00a0<\/p>\n<p>Datteren reagerer ogs\u00e5 p\u00e5 det hun mener er et snevert perspektiv, i dokumentarserien.\u00a0<\/p>\n<p>Klausen opplever at serien l\u00e5ser seg til ett spor.\u00a0<\/p>\n<p>&#8211; Jeg hadde nok forventet et litt mer helhetlig bilde av omfanget, da jeg f\u00f8ler serien utelukkende belyser undercoveroperasjonen og ikke omstendighetene rundt, sier hun, og karakteriserer resultatet som \u00ablitt ensformig og lite tilfredsstillende\u00bb.<\/p>\n<p>        <img loading=\"lazy\" decoding=\"async\" itemprop=\"image\" src=\"https:\/\/www.europesays.com\/no\/wp-content\/uploads\/2026\/01\/84108386.webp.webp\" width=\"180\" height=\"180\" alt=\"Trygve R\u00f8nningen\"\/><\/p>\n<p>            Trygve R\u00f8nningen<br \/>\n            Trygve<br \/>\n            R\u00f8nningen        <\/p>\n<p>Programdirekt\u00f8r, TV 2<\/p>\n<p>TV 2s programredakt\u00f8r Trygve R\u00f8nningen sier at deres journalistiske prosjekt f\u00f8rst og fremst handlet om \u00e5 dykke ned i etterforskningen som ledet fram til dommen mot Elisabeth Aaslie.<\/p>\n<p>&#8211; Vi har \u00f8nsket \u00e5 belyse en omstridt politimetode ved \u00e5 vise frem hvordan det ble sendt inn en hemmelig agent som innyndet seg, og p\u00e5 den m\u00e5ten fremskaffet beviser mot Aaslie, sier han.<\/p>\n<p>    <a itemprop=\"url\" href=\"https:\/\/www.dagbladet.no\/kjendis\/utsetter-etter-drapet-hjerteskjaerende\/84074953\" rel=\"nofollow noopener\" target=\"_blank\"><\/p>\n<p>        <img loading=\"lazy\" decoding=\"async\" src=\"https:\/\/www.europesays.com\/no\/wp-content\/uploads\/2026\/01\/1768637290_265_84075028.webp.webp\" width=\"980\" height=\"441\" title=\"Utsetter etter drapet: - Hjerteskj\u00e6rende\" alt=\"\" class=\"lazyload\" style=\"--aspect-ratio-image: 2.22; \"\/><\/p>\n<p>        Utsetter etter drapet: &#8211; Hjerteskj\u00e6rende<\/p>\n<p>    <\/a><\/p>\n<p>&#8211; Brudd p\u00e5 loven\t<\/p>\n<p>Et annet moment datteren savner, er et tydeligere fokus p\u00e5 barna og konsekvensene etterforskningen av moren hadde for dem.\u00a0<\/p>\n<p>&#8211; Jeg savner st\u00f8rre st\u00e5hei omkring barnas rettigheter, og hva etterforskningen gikk p\u00e5 bekostning av, som barnas sikkerhet, sier Klausen.\u00a0<\/p>\n<p>Hun synes at politiet burde ha gjort mer.\u00a0<\/p>\n<p>        <img loading=\"lazy\" decoding=\"async\" src=\"https:\/\/www.europesays.com\/no\/wp-content\/uploads\/2026\/01\/84098171.webp.webp\" width=\"686\" height=\"460\" title=\"VED MORMORS GRAV: Julia sto sin mormor sv\u00e6rt n\u00e6r, som gikk bort i 2016. Her bes\u00f8ker hun graven sammen med hundene sine. Foto: Geir Egeland \/ NRK\" alt=\"\" class=\"\" style=\"--aspect-ratio-image: 1.49; \"\/><\/p>\n<p>\n        VED MORMORS GRAV: Julia sto sin mormor sv\u00e6rt n\u00e6r, som gikk bort i 2016. Her bes\u00f8ker hun graven sammen med hundene sine. Foto: Geir Egeland \/ NRK\n    <\/p>\n<p>&#8211; Jeg mener jo at politiet p\u00e5 et tidlig tidspunkt har st\u00e5tt over en avvergingsplikt som de bevisst har styrt unna, noe som er et brudd p\u00e5 loven, forteller Klausen.<\/p>\n<p>P\u00e5taleleder i Agder politidistrikt, Terje Kaddeberg Skaar er forelagt kritikken fra Julia Klausen, men \u00f8nsker ikke \u00e5 kommentere saken.<\/p>\n<p>Programdirekt\u00f8r R\u00f8nningen bedyrer ogs\u00e5 at det har hatt tatt hensyn til Aaslies barn.<\/p>\n<p data-lab-italic=\"\" class=\"no_italic m-no_italic\">&#8211;\u00a0 Vi spurte Julia om \u00e5 stille opp til intervju i dokumentaren, noe hun valgte \u00e5 takke nei til. For oss har\u00a0det\u00a0v\u00e6rt viktig \u00e5 gj\u00f8re belastningen p\u00e5 Aaslies barn s\u00e5 liten som mulig.\u00a0<\/p>\n<p>Beskyttet moren\u00a0\t<\/p>\n<p>I lang tid valgte Julia \u00e5 v\u00e6re der for moren sin, og \u00e5 tro p\u00e5 hennes versjon av saken. Hun var bekymret for at moren skulle ta sitt eget liv i fengsel, og snakket derfor med henne jevnlig.\u00a0<\/p>\n<p class=\"font-weight-bold m-font-weight-bold\" data-lab-font_weight=\"font-weight-bold\">Men en aprildag i 2022 ble alt snudd p\u00e5 hodet.<\/p>\n<p>    Trenger du noen \u00e5 snakke med?<\/p>\n<p>Ring 113<\/p>\n<p>Ved akutt fare for selvmord, ring 113 umiddelbart. Ring heller en gang for mye enn en gang for lite.<\/p>\n<p>Mental Helse<\/p>\n<p>Mental Helse tilbyr d\u00f8gn\u00e5pen telefontjeneste og nettjeneste for alle som trenger noen \u00e5 snakke med. Ring 116 123 eller g\u00e5 inn p\u00e5\u00a0<a href=\"https:\/\/sidetmedord.mentalhelse.no\/\" rel=\"nofollow noopener\" target=\"_blank\">Sidetmedord.no<\/a>.<\/p>\n<p>Mental Helse Ungdom<\/p>\n<p><a href=\"https:\/\/mentalhelseungdom.no\/fa-hjelp\/\" rel=\"nofollow noopener\" target=\"_blank\">Mental Helse Ungdom tilbyr chat<\/a>\u00a0for unge voksne som trenger noen \u00e5 snakke med.<\/p>\n<p>Kirkens SOS<\/p>\n<p>Kirkens SOS Norge har d\u00f8gn\u00e5pen hjelpetelefon, chat og meldingstjenestene. Ring 22 4000 40 eller g\u00e5 inn p\u00e5\u00a0<a href=\"https:\/\/www.kirkens-sos.no\/telefon\" rel=\"nofollow noopener\" target=\"_blank\">kirkens-sos.no<\/a>.<\/p>\n<p>Kilde:\u00a0<a href=\"https:\/\/www.helsenorge.no\/psykisk-helse\/trenger-du-noen-a-snakke-med\/?gad_source=1&amp;gclid=CjwKCAjwufq2BhAmEiwAnZqw8kOXj-otjPbpepM1ATjWAlnETKsaqeE2IA04nerg9YT5jM7QhqU_txoCEucQAvD_BwE\" rel=\"nofollow noopener\" target=\"_blank\">Helsenorge.no<\/a><\/p>\n<p>      Vis mer<br \/>\n      Vis mindre<\/p>\n<p>&#8211; Jeg hadde jo holdt p\u00e5 med denne jattinga, (stadige samtaler med moren, journ.anm) i flere \u00e5r, og var blitt veldig lei. Men s\u00e5 sier hun noe i en videosamtale som snudde hele virkelighetsoppfatninga mi.\u00a0<\/p>\n<p>    <a itemprop=\"url\" href=\"https:\/\/www.dagbladet.no\/kjendis\/misbrukt-i-svindel-falsk\/84073527\" rel=\"nofollow noopener\" target=\"_blank\"><\/p>\n<p>        <img loading=\"lazy\" decoding=\"async\" src=\"https:\/\/www.europesays.com\/no\/wp-content\/uploads\/2026\/01\/84073710.webp.webp\" width=\"980\" height=\"441\" title=\"Misbrukt i svindel: - Falsk\" alt=\"\" class=\"lazyload\" style=\"--aspect-ratio-image: 2.22; \"\/><\/p>\n<p>        Misbrukt i svindel: &#8211; Falsk<\/p>\n<p>    <\/a><\/p>\n<p>Hun fortsetter:\u00a0<\/p>\n<p>&#8211; Mamma lener seg inn mot kameraet p\u00e5 mobilen og sier: \u00abJulia, jeg har aldri sl\u00e5tt noen\u00bb. I det \u00f8yeblikket gikk det opp for meg. Det var som lyn fra klar himmel.<\/p>\n<p>&#8211; Alle de gangene hun har banket meg opp, til jeg trodde jeg skulle d\u00f8, alt kom tilbake. Og da skj\u00f8nte jeg: N\u00e5r du kan se meg i \u00f8ynene og si at du aldri har sl\u00e5tt noen, da er det selvf\u00f8lgelig ogs\u00e5 mulig at du har drept noen.<\/p>\n<p>        <img loading=\"lazy\" decoding=\"async\" src=\"https:\/\/www.europesays.com\/no\/wp-content\/uploads\/2026\/01\/84106137.webp.webp\" width=\"686\" height=\"549\" title=\"LOVENS STRENGESTE: I Bredtveit fengsel soner Elisabeth Terese Aaslie lovens strengeste straff for to overlagte drap; 21 \u00e5rs forvaring med en minstetid p\u00e5 ti \u00e5r. Foto: Lars Eivind Bones\" alt=\"\" class=\"\" style=\"--aspect-ratio-image: 1.25; \"\/><\/p>\n<p>\n        LOVENS STRENGESTE: I Bredtveit fengsel soner Elisabeth Terese Aaslie lovens strengeste straff for to overlagte drap; 21 \u00e5rs forvaring med en minstetid p\u00e5 ti \u00e5r. Foto: Lars Eivind Bones\n    <\/p>\n<p>P\u00e5 telefon fra fengselet sier Elisabeth Aaslie at hun forholder seg til \u00abdet Julia sa i avh\u00f8r i 2017\u00bb, alts\u00e5 da rettssaken mot henne p\u00e5gikk.\u00a0<\/p>\n<p>&#8211; Hun har tidligere sagt til meg at jeg har v\u00e6rt den eneste tryggheten hun har hatt, s\u00e5 dette er bare fryktelig trist. Julia er min f\u00f8rstef\u00f8dte som jeg elsker over alt p\u00e5 denne jord, sier hun.<\/p>\n<p>\u00abJeg er Ikke min mors datter\u00bb\t<\/p>\n<p>Samtalen i 2022 utl\u00f8ser et sterkt behov hos Julia for \u00e5 n\u00f8ste opp i sin egen historie. Hun \u00f8nsker \u00e5 forst\u00e5 bakgrunnen for den dype angsten og frykten som har preget henne.<\/p>\n<p>Arbeidet resulterte i boka \u00abIkke min mors datter\u00bb, som ble utgitt i fjor.\u00a0<\/p>\n<p>Der skildrer hun oppveksten sin, slik hun husker den.<\/p>\n<p>&#8211; Jeg gikk til politiet for \u00e5 anmelde moren min. Hun slo meg gjennom hele oppveksten, og jeg opplever henne som livsfarlig. Jeg \u00f8nsket ikke lenger \u00e5 ha noe med henne \u00e5 gj\u00f8re. Likevel tok det nesten et \u00e5r f\u00f8r jeg fikk svar, og da ble saken henlagt. Derfor f\u00f8lte jeg et behov for \u00e5 fortelle min side av historien.\u00a0<\/p>\n<p>Reagerer kraftig\t<\/p>\n<p>Julias anklager om vold har aldri v\u00e6rt anmeldt eller pr\u00f8vd for retten.\u00a0<\/p>\n<p>Forsvareren til Aaslie, Arvid Sj\u00f8din, reagerer kraftig p\u00e5 Julias p\u00e5stander om vold gjennom oppveksten.<\/p>\n<p>        <img loading=\"lazy\" decoding=\"async\" src=\"https:\/\/www.europesays.com\/no\/wp-content\/uploads\/2026\/01\/84106223.webp.webp\" width=\"667\" height=\"381\" title=\"PROFILERT: Arvid Sj\u00f8din har v\u00e6rt og er involvert i en rekke profilerte rettssaker. Foto: Hans Arne Vedlog\" alt=\"\" class=\"\" style=\"--aspect-ratio-image: 1.75; \"\/><\/p>\n<p>\n        PROFILERT: Arvid Sj\u00f8din har v\u00e6rt og er involvert i en rekke profilerte rettssaker. Foto: Hans Arne Vedlog\n    <\/p>\n<p>&#8211; Det er uriktig det datteren sier. I avh\u00f8r\u00a0i\u00a02017 roset hun moren opp i skyene. Det hun sa i 2017 er det motsatte av det hun sier n\u00e5, sier Sj\u00f8din til Dagbladet.\u00a0<\/p>\n<p>Klausen synes ikke noe om at morens forsvarer kaller henne en l\u00f8gner:<\/p>\n<p>&#8211; Han\u00a0forteller\u00a0at alt det jeg sier er uriktig. Og det er greit at de er uenige i mine meninger, men n\u00e5r en advokat sier at alt er uriktig, s\u00e5 syns jeg det blir veldig feil. Han er en profilert advokat og dermed reagerer jeg p\u00e5 at han har et s\u00e5 personlig standpunkt. Som om han selv kan personlig bekrefte og har v\u00e6rt vitne til dette.<\/p>\n","protected":false},"excerpt":{"rendered":"&#8211; Domstolen har d\u00f8mt meg\u00a0til Norges farligste. Men jeg vet at det ikke stemmer, sa Elisabeth Aaslie til&hellip;\n","protected":false},"author":2,"featured_media":139786,"comment_status":"","ping_status":"","sticky":false,"template":"","format":"standard","meta":{"footnotes":""},"categories":[10],"tags":[20,21,24,25,15,479,22,23,13,30,28,29,14,16,26,27],"class_list":{"0":"post-139785","1":"post","2":"type-post","3":"status-publish","4":"format-standard","5":"has-post-thumbnail","7":"category-norge","8":"tag-breaking-news","9":"tag-breakingnews","10":"tag-featured-news","11":"tag-featurednews","12":"tag-headlines","13":"tag-kjendis","14":"tag-latest-news","15":"tag-latestnews","16":"tag-news","17":"tag-no","18":"tag-norge","19":"tag-norway","20":"tag-nyheter","21":"tag-overskrifter","22":"tag-top-stories","23":"tag-topstories"},"share_on_mastodon":{"url":"https:\/\/pubeurope.com\/@no\/115909420931877089","error":""},"_links":{"self":[{"href":"https:\/\/www.europesays.com\/no\/wp-json\/wp\/v2\/posts\/139785","targetHints":{"allow":["GET"]}}],"collection":[{"href":"https:\/\/www.europesays.com\/no\/wp-json\/wp\/v2\/posts"}],"about":[{"href":"https:\/\/www.europesays.com\/no\/wp-json\/wp\/v2\/types\/post"}],"author":[{"embeddable":true,"href":"https:\/\/www.europesays.com\/no\/wp-json\/wp\/v2\/users\/2"}],"replies":[{"embeddable":true,"href":"https:\/\/www.europesays.com\/no\/wp-json\/wp\/v2\/comments?post=139785"}],"version-history":[{"count":0,"href":"https:\/\/www.europesays.com\/no\/wp-json\/wp\/v2\/posts\/139785\/revisions"}],"wp:featuredmedia":[{"embeddable":true,"href":"https:\/\/www.europesays.com\/no\/wp-json\/wp\/v2\/media\/139786"}],"wp:attachment":[{"href":"https:\/\/www.europesays.com\/no\/wp-json\/wp\/v2\/media?parent=139785"}],"wp:term":[{"taxonomy":"category","embeddable":true,"href":"https:\/\/www.europesays.com\/no\/wp-json\/wp\/v2\/categories?post=139785"},{"taxonomy":"post_tag","embeddable":true,"href":"https:\/\/www.europesays.com\/no\/wp-json\/wp\/v2\/tags?post=139785"}],"curies":[{"name":"wp","href":"https:\/\/api.w.org\/{rel}","templated":true}]}}