{"id":139798,"date":"2026-01-17T08:43:09","date_gmt":"2026-01-17T08:43:09","guid":{"rendered":"https:\/\/www.europesays.com\/no\/139798\/"},"modified":"2026-01-17T08:43:09","modified_gmt":"2026-01-17T08:43:09","slug":"utenriksminister-espen-barth-eide-moter-danmarks-utenriksminister-i-oslo-sondag","status":"publish","type":"post","link":"https:\/\/www.europesays.com\/no\/139798\/","title":{"rendered":"Utenriksminister Espen Barth Eide m\u00f8ter Danmarks utenriksminister i Oslo s\u00f8ndag"},"content":{"rendered":"\n<p class=\"_lead_o9xde_2 _lead_xtcu6_50 layout-component text-serif-m layout-normal text-serif-l layout-component layout-wide layout-padded _wide_17hqh_1 layout-padded\">Det skriver Utenriksdepartementet i en pressemelding l\u00f8rdag morgen. <\/p>\n<p><img alt=\" Danmarks utenriksminister Lars L\u00f8kke Rasmussen og Gr\u00f8nlands minister for utenrikssaker Vivian Motzfeldt under pressekonferansen utenfor Danmarks ambassade om Gr\u00f8nland-m\u00f8tet 14. januar.  Foto: Thomas Nilsson \/ VG\" class=\"_image_qp4xg_65 layout-component layout-wide\" data-fullscreen- data-track-element-type=\"Article image fullscreen\" data-track-name=\"ImageFullscreen\" fetchpriority=\"high\" decoding=\"sync\" loading=\"eager\" height=\"2534\" itemprop=\"image\"  src=\"https:\/\/www.europesays.com\/no\/wp-content\/uploads\/2026\/01\/dada0010-3d23-45ed-ab83-3ee548ec622d.jpeg\"  style=\"object-position:0% 0%\" width=\"3800\"\/> Danmarks utenriksminister Lars L\u00f8kke Rasmussen og Gr\u00f8nlands minister for utenrikssaker Vivian Motzfeldt under pressekonferansen utenfor Danmarks ambassade om Gr\u00f8nland-m\u00f8tet 14. januar.  Foto: Thomas Nilsson \/ VG<\/p>\n<ul aria-hidden=\"true\" class=\"_images_ntbth_112\">\n<li><a class=\"_link_ntbth_117\" href=\"https:\/\/www.vg.no\/forfatter\/magnus-borlaug-eriksen\" style=\"z-index:2\" title=\"Magnus Borlaug Eriksen\" rel=\"nofollow noopener\" target=\"_blank\"><img alt=\"Bilde av Magnus Borlaug Eriksen\" class=\"_image_ntbth_93\" fetchpriority=\"low\" loading=\"lazy\" decoding=\"async\" itemprop=\"image\"  src=\"https:\/\/www.europesays.com\/no\/wp-content\/uploads\/2026\/01\/1768639388_136_877378e9-5217-48a4-b6dc-629bc6b22663.png\"  width=\"480\"\/><\/a><\/li>\n<li><a class=\"_link_ntbth_117\" href=\"https:\/\/www.vg.no\/forfatter\/ntb\" style=\"z-index:1\" title=\"NTB\" rel=\"nofollow noopener\" target=\"_blank\"><img alt=\"Bilde av NTB\" class=\"_image_ntbth_93\" fetchpriority=\"low\" loading=\"lazy\" decoding=\"async\" itemprop=\"image\"  src=\"https:\/\/www.europesays.com\/no\/wp-content\/uploads\/2026\/01\/1768639388_169_c33980b0-5d07-4027-84a1-813f90a7c8d6.png\"  width=\"480\"\/><\/a><\/li>\n<\/ul>\n<p> Oppdatert l\u00f8rdag 17. januar kl. 09:31     <\/p>\n<p class=\"_paragraph_o9xde_4 _paragraph_xtcu6_10 layout-component text-serif-m layout-normal text-serif-m layout-padded\">M\u00f8tet skal foreg\u00e5 s\u00f8ndag ettermiddag, og <a href=\"https:\/\/www.vg.no\/tag\/groenland?utm_source=vg-article&amp;utm_medium=auto-tagger&amp;utm_campaign=XM828B\" class=\"_link_o9xde_39\" rel=\"nofollow noopener\" target=\"_blank\">Gr\u00f8nland<\/a> blir et sentralt tema i m\u00f8tet, opplyser UD til NTB.<\/p>\n<p class=\"_paragraph_o9xde_4 _paragraph_xtcu6_10 layout-component text-serif-m layout-normal text-serif-m layout-padded\">L\u00f8kke m\u00f8tte tidligere denne uken USAs visepresident J.D. Vance og utenriksminister Marco Rubio i Washington D.C. om stridighetene rundt USAs \u00f8nske om \u00e5 ta over Gr\u00f8nland.<\/p>\n<p class=\"_paragraph_o9xde_4 _paragraph_xtcu6_10 layout-component text-serif-m layout-normal text-serif-m layout-padded\">Etter m\u00f8tet ble det nedfelt en arbeidsgruppe som skal jobbe videre med sp\u00f8rsm\u00e5let. USA hevdet at gruppen skulle jobbe med \u00abovertakelsen av Gr\u00f8nland\u00bb. L\u00f8kke har i etterkant av m\u00f8tet derfor m\u00e5ttet gj\u00f8re det klart for USA at det danske kongerikets suverenitet er en r\u00f8d linje.<\/p>\n<p class=\"_paragraph_o9xde_4 _paragraph_xtcu6_10 layout-component text-serif-m layout-normal text-serif-m layout-padded\">En\u00a0tverrpolitisk\u00a0gruppe fra den amerikanske kongressen kom fredag p\u00e5 plass i Danmark for \u00e5 bes\u00f8ke\u00a0Folketinget. <\/p>\n<ul class=\"_list_o9xde_3 _list_xtcu6_9 _unordered_o9xde_106 layout-component text-serif-m layout-normal text-serif-m layout-padded\">\n<li class=\"_item_o9xde_30\">Samtidig insisterer president Donald Trumps spesialutsending p\u00e5 at Gr\u00f8nland skal bli amerikansk herred\u00f8mme.<\/li>\n<li class=\"_item_o9xde_30\">Trump m\u00f8ter ogs\u00e5 \u00f8kende motstand fra egne partifeller i Kongressen n\u00e5r det gjelder planene om \u00e5 ta kontroll over Gr\u00f8nland.<\/li>\n<li class=\"_item_o9xde_30\">Kongressmedlemmene understreker at samarbeid gjennom Nato er veien \u00e5 g\u00e5.<\/li>\n<\/ul>\n<p class=\"_paragraph_o9xde_4 _paragraph_xtcu6_10 layout-component text-serif-m layout-normal text-serif-m layout-padded\">\u2013 Det er mye retorikk og lite virkelighetsoppfatning i den p\u00e5g\u00e5ende diskusjonen i Washington, sa delegasjonsleder og senator Chris Coons under et pressem\u00f8te fredag ettermiddag.<\/p>\n<p class=\"_paragraph_o9xde_4 _paragraph_xtcu6_10 layout-component text-serif-m layout-normal text-serif-m layout-padded\">10.30 l\u00f8rdag er det varslet et pressem\u00f8te fra den tverrpolitiske gruppen med amerikanske politikere i K\u00f8benhavn.<\/p>\n<p class=\"_paragraph_o9xde_4 _paragraph_xtcu6_10 layout-component text-serif-m layout-normal text-serif-m layout-padded\">VG var p\u00e5\u00a0<a href=\"https:\/\/www.vg.no\/nyheter\/i\/Gxaq0J\/groenlands-regjeringsjef-groenland-vil-ikke-styres-av-usa\" data-track-element-type=\"Link\" data-track-id=\"link:Gxaq0J\" class=\"_link_o9xde_39\" rel=\"nofollow noopener\" target=\"_blank\">plass i Det hvite hus<\/a>\u00a0torsdag kveld.<\/p>\n<p class=\"_paragraph_o9xde_4 _paragraph_xtcu6_10 layout-component text-serif-m layout-normal text-serif-m layout-padded\">Da sa pressetalsperson Karoline Leavitt at m\u00e5let med arbeidsgruppen mellom USA, Danmark og Gr\u00f8nland er \u00e5 \u00abfortsette tekniske dr\u00f8ftelser om overtagelsen av Gr\u00f8nland\u00bb.<\/p>\n<p class=\"_paragraph_o9xde_4 _paragraph_xtcu6_10 layout-component text-serif-m layout-normal text-serif-m layout-padded\">L\u00f8rdag er det varslet demonstrasjoner b\u00e5de i Danmarks hovedstad K\u00f8benhavn og Gr\u00f8nlands hovedstad Nuuk. <\/p>\n<p>    <img decoding=\"async\" alt=\"Tips oss illustrasjon\" src=\"https:\/\/www.europesays.com\/no\/wp-content\/uploads\/2025\/10\/pssst-small.webp.webp\"\/>    <\/p>\n<p class=\"title-serif-s\">Har du tips?<\/p>\n<p class=\"text-sans-m\">Send oss informasjon, bilder eller video.<\/p>\n<p>  <a href=\"https:\/\/www.vg.no\/tips-oss\" rel=\"nofollow noopener\" target=\"_blank\"> Tips oss <\/a>      <\/p>\n","protected":false},"excerpt":{"rendered":"Det skriver Utenriksdepartementet i en pressemelding l\u00f8rdag morgen. Danmarks utenriksminister Lars L\u00f8kke Rasmussen og Gr\u00f8nlands minister for utenrikssaker&hellip;\n","protected":false},"author":2,"featured_media":139799,"comment_status":"","ping_status":"","sticky":false,"template":"","format":"standard","meta":{"footnotes":""},"categories":[10],"tags":[31,20,21,24,25,2112,15,3330,22,23,13,30,28,29,14,636,16,26,27],"class_list":{"0":"post-139798","1":"post","2":"type-post","3":"status-publish","4":"format-standard","5":"has-post-thumbnail","7":"category-norge","8":"tag-breaking","9":"tag-breaking-news","10":"tag-breakingnews","11":"tag-featured-news","12":"tag-featurednews","13":"tag-gronland","14":"tag-headlines","15":"tag-lars-lokke-rasmussen","16":"tag-latest-news","17":"tag-latestnews","18":"tag-news","19":"tag-no","20":"tag-norge","21":"tag-norway","22":"tag-nyheter","23":"tag-oslo","24":"tag-overskrifter","25":"tag-top-stories","26":"tag-topstories"},"share_on_mastodon":{"url":"https:\/\/pubeurope.com\/@no\/115909558464818696","error":""},"_links":{"self":[{"href":"https:\/\/www.europesays.com\/no\/wp-json\/wp\/v2\/posts\/139798","targetHints":{"allow":["GET"]}}],"collection":[{"href":"https:\/\/www.europesays.com\/no\/wp-json\/wp\/v2\/posts"}],"about":[{"href":"https:\/\/www.europesays.com\/no\/wp-json\/wp\/v2\/types\/post"}],"author":[{"embeddable":true,"href":"https:\/\/www.europesays.com\/no\/wp-json\/wp\/v2\/users\/2"}],"replies":[{"embeddable":true,"href":"https:\/\/www.europesays.com\/no\/wp-json\/wp\/v2\/comments?post=139798"}],"version-history":[{"count":0,"href":"https:\/\/www.europesays.com\/no\/wp-json\/wp\/v2\/posts\/139798\/revisions"}],"wp:featuredmedia":[{"embeddable":true,"href":"https:\/\/www.europesays.com\/no\/wp-json\/wp\/v2\/media\/139799"}],"wp:attachment":[{"href":"https:\/\/www.europesays.com\/no\/wp-json\/wp\/v2\/media?parent=139798"}],"wp:term":[{"taxonomy":"category","embeddable":true,"href":"https:\/\/www.europesays.com\/no\/wp-json\/wp\/v2\/categories?post=139798"},{"taxonomy":"post_tag","embeddable":true,"href":"https:\/\/www.europesays.com\/no\/wp-json\/wp\/v2\/tags?post=139798"}],"curies":[{"name":"wp","href":"https:\/\/api.w.org\/{rel}","templated":true}]}}