{"id":139816,"date":"2026-01-17T09:03:10","date_gmt":"2026-01-17T09:03:10","guid":{"rendered":"https:\/\/www.europesays.com\/no\/139816\/"},"modified":"2026-01-17T09:03:10","modified_gmt":"2026-01-17T09:03:10","slug":"alvorlig-skytehendelse-under-norsk-ovelse-i-litauen","status":"publish","type":"post","link":"https:\/\/www.europesays.com\/no\/139816\/","title":{"rendered":"Alvorlig skytehendelse under norsk \u00f8velse i Litauen"},"content":{"rendered":"<p class=\"kicker t15 font-weight-bold m-font-weight-bold color_mobile_no_bg_color quaternary color_mobile_quaternary font-Trim text-case-transform-upper mobile-hasTextPadding\" style=\"\">Nyheter<\/p>\n<p>    Flere soldater var n\u00e6r ved \u00e5 bli truffet under en skarpskytings\u00f8velse med mitralj\u00f8se.<\/p>\n<p>\n        PABRADE: \u00d8vings- og skytefeltet i Pabrade i Litauen best\u00e5r av b\u00e5de skog og ei st\u00f8rre slette. Dette illustrasjonsbildet er fra skogen i forbindelse med feltet og er tatt i 2021.<br \/>\n        Foto: Frederik Ringnes, Forsvaret\n    <\/p>\n<p>Statens havarikommisjon (SHK) har iverksatt en unders\u00f8kelse av det de omtaler som en alvorlig skytehendelse ved Pabrade skyte- og \u00f8vingsfelt i Litauen 4. desember i fjor.\u00a0<\/p>\n<p>Ingen personer ble fysisk skadet under hendelsen, skriver SHK.\u00a0<\/p>\n<p>Soldater n\u00e6r ved \u00e5 bli truffet<\/p>\n<p>Havarikommisjonen beskriver hendelsen slik:<\/p>\n<p class=\"italic m-italic\" data-lab-italic=\"italic\">\u00abUnder en skarpskytings\u00f8velse med mekanisert infanteri ble det avfyrt flere skudd mot et m\u00e5lskivearrangement. Samtidig hadde soldater rykket frem i skogen bak m\u00e5lskivene og flere av soldatene var n\u00e6r ved \u00e5 bli truffet. \u00d8velsen var i regi av det norske forsvarets bidrag til den multinasjonale brigaden i Litauen.\u00bb<\/p>\n<p>H\u00e6ren bekrefter at det inntraff en alvorlig nestenulykke i desember. Kommunikasjonssjef Lars Str\u00f8m i H\u00e6ren beskriver forl\u00f8pet slik i en e-post til Forsvarets forum:\u00a0<\/p>\n<p class=\"italic m-italic\" data-lab-italic=\"italic\">\u00abDen aktuelle hendelsen skjedde under en skarpskytings\u00f8velse med ett\u00a0mekanisert infanterikompani, der fotlag opererte i front med st\u00f8tte fra kampvogner. Det er i tilknytning til\u00a0to\u00a0av disse fotlagene, og skyting med en mitralj\u00f8se, at nestenulykken fant sted.\u00bb<\/p>\n<p>Han skriver at \u00f8velsen ble stanset umiddelbart, at den ble varslet om og at personellet ble ivaretatt. Utenlandsk personell var ikke involvert i hendelsen.\u00a0<\/p>\n<p>&#8211;\u00a0H\u00e6ren tar slike hendelser p\u00e5 stort alvor selv om det denne gangen gikk bra, skriver Str\u00f8m.<\/p>\n<p>Unders\u00f8kes av tre organer<\/p>\n<p>Ressurser fra Milit\u00e6rpolitiet har dokumentert hendelsen og etterforsker den p\u00e5 vegne av \u00d8st politidistrikt. I tillegg gjennomf\u00f8rer fagansvarlige i H\u00e6ren egne unders\u00f8kelser.\u00a0<\/p>\n<p>\u2013 H\u00e6ren \u00f8nsker ikke \u00e5 kommentere saken videre f\u00f8r p\u00e5talemyndigheten og Havarikommisjon har behandlet saken, og interne unders\u00f8kelser er avsluttet, skriver kommunikasjonssjefen.<\/p>\n<p>Fire personer fra Statens havarikommisjon reiste til Litauen i desember for \u00e5 unders\u00f8ke hendelsen.\u00a0<\/p>\n<p>\u2013 Vi har f\u00e5tt relativt god oversikt. Vi fikk gjort en innledende unders\u00f8kelse i Litauen f\u00f8r jul med befaring av stedet og mange intervjuer, sier avdelingsdirekt\u00f8r for vei og landforsvar Ingvild K. Ytrehus til Forsvarets forum.\u00a0<\/p>\n<p>Hun g\u00e5r ikke inn p\u00e5 flere detaljer om selve hendelsesforl\u00f8pet, men sier at de n\u00e5 arbeider med den informasjonen de har hentet inn. Fremover vil de jobbe med \u00e5 videre kartlegge hendelsesforl\u00f8pet, identifisere sikkerhetsproblemer og kartlegge medvirkende \u00e5rsaker til hendelsen.\u00a0<\/p>\n<p>Soldater fra H\u00e6ren har v\u00e6rt i Litauen siden 2017 som del av Natos forsterkede tilstedev\u00e6relse p\u00e5 \u00f8stflanken i kj\u00f8lvannet av annekteringen av Krym-halv\u00f8ya i 2014. I 2026 deltar Norge med omtrent 150 soldater, if\u00f8lge <a href=\"https:\/\/www.forsvaret.no\/om-forsvaret\/operasjoner-og-ovelser\/internasjonale-operasjoner\/litauen\" rel=\"nofollow noopener\" target=\"_blank\">Forsvaret<\/a>.<\/p>\n<p>Det skjedde flere alvorlige ulykker ved skyte- og \u00f8vingsfeltet Pabrade i fjor. I mars kj\u00f8rte en bergepanservogn av typen M88 Hercules i en myr. Fire <a href=\"https:\/\/www.forsvaretsforum.no\/litauen-us-army-us-navy\/amerikanske-soldater-funnet-dode-i-litauen\/431251\" rel=\"nofollow noopener\" target=\"_blank\">amerikanske soldater<\/a> mistet livet i hendelsen.\u00a0<\/p>\n<p>I slutten av november mistet en belgisk soldat livet under en \u00f8velse med bombekaster ved det samme skytefeltet, melder <a href=\"https:\/\/www.politico.eu\/article\/belgian-soldier-dies-during-nato-exercise-in-lithuania\/\" rel=\"nofollow noopener\" target=\"_blank\">Politico<\/a>.<\/p>\n","protected":false},"excerpt":{"rendered":"Nyheter Flere soldater var n\u00e6r ved \u00e5 bli truffet under en skarpskytings\u00f8velse med mitralj\u00f8se. PABRADE: \u00d8vings- og skytefeltet&hellip;\n","protected":false},"author":2,"featured_media":139817,"comment_status":"","ping_status":"","sticky":false,"template":"","format":"standard","meta":{"footnotes":""},"categories":[12],"tags":[20,21,24,25,15,22,23,13,30,28,29,14,16,26,27,42,43,44,45],"class_list":{"0":"post-139816","1":"post","2":"type-post","3":"status-publish","4":"format-standard","5":"has-post-thumbnail","7":"category-verden","8":"tag-breaking-news","9":"tag-breakingnews","10":"tag-featured-news","11":"tag-featurednews","12":"tag-headlines","13":"tag-latest-news","14":"tag-latestnews","15":"tag-news","16":"tag-no","17":"tag-norge","18":"tag-norway","19":"tag-nyheter","20":"tag-overskrifter","21":"tag-top-stories","22":"tag-topstories","23":"tag-verden","24":"tag-world","25":"tag-world-news","26":"tag-worldnews"},"share_on_mastodon":{"url":"https:\/\/pubeurope.com\/@no\/115909637154531887","error":""},"_links":{"self":[{"href":"https:\/\/www.europesays.com\/no\/wp-json\/wp\/v2\/posts\/139816","targetHints":{"allow":["GET"]}}],"collection":[{"href":"https:\/\/www.europesays.com\/no\/wp-json\/wp\/v2\/posts"}],"about":[{"href":"https:\/\/www.europesays.com\/no\/wp-json\/wp\/v2\/types\/post"}],"author":[{"embeddable":true,"href":"https:\/\/www.europesays.com\/no\/wp-json\/wp\/v2\/users\/2"}],"replies":[{"embeddable":true,"href":"https:\/\/www.europesays.com\/no\/wp-json\/wp\/v2\/comments?post=139816"}],"version-history":[{"count":0,"href":"https:\/\/www.europesays.com\/no\/wp-json\/wp\/v2\/posts\/139816\/revisions"}],"wp:featuredmedia":[{"embeddable":true,"href":"https:\/\/www.europesays.com\/no\/wp-json\/wp\/v2\/media\/139817"}],"wp:attachment":[{"href":"https:\/\/www.europesays.com\/no\/wp-json\/wp\/v2\/media?parent=139816"}],"wp:term":[{"taxonomy":"category","embeddable":true,"href":"https:\/\/www.europesays.com\/no\/wp-json\/wp\/v2\/categories?post=139816"},{"taxonomy":"post_tag","embeddable":true,"href":"https:\/\/www.europesays.com\/no\/wp-json\/wp\/v2\/tags?post=139816"}],"curies":[{"name":"wp","href":"https:\/\/api.w.org\/{rel}","templated":true}]}}