{"id":139826,"date":"2026-01-17T09:11:07","date_gmt":"2026-01-17T09:11:07","guid":{"rendered":"https:\/\/www.europesays.com\/no\/139826\/"},"modified":"2026-01-17T09:11:07","modified_gmt":"2026-01-17T09:11:07","slug":"to-fulle-menn-og-en-semitrailer-kan-det-ga-galt-fvn-no","status":"publish","type":"post","link":"https:\/\/www.europesays.com\/no\/139826\/","title":{"rendered":"To fulle menn og \u00e9n semi\u00adtrailer \u2013 kan det g\u00e5 galt? &#8211; fvn.no"},"content":{"rendered":"<ol>\n<li><a href=\"https:\/\/news.google.com\/rss\/articles\/CBMingFBVV95cUxONnVGWDZ0bU52TUZpY3JJckxWeVBReC1POVpiR2gxLUF3RGJvV2dLcEFtVjJFN1EtZm5pYnVEWlZ1eldPT0hJbTBZaTFjUW0zNmFweVlZTURMcWJPRlo1bFBnekYzWktDQ1BuUUZLYklHUDd1UjB5SzVnNU9ta243RlJzby1MNTM0angwRHh0QWxuOFZyYVR5U0hyUlhLZw?oc=5\" target=\"_blank\" rel=\"nofollow noopener\">To fulle menn og \u00e9n semi\u00adtrailer \u2013 kan det g\u00e5 galt?<\/a>&nbsp;&nbsp;fvn.no<\/li>\n<li><a href=\"https:\/\/news.google.com\/rss\/articles\/CBMihwFBVV95cUxPdzFHM25UeW5wTmNNZktzM2RCY2xZWV9HeW5ocDNXWVVobFZOUkFQb2x0VDl3TlJmRko1VldLN0ZkRW9GOGd2NmtBQlVQWDgwT1lrMF8tUWpoa2RCdzhmMHUtcGpMTkNudGlsTUFnUnI2RlN4SnBYQTFSTkU3ZDRZRTJia3FFTG8?oc=5\" target=\"_blank\" rel=\"nofollow noopener\">n\u00e5: Beruset mann stjal semitrailer &#8211; s\u00e5 ble den nye sj\u00e5f\u00f8ren ogs\u00e5 stoppet<\/a>&nbsp;&nbsp;VG<\/li>\n<li><a href=\"https:\/\/news.google.com\/rss\/articles\/CBMilgFBVV95cUxPd2VVUHNTNmdCSVlBWXlPUTVMTlU4OHQ2dUhseG5DanRkRTVsQklUOFVLRUswOTdRMmZYdXBMZThGbXNJbmhLQlF5bFcwdmdJeHFHVzNaaFJNWXFSbFhZaEdZYV93cS1MSXdraU9FMmRjdEJtaXhrRVdlLXBYMzRhNlF6c3d6WDZwUnFldDRQcHJ4b3lXNFE?oc=5\" target=\"_blank\" rel=\"nofollow noopener\">Full mann stjal trailer \u2013 s\u00e5 tok en annen full mann over<\/a>&nbsp;&nbsp;TV2.no<\/li>\n<li><a href=\"https:\/\/news.google.com\/rss\/articles\/CBMitAFBVV95cUxNYzRJWlRfeURxQ1Noeng2bGk4S2VOcnlpaW1naERVaEQxdVlMWFNsMVVDSklyN0xIRjN4eUlHMU9jaV8xek5UWjhVcWgyd0w5cndMQTZlUjN0dGxPY3UxZTZSZC12RUh1OENPRmZfZGJZaGRUUVhFcllzckdDaGRqVGhEcjdLcF81eEF3LUk5cTFuY0Y0NmY4SExDYlVGX3ZISWlGNG5ucS1ESkVUZDdqRWFqRXA?oc=5\" target=\"_blank\" rel=\"nofollow noopener\">Sandnes, Tyveri | Beruset mann stjal semitrailer \u2013 s\u00e5 dukket nok en beruset f\u00f8rer opp<\/a>&nbsp;&nbsp;Nettavisen<\/li>\n<li><a href=\"https:\/\/news.google.com\/rss\/articles\/CBMiYEFVX3lxTE1HdHd5TnMxd29ROTVsRmpTTDNJZDl3eU5SWWRzR3d2ZGk2LUNvODQ5M21RSmhwRmt3aER1MUVlRUgyS1EtSnlvSW5vNzZNZzFEaDlGTkNwZ2JmeFhRdVU3LQ?oc=5\" target=\"_blank\" rel=\"nofollow noopener\">Dobbel fyllekj\u00f8ring<\/a>&nbsp;&nbsp;Sol.no samler de viktigste nyhetene for deg!<\/li>\n<\/ol>\n","protected":false},"excerpt":{"rendered":"To fulle menn og \u00e9n semi\u00adtrailer \u2013 kan det g\u00e5 galt?&nbsp;&nbsp;fvn.no n\u00e5: Beruset mann stjal semitrailer &#8211; s\u00e5&hellip;\n","protected":false},"author":2,"featured_media":139827,"comment_status":"","ping_status":"","sticky":false,"template":"","format":"standard","meta":{"footnotes":""},"categories":[10],"tags":[20,21,24,25,15,22,23,13,30,28,29,14,16,26,27],"class_list":{"0":"post-139826","1":"post","2":"type-post","3":"status-publish","4":"format-standard","5":"has-post-thumbnail","7":"category-norge","8":"tag-breaking-news","9":"tag-breakingnews","10":"tag-featured-news","11":"tag-featurednews","12":"tag-headlines","13":"tag-latest-news","14":"tag-latestnews","15":"tag-news","16":"tag-no","17":"tag-norge","18":"tag-norway","19":"tag-nyheter","20":"tag-overskrifter","21":"tag-top-stories","22":"tag-topstories"},"share_on_mastodon":{"url":"https:\/\/pubeurope.com\/@no\/115909668549907090","error":""},"_links":{"self":[{"href":"https:\/\/www.europesays.com\/no\/wp-json\/wp\/v2\/posts\/139826","targetHints":{"allow":["GET"]}}],"collection":[{"href":"https:\/\/www.europesays.com\/no\/wp-json\/wp\/v2\/posts"}],"about":[{"href":"https:\/\/www.europesays.com\/no\/wp-json\/wp\/v2\/types\/post"}],"author":[{"embeddable":true,"href":"https:\/\/www.europesays.com\/no\/wp-json\/wp\/v2\/users\/2"}],"replies":[{"embeddable":true,"href":"https:\/\/www.europesays.com\/no\/wp-json\/wp\/v2\/comments?post=139826"}],"version-history":[{"count":0,"href":"https:\/\/www.europesays.com\/no\/wp-json\/wp\/v2\/posts\/139826\/revisions"}],"wp:featuredmedia":[{"embeddable":true,"href":"https:\/\/www.europesays.com\/no\/wp-json\/wp\/v2\/media\/139827"}],"wp:attachment":[{"href":"https:\/\/www.europesays.com\/no\/wp-json\/wp\/v2\/media?parent=139826"}],"wp:term":[{"taxonomy":"category","embeddable":true,"href":"https:\/\/www.europesays.com\/no\/wp-json\/wp\/v2\/categories?post=139826"},{"taxonomy":"post_tag","embeddable":true,"href":"https:\/\/www.europesays.com\/no\/wp-json\/wp\/v2\/tags?post=139826"}],"curies":[{"name":"wp","href":"https:\/\/api.w.org\/{rel}","templated":true}]}}