{"id":139830,"date":"2026-01-17T09:18:10","date_gmt":"2026-01-17T09:18:10","guid":{"rendered":"https:\/\/www.europesays.com\/no\/139830\/"},"modified":"2026-01-17T09:18:10","modified_gmt":"2026-01-17T09:18:10","slug":"ice-minnesota-dommer-begrenser-ice-i-minnesota","status":"publish","type":"post","link":"https:\/\/www.europesays.com\/no\/139830\/","title":{"rendered":"Ice, Minnesota | Dommer begrenser Ice i Minnesota"},"content":{"rendered":"\n<p>Ice stoppes fra \u00e5 p\u00e5gripe fredelige demonstranter, observat\u00f8rer og sj\u00e5f\u00f8rer, samt \u00e5 bruke pepperspray, t\u00e5regass eller andre maktmidler for \u00e5 kontrollere fredelige folkemengder.<\/p>\n<p>Det anses som en seier for lokale aktivister i Minneapolis, som er Minnesotas st\u00f8rste by.<\/p>\n<p>Les ogs\u00e5: <a class=\"simple-relation related-teaser article--c-eRUmMG article--c-eRUmMG-fZoQSp-design-nettavisen article--c-eRUmMG-gwthdJ-cv\" href=\"https:\/\/www.nettavisen.no\/ny-trump-trussel-kan-bruke-opprorsloven\/s\/5-95-2827265\" rel=\"nofollow noopener\" target=\"_blank\">Ny Trump-trussel: Kan bruke oppr\u00f8rsloven<\/a><\/p>\n<p>Tidligere i januar ble trebarnsmoren Renee Good (37) skutt og drept av Ice, noe som har f\u00f8rt til sterke reaksjoner og demonstrasjoner i USA.<\/p>\n<p>Dommer Kate Menendez skriver i rettsavgj\u00f8relsen at myndighetene ikke har klart \u00e5 forklare hvorfor det er n\u00f8dvendig \u00e5 p\u00e5gripe og bruke makt mot fredelige observat\u00f8rer.<\/p>\n<p>Hun understreker at Ice m\u00e5 ha rimelig mistanke om at demonstrantene hindrer politiarbeid eller har beg\u00e5tt kriminalitet.<\/p>\n<p>Rettssaken ble anlagt p\u00e5 vegne av seks demonstranter og observat\u00f8rer som anklaget Ice for \u00e5 ha krenket deres grunnlovsfestede rettigheter.<\/p>\n","protected":false},"excerpt":{"rendered":"Ice stoppes fra \u00e5 p\u00e5gripe fredelige demonstranter, observat\u00f8rer og sj\u00e5f\u00f8rer, samt \u00e5 bruke pepperspray, t\u00e5regass eller andre maktmidler&hellip;\n","protected":false},"author":2,"featured_media":139831,"comment_status":"","ping_status":"","sticky":false,"template":"","format":"standard","meta":{"footnotes":""},"categories":[12],"tags":[20,21,24,25,15,22,23,13,30,28,29,14,16,26,27,42,43,44,45],"class_list":{"0":"post-139830","1":"post","2":"type-post","3":"status-publish","4":"format-standard","5":"has-post-thumbnail","7":"category-verden","8":"tag-breaking-news","9":"tag-breakingnews","10":"tag-featured-news","11":"tag-featurednews","12":"tag-headlines","13":"tag-latest-news","14":"tag-latestnews","15":"tag-news","16":"tag-no","17":"tag-norge","18":"tag-norway","19":"tag-nyheter","20":"tag-overskrifter","21":"tag-top-stories","22":"tag-topstories","23":"tag-verden","24":"tag-world","25":"tag-world-news","26":"tag-worldnews"},"share_on_mastodon":{"url":"https:\/\/pubeurope.com\/@no\/115909696186390337","error":""},"_links":{"self":[{"href":"https:\/\/www.europesays.com\/no\/wp-json\/wp\/v2\/posts\/139830","targetHints":{"allow":["GET"]}}],"collection":[{"href":"https:\/\/www.europesays.com\/no\/wp-json\/wp\/v2\/posts"}],"about":[{"href":"https:\/\/www.europesays.com\/no\/wp-json\/wp\/v2\/types\/post"}],"author":[{"embeddable":true,"href":"https:\/\/www.europesays.com\/no\/wp-json\/wp\/v2\/users\/2"}],"replies":[{"embeddable":true,"href":"https:\/\/www.europesays.com\/no\/wp-json\/wp\/v2\/comments?post=139830"}],"version-history":[{"count":0,"href":"https:\/\/www.europesays.com\/no\/wp-json\/wp\/v2\/posts\/139830\/revisions"}],"wp:featuredmedia":[{"embeddable":true,"href":"https:\/\/www.europesays.com\/no\/wp-json\/wp\/v2\/media\/139831"}],"wp:attachment":[{"href":"https:\/\/www.europesays.com\/no\/wp-json\/wp\/v2\/media?parent=139830"}],"wp:term":[{"taxonomy":"category","embeddable":true,"href":"https:\/\/www.europesays.com\/no\/wp-json\/wp\/v2\/categories?post=139830"},{"taxonomy":"post_tag","embeddable":true,"href":"https:\/\/www.europesays.com\/no\/wp-json\/wp\/v2\/tags?post=139830"}],"curies":[{"name":"wp","href":"https:\/\/api.w.org\/{rel}","templated":true}]}}