{"id":139832,"date":"2026-01-17T09:19:15","date_gmt":"2026-01-17T09:19:15","guid":{"rendered":"https:\/\/www.europesays.com\/no\/139832\/"},"modified":"2026-01-17T09:19:15","modified_gmt":"2026-01-17T09:19:15","slug":"sandnes-tyveri-beruset-mann-stjal-semitrailer-sa-dukket-nok-en-beruset-forer-opp","status":"publish","type":"post","link":"https:\/\/www.europesays.com\/no\/139832\/","title":{"rendered":"Sandnes, Tyveri | Beruset mann stjal semitrailer \u2013 s\u00e5 dukket nok en beruset f\u00f8rer opp"},"content":{"rendered":"\n<p>Klokken 02.30 natt til l\u00f8rdag ble politiet i S\u00f8rvest varslet om et tyveri av en semitrailer fra et firma i Sandnes.<\/p>\n<p>En halvtime senere ble politiet igjen kontaktet av en annen person, som meldte om en trailer som passet beskrivelsen.<\/p>\n<p>\u2013 Politiet var raskt p\u00e5 stedet og fikk kontroll over lastebil og f\u00f8rer. Lastebilen har blant annet kj\u00f8rt ned flere trafikkskilt og politiet pr\u00f8ver \u00e5 f\u00e5 oversikt over skader i omr\u00e5det, skriver operasjonsleder Roger Litlatun i politiloggen.<\/p>\n<p><b>Les ogs\u00e5:\u00a0<\/b><a class=\"simple-relation related-teaser article--c-eRUmMG article--c-eRUmMG-fZoQSp-design-nettavisen article--c-eRUmMG-gwthdJ-cv\" href=\"https:\/\/www.nettavisen.no\/alle-tog-pa-oslo-s-innstilt-lordag\/s\/5-95-2830343\" rel=\"nofollow noopener\" target=\"_blank\">Alle tog p\u00e5 Oslo S innstilt l\u00f8rdag<\/a><\/p>\n<p>F\u00f8reren av lastebilen, en mann i 60-\u00e5rene, var alene. If\u00f8lge politiet framsto han som \u00e5penbart beruset og ble tatt med til legevakten for videre unders\u00f8kelser f\u00f8r han ble besluttet p\u00e5grepet.<\/p>\n<p>Semitraileren var en utleievogn. Firmaet som hadde leid traileren ble kontaktet og en representant fra dem m\u00f8tte opp for \u00e5 overta kj\u00f8ret\u00f8yet.\u00a0<\/p>\n<p>Men ogs\u00e5 han var beruset og lovet politiet at han skulle vente p\u00e5 en edru sj\u00e5f\u00f8r.<\/p>\n<p>\u2013 Da politiet noe tid etterp\u00e5 var tilbake i omr\u00e5det, observerte de semitraileren kj\u00f8rende. F\u00f8rer var beruset og f\u00f8rerkortet ble beslaglagt. Han blir fremstilt for n\u00f8dvendige pr\u00f8ver, forteller operasjonslederen.<\/p>\n","protected":false},"excerpt":{"rendered":"Klokken 02.30 natt til l\u00f8rdag ble politiet i S\u00f8rvest varslet om et tyveri av en semitrailer fra et&hellip;\n","protected":false},"author":2,"featured_media":139833,"comment_status":"","ping_status":"","sticky":false,"template":"","format":"standard","meta":{"footnotes":""},"categories":[10],"tags":[20,21,24,25,15,22,23,13,30,28,29,14,16,26,27],"class_list":{"0":"post-139832","1":"post","2":"type-post","3":"status-publish","4":"format-standard","5":"has-post-thumbnail","7":"category-norge","8":"tag-breaking-news","9":"tag-breakingnews","10":"tag-featured-news","11":"tag-featurednews","12":"tag-headlines","13":"tag-latest-news","14":"tag-latestnews","15":"tag-news","16":"tag-no","17":"tag-norge","18":"tag-norway","19":"tag-nyheter","20":"tag-overskrifter","21":"tag-top-stories","22":"tag-topstories"},"share_on_mastodon":{"url":"https:\/\/pubeurope.com\/@no\/115909699947240622","error":""},"_links":{"self":[{"href":"https:\/\/www.europesays.com\/no\/wp-json\/wp\/v2\/posts\/139832","targetHints":{"allow":["GET"]}}],"collection":[{"href":"https:\/\/www.europesays.com\/no\/wp-json\/wp\/v2\/posts"}],"about":[{"href":"https:\/\/www.europesays.com\/no\/wp-json\/wp\/v2\/types\/post"}],"author":[{"embeddable":true,"href":"https:\/\/www.europesays.com\/no\/wp-json\/wp\/v2\/users\/2"}],"replies":[{"embeddable":true,"href":"https:\/\/www.europesays.com\/no\/wp-json\/wp\/v2\/comments?post=139832"}],"version-history":[{"count":0,"href":"https:\/\/www.europesays.com\/no\/wp-json\/wp\/v2\/posts\/139832\/revisions"}],"wp:featuredmedia":[{"embeddable":true,"href":"https:\/\/www.europesays.com\/no\/wp-json\/wp\/v2\/media\/139833"}],"wp:attachment":[{"href":"https:\/\/www.europesays.com\/no\/wp-json\/wp\/v2\/media?parent=139832"}],"wp:term":[{"taxonomy":"category","embeddable":true,"href":"https:\/\/www.europesays.com\/no\/wp-json\/wp\/v2\/categories?post=139832"},{"taxonomy":"post_tag","embeddable":true,"href":"https:\/\/www.europesays.com\/no\/wp-json\/wp\/v2\/tags?post=139832"}],"curies":[{"name":"wp","href":"https:\/\/api.w.org\/{rel}","templated":true}]}}