{"id":139834,"date":"2026-01-17T09:21:13","date_gmt":"2026-01-17T09:21:13","guid":{"rendered":"https:\/\/www.europesays.com\/no\/139834\/"},"modified":"2026-01-17T09:21:13","modified_gmt":"2026-01-17T09:21:13","slug":"forde-volleyball-soskena-martin-og-emilie-klare-for-cupfinale-heilt-spesielt-firda","status":"publish","type":"post","link":"https:\/\/www.europesays.com\/no\/139834\/","title":{"rendered":"F\u00f8rde, Volleyball | S\u00f8skena Martin og Emilie klare for cupfinale: \u2013 Heilt spesielt &#8211; Firda"},"content":{"rendered":"<ol>\n<li><a href=\"https:\/\/news.google.com\/rss\/articles\/CBMimwFBVV95cUxOdDZydHNvSFRaSzk5M3ppMmYyY1lhcWtGRnhNX2RwTG5ESDhPVlFldS01T3hWZ2Vwc2ZUZ2RrMWJXamhMckU4S2VBd3h6X3J6OUhybjQyQUszUmN1dFZVZWJUbmhORGZ3NTNCUkNtbkNRakp6bXgzZDJCekY0Qm83bV92WERneHBobnh2SnRNZnV3eWFQNVJ3eTlZYw?oc=5\" target=\"_blank\" rel=\"nofollow noopener\">F\u00f8rde, Volleyball | S\u00f8skena Martin og Emilie klare for cupfinale: \u2013 Heilt spesielt<\/a>&nbsp;&nbsp;Firda<\/li>\n<li><a href=\"https:\/\/news.google.com\/rss\/articles\/CBMiggFBVV95cUxNZi1zZ1lweHhWX00xQWFENk9IWVZVNTBKR1pQalFfYnFGNlhTYWUxaTdHd0VTT2JTTl9KRHIxMG93aVlrMm1zcUd2bVVZYU1wLVR3NjZsemJHY21tZWRvS3B6X2NMQk96S3ByclBlTGdBTGxoQ1JmWHhHb1RkRDBidXJB?oc=5\" target=\"_blank\" rel=\"nofollow noopener\">\u00c5mli-s\u00f8sken kan vinne volleyballgull<\/a>&nbsp;&nbsp;NRK<\/li>\n<li><a href=\"https:\/\/news.google.com\/rss\/articles\/CBMiiwFBVV95cUxQckNaUWJVTDRiRy0wV3daZTdIQVhrcEVRTzNwM0hkeDMzTWM2LXE2bGc2UVMzTWN3WGhPSlc1RUJ0Z0MtRTdrejNkbnpRZ3NZdEt1NGdEMjFDN0hkVktvYkxMWlB0RXl6bG14RW9UMzVrYUpFam5zd3ZOV0FENERuQUxUeU5jUHA3eHhN?oc=5\" target=\"_blank\" rel=\"nofollow noopener\">Sport, F\u00f8rde | 19 \u00e5r lang tradisjon: Dei er med for f\u00f8rste gong<\/a>&nbsp;&nbsp;Firda<\/li>\n<li><a href=\"https:\/\/news.google.com\/rss\/articles\/CBMitAFBVV95cUxQLUFaaFV2bThuTWVCdHZNSlI3VkQyc3F4SkF5d0ktakZ1eWMxYXlwaUlMTHBhRXF0eDFQWlBIUWFHQmJmTVhQQ3hXTW1KR0FZYWFSMkhWeGtGZlFiMzRmSGMzelo2c05GQXRkVkpiczN5bU5VMnpBa0gzNGpiNmZsb3pzZ1RoOWdybHpqdElkNUd1ZGl5Z1RtdUxtQzgtajRVY2YtOHVqWWdOZkxnQzNTNVI4ZEQ?oc=5\" target=\"_blank\" rel=\"nofollow noopener\">\u00d8ksnes, Nyheter | Peter og familien bruker flere titalls tusen p\u00e5 Oslo-turen: \u2013 Blir et minne for livet<\/a>&nbsp;&nbsp;Bladet Vester\u00e5len<\/li>\n<li><a href=\"https:\/\/news.google.com\/rss\/articles\/CBMikwFBVV95cUxQcWdQeFRkRUw5X3VEQS02RnVPU083aElIa0NBcGg1LVBVeFEzci1raVplbDNlWFdnOE9YUXhDMVl4N01aNEVOUU9UZ0xUcG9ONE5FN2FmWlhqS3dKa0hhWnJtS3Y2c2dhRkdPUVVYYndSVEtzSUVKQmxiTTR1WGpnZXoxcFRHc0ljVnJEbV9laXY2WjA?oc=5\" target=\"_blank\" rel=\"nofollow noopener\">\u00c5mli, Volleyball | S\u00f8sken kan sikre dobbelt NM-gull i helgen<\/a>&nbsp;&nbsp;Tvedestrandsposten<\/li>\n<\/ol>\n","protected":false},"excerpt":{"rendered":"F\u00f8rde, Volleyball | S\u00f8skena Martin og Emilie klare for cupfinale: \u2013 Heilt spesielt&nbsp;&nbsp;Firda \u00c5mli-s\u00f8sken kan vinne volleyballgull&nbsp;&nbsp;NRK Sport,&hellip;\n","protected":false},"author":2,"featured_media":139835,"comment_status":"","ping_status":"","sticky":false,"template":"","format":"standard","meta":{"footnotes":""},"categories":[59],"tags":[30,28,29,83,82],"class_list":{"0":"post-139834","1":"post","2":"type-post","3":"status-publish","4":"format-standard","5":"has-post-thumbnail","7":"category-sport","8":"tag-no","9":"tag-norge","10":"tag-norway","11":"tag-sport","12":"tag-sports"},"share_on_mastodon":{"url":"https:\/\/pubeurope.com\/@no\/115909707833447152","error":""},"_links":{"self":[{"href":"https:\/\/www.europesays.com\/no\/wp-json\/wp\/v2\/posts\/139834","targetHints":{"allow":["GET"]}}],"collection":[{"href":"https:\/\/www.europesays.com\/no\/wp-json\/wp\/v2\/posts"}],"about":[{"href":"https:\/\/www.europesays.com\/no\/wp-json\/wp\/v2\/types\/post"}],"author":[{"embeddable":true,"href":"https:\/\/www.europesays.com\/no\/wp-json\/wp\/v2\/users\/2"}],"replies":[{"embeddable":true,"href":"https:\/\/www.europesays.com\/no\/wp-json\/wp\/v2\/comments?post=139834"}],"version-history":[{"count":0,"href":"https:\/\/www.europesays.com\/no\/wp-json\/wp\/v2\/posts\/139834\/revisions"}],"wp:featuredmedia":[{"embeddable":true,"href":"https:\/\/www.europesays.com\/no\/wp-json\/wp\/v2\/media\/139835"}],"wp:attachment":[{"href":"https:\/\/www.europesays.com\/no\/wp-json\/wp\/v2\/media?parent=139834"}],"wp:term":[{"taxonomy":"category","embeddable":true,"href":"https:\/\/www.europesays.com\/no\/wp-json\/wp\/v2\/categories?post=139834"},{"taxonomy":"post_tag","embeddable":true,"href":"https:\/\/www.europesays.com\/no\/wp-json\/wp\/v2\/tags?post=139834"}],"curies":[{"name":"wp","href":"https:\/\/api.w.org\/{rel}","templated":true}]}}