{"id":139836,"date":"2026-01-17T09:25:10","date_gmt":"2026-01-17T09:25:10","guid":{"rendered":"https:\/\/www.europesays.com\/no\/139836\/"},"modified":"2026-01-17T09:25:10","modified_gmt":"2026-01-17T09:25:10","slug":"vidar-orn-kjartansson-apner-opp-om-alkohol-og-spilleavhengighet","status":"publish","type":"post","link":"https:\/\/www.europesays.com\/no\/139836\/","title":{"rendered":"Vidar \u00d6rn Kjartansson \u00e5pner opp om alkohol- og spilleavhengighet"},"content":{"rendered":"\n<p class=\"_lead_o9xde_2 _lead_xtcu6_50 layout-component text-serif-m layout-normal text-serif-l layout-component layout-wide layout-padded _wide_17hqh_1 layout-padded\">Den tidligere V\u00e5lerenga-spissen Vidar \u00d6rn Kjartansson avsl\u00f8rer at han hadde problemer med alkohol- og spillavhengighet de siste \u00e5rene som utenlandsproff. <\/p>\n<p><img alt=\"Vidar \u00d6rn Kjartansson var en notorisk m\u00e5lscorer for V\u00e5lerenga i 2014. I et intervju med Fotbolti.net \u00e5pner han opp om alkohol- og spillavhengighet mot slutten av sitt utenlandsopphold som fotballproff.  Foto: Stian Lysberg Solum \/ NTB\" class=\"_image_qp4xg_65 layout-component layout-wide\" data-fullscreen- data-track-element-type=\"Article image fullscreen\" data-track-name=\"ImageFullscreen\" fetchpriority=\"high\" decoding=\"sync\" loading=\"eager\" height=\"2333\" itemprop=\"image\"  src=\"https:\/\/www.europesays.com\/no\/wp-content\/uploads\/2026\/01\/699e66bb-7c27-4466-a8a1-137eef699e1c.jpeg\"  style=\"object-position:0% 0%\" width=\"3499\"\/>Vidar \u00d6rn Kjartansson var en notorisk m\u00e5lscorer for V\u00e5lerenga i 2014. I et intervju med Fotbolti.net \u00e5pner han opp om alkohol- og spillavhengighet mot slutten av sitt utenlandsopphold som fotballproff.  Foto: Stian Lysberg Solum \/ NTB<\/p>\n<ul aria-hidden=\"true\" class=\"_images_ntbth_112\">\n<li><a class=\"_link_ntbth_117\" href=\"https:\/\/www.vg.no\/forfatter\/ntb\" style=\"z-index:1\" title=\"NTB\" rel=\"nofollow noopener\" target=\"_blank\"><img alt=\"Bilde av NTB\" class=\"_image_ntbth_93\" fetchpriority=\"low\" loading=\"lazy\" decoding=\"async\" itemprop=\"image\"  src=\"https:\/\/www.europesays.com\/no\/wp-content\/uploads\/2026\/01\/1768641910_936_c33980b0-5d07-4027-84a1-813f90a7c8d6.png\"  width=\"480\"\/><\/a><\/li>\n<\/ul>\n<p> Oppdatert l\u00f8rdag 17. januar kl. 08:26     <\/p>\n<p class=\"_paragraph_o9xde_4 _paragraph_xtcu6_10 layout-component text-serif-m layout-normal text-serif-m layout-padded\">I et intervju med islandske <a href=\"https:\/\/www.fotbolti.net\/news\/15-01-2026\/vidar-opnar-sig-leitadi-ser-hjalpar-vegna-afengis-og-spilafiknar\" class=\"_link_o9xde_39\" rel=\"nofollow noopener\" target=\"_blank\">Fotbolti.net<\/a> forteller 35-\u00e5ringen \u00e5pent om alkohol- og spilleavhengighet de siste \u00e5rene i utlandet \u2013 f\u00f8r han i 2024 flyttet hjem til Island og KA Akureyri.<\/p>\n<p class=\"_paragraph_o9xde_4 _paragraph_xtcu6_10 layout-component text-serif-m layout-normal text-serif-m layout-padded\">Islendingen var kjent som en notorisk m\u00e5lscorer og gjorde suksess i V\u00e5lerenga i 2014 da han ble toppscorer i <a href=\"https:\/\/www.vg.no\/tag\/eliteserien?utm_source=vg-article&amp;utm_medium=auto-tagger&amp;utm_campaign=rrgypA\" class=\"_link_o9xde_39\" rel=\"nofollow noopener\" target=\"_blank\">Eliteserien<\/a> med 25 m\u00e5l p\u00e5 29 kamper. Han spilte i flere forskjellige land i l\u00f8pet av karrieren.<\/p>\n<p class=\"_paragraph_o9xde_4 _paragraph_xtcu6_10 layout-component text-serif-m layout-normal text-serif-m layout-padded\">\u2013 Rundt covid flyttet familien min, kj\u00e6resten og s\u00f8nnen min, til Island. Jeg var i 30-\u00e5rene og ble plutselig alene. Livet f\u00f8ltes mindre spennende enn f\u00f8r, og det f\u00f8rte til at jeg begynte \u00e5 spille og drikke oftere enn tidligere. Jeg mistet litt kontrollen over min egen tilv\u00e6relse, ble f\u00f8lelsesl\u00f8s og gikk gjennom mentale utfordringer, sier Kjartansson.<\/p>\n<p class=\"_paragraph_o9xde_4 _paragraph_xtcu6_10 layout-component text-serif-m layout-normal text-serif-m layout-padded\">Verst var det mot slutten av utenlandsoppholdet, da han spilte i Hellas og Bulgaria.<\/p>\n<p class=\"_paragraph_o9xde_4 _paragraph_xtcu6_10 layout-component text-serif-m layout-normal text-serif-m layout-padded\">\u2013 Jeg drakk mye \u00f8l n\u00e5r laget gikk ut sammen etter seire og lignende. Jeg mistet kontrollen over det jeg gjorde og gjorde ting jeg ikke ville. I ettertid hadde det ikke v\u00e6rt feil \u00e5 reise hjem til Island allerede da.<\/p>\n<p class=\"_paragraph_o9xde_4 _paragraph_xtcu6_10 layout-component text-serif-m layout-normal text-serif-m layout-padded\">Hjem vendte han sommeren 2024 \u2013 og da fant han seg selv, b\u00e5de p\u00e5 og utenfor fotballbanen. Siden i fjor har han g\u00e5tt i terapi og f\u00e5tt profesjonell hjelp for avhengigheten.<\/p>\n<p class=\"_paragraph_o9xde_4 _paragraph_xtcu6_10 layout-component text-serif-m layout-normal text-serif-m layout-padded\">\u2013 Jeg skulle \u00f8nske at jeg hadde gjort det tidligere, men jeg er bare 35 \u00e5r og har mye liv igjen. Bedre sent enn aldri. Jeg anbefaler virkelig \u00e5 s\u00f8ke hjelp, sier Kjartansson som fortsatt ikke har lagt fotballskoene p\u00e5 hylla.<\/p>\n","protected":false},"excerpt":{"rendered":"Den tidligere V\u00e5lerenga-spissen Vidar \u00d6rn Kjartansson avsl\u00f8rer at han hadde problemer med alkohol- og spillavhengighet de siste \u00e5rene&hellip;\n","protected":false},"author":2,"featured_media":139837,"comment_status":"","ping_status":"","sticky":false,"template":"","format":"standard","meta":{"footnotes":""},"categories":[12],"tags":[20,21,134,24,25,92,15,22,23,13,30,28,29,14,16,26,27,2215,42,43,44,45],"class_list":{"0":"post-139836","1":"post","2":"type-post","3":"status-publish","4":"format-standard","5":"has-post-thumbnail","7":"category-verden","8":"tag-breaking-news","9":"tag-breakingnews","10":"tag-eliteserien","11":"tag-featured-news","12":"tag-featurednews","13":"tag-fotball","14":"tag-headlines","15":"tag-latest-news","16":"tag-latestnews","17":"tag-news","18":"tag-no","19":"tag-norge","20":"tag-norway","21":"tag-nyheter","22":"tag-overskrifter","23":"tag-top-stories","24":"tag-topstories","25":"tag-valerenga-fotball","26":"tag-verden","27":"tag-world","28":"tag-world-news","29":"tag-worldnews"},"share_on_mastodon":{"url":"https:\/\/pubeurope.com\/@no\/115909723780821116","error":""},"_links":{"self":[{"href":"https:\/\/www.europesays.com\/no\/wp-json\/wp\/v2\/posts\/139836","targetHints":{"allow":["GET"]}}],"collection":[{"href":"https:\/\/www.europesays.com\/no\/wp-json\/wp\/v2\/posts"}],"about":[{"href":"https:\/\/www.europesays.com\/no\/wp-json\/wp\/v2\/types\/post"}],"author":[{"embeddable":true,"href":"https:\/\/www.europesays.com\/no\/wp-json\/wp\/v2\/users\/2"}],"replies":[{"embeddable":true,"href":"https:\/\/www.europesays.com\/no\/wp-json\/wp\/v2\/comments?post=139836"}],"version-history":[{"count":0,"href":"https:\/\/www.europesays.com\/no\/wp-json\/wp\/v2\/posts\/139836\/revisions"}],"wp:featuredmedia":[{"embeddable":true,"href":"https:\/\/www.europesays.com\/no\/wp-json\/wp\/v2\/media\/139837"}],"wp:attachment":[{"href":"https:\/\/www.europesays.com\/no\/wp-json\/wp\/v2\/media?parent=139836"}],"wp:term":[{"taxonomy":"category","embeddable":true,"href":"https:\/\/www.europesays.com\/no\/wp-json\/wp\/v2\/categories?post=139836"},{"taxonomy":"post_tag","embeddable":true,"href":"https:\/\/www.europesays.com\/no\/wp-json\/wp\/v2\/tags?post=139836"}],"curies":[{"name":"wp","href":"https:\/\/api.w.org\/{rel}","templated":true}]}}