{"id":139838,"date":"2026-01-17T09:26:10","date_gmt":"2026-01-17T09:26:10","guid":{"rendered":"https:\/\/www.europesays.com\/no\/139838\/"},"modified":"2026-01-17T09:26:10","modified_gmt":"2026-01-17T09:26:10","slug":"oslo-s-tog-oslo-s-er-stengt-for-jernbanetrafikk-slik-kommer-du-deg-rundt-i-byen","status":"publish","type":"post","link":"https:\/\/www.europesays.com\/no\/139838\/","title":{"rendered":"Oslo S, Tog | Oslo S er stengt for jernbanetrafikk \u2013 slik kommer du deg rundt i byen"},"content":{"rendered":"\n<p>Tidligere denne uken meldte Bane Nor om at Oslos travleste knutepunkt holder stengt denne helgen.<\/p>\n<p><b>Fra l\u00f8rdag klokken 04.00 til s\u00f8ndag klokken 05.00 vil samtlige togavganger fra Oslo Sentralstasjon bli innstilt. <\/b><\/p>\n<p>\u00c5rsaken er omfattende arbeid med str\u00f8mforsyningen til signalanleggene, et n\u00f8dvendig vedlikehold som ber\u00f8rer hele stasjonen.<\/p>\n<p>\u2013 Arbeidet som skal utf\u00f8res, ber\u00f8rer hele Oslo S, og det er \u00e5rsaken til at vi m\u00e5 stenge stasjonen helt for togtrafikk, forklarer regiondirekt\u00f8r Lars Berge i Bane Nor i en pressemelding.<\/p>\n<p>   <img decoding=\"async\" width=\"2048\" height=\"1536\" fetchpriority=\"low\"  loading=\"lazy\"  src=\"https:\/\/www.europesays.com\/no\/wp-content\/uploads\/2026\/01\/d5340c8a-1353-456b-9e03-6357c8369156.jpeg\" alt=\"\" class=\"brick-c-cFOWSL\" style=\"--brick-image-ratio: 2048 \/ 1536;\"\/><\/p>\n<p>      Slik s\u00e5 det ut p\u00e5 Oslo S l\u00f8rdag formiddag. Det var nesten like mange vektere som bes\u00f8kende, satt litt p\u00e5 spissen.<br \/>\n      Foto: Marius Medby \/ Avisa Oslo\n    <\/p>\n<p>  Folketomt<\/p>\n<p>Da AO bes\u00f8kte Oslo S l\u00f8rdag morgen var det uvanlig folketomt p\u00e5 sentralstasjonen. Ikke helt det man forventer p\u00e5 Oslo S p\u00e5 en l\u00f8rdag.<\/p>\n<p>De aller fleste inne p\u00e5 stasjonen gikk bare gjennom, mens et f\u00e5tall fikk beskjed om at trafikken var stengt.<\/p>\n<p>Avisa Oslo pratet med en av dem som bare gikk gjennom.<\/p>\n<p><b>\u2013 Jeg ble overrasket over hvor folketomt det var. Det er jo ingen garanti for at folk har f\u00e5tt med seg at Oslo S er stengt i dag, men det virker som om de fleste fikk det med seg, sier mannen som \u00f8nsker \u00e5 v\u00e6re anonym. <\/b><\/p>\n<p>   <img decoding=\"async\" width=\"2048\" height=\"1536\" fetchpriority=\"low\"  loading=\"lazy\"  src=\"https:\/\/www.europesays.com\/no\/wp-content\/uploads\/2026\/01\/fa37b184-e869-4fb5-af7a-7e61b2845469.jpeg\" alt=\"\" class=\"brick-c-cFOWSL\" style=\"--brick-image-ratio: 2048 \/ 1536;\"\/><\/p>\n<p>      Alt i alt en rolig dag p\u00e5 stasjonen.<br \/>\n      Foto: Marius Medby \/ Avisa Oslo\n    <\/p>\n<p>D\u00f8rene til perrongene p\u00e5 Oslo S var stengt. Mer tydelig f\u00e5r man det ikke p\u00e5 en togstasjon.<\/p>\n<p>Av de Avisa Oslo observerte, s\u00e5 var det mest turister som spurte de ansatte p\u00e5 jobb om hvorfor ting var stengt. Inne p\u00e5 butikkene og restaurantene var det litt folk, men ikke nevneverdig mye.<\/p>\n<p>   <img decoding=\"async\" width=\"5927\" height=\"3951\" fetchpriority=\"low\"  loading=\"lazy\"  src=\"https:\/\/www.europesays.com\/no\/wp-content\/uploads\/2026\/01\/NTB_lKPV7Be4q4A.jpg\" alt=\"Oslo 20240202. &#10;Sn\u00f8en laver ned over Oslo, her p\u00e5 Jernbanetorget og Oslo S, fredag morgen.&#10;Foto: H\u00e5kon Mosvold Larsen \/ NTB\" class=\"brick-c-cFOWSL\" style=\"--brick-image-ratio: 5927 \/ 3951;\"\/><\/p>\n<p>      Sn\u00f8en laver ned over Oslo, her p\u00e5 Jernbanetorget og Oslo S, fredag morgen.<br \/>\n      Foto: H\u00e5kon Mosvold Larsen \/ NTB\n    <\/p>\n<p>  St\u00f8rre prosjekt<\/p>\n<p>Tilbake til Lars Berge i Bane Nor. Han forklarer at den omfattende helgejobben er del av et st\u00f8rre prosjekt som p\u00e5 sikt skal redusere konsekvensene av kritiske feil som jordfeil.<\/p>\n<p>Arbeidet er lagt til helgen ettersom det normalt er mindre travelt p\u00e5 Oslo S enn ellers i uka, og for \u00e5 minimere ulempene for de reisende.<\/p>\n<p>    Vil du se neste video?<\/p>\n<p>    <a href=\"https:\/\/www.ao.no\/ventet-tre-timer-pa-maten-reagerer-pa-foodoras-kundeservice-veldig-stusslig\/v\/5-128-1232079\" class=\"recommend-poster\" data-adp-clicklabel=\"video-recommend\" data-adp-clickvalue=\"poster\" rel=\"nofollow noopener\" target=\"_blank\"><\/p>\n<p>Ventet tre timer p\u00e5 maten. Reagerer p\u00e5 Foodoras kundeservice: \u2013 Veldig stusslig0:42<\/p>\n<p>    <\/a><\/p>\n<p>Slik p\u00e5virkes kollektivtrafikken<\/p>\n<p><b>Togtrafikken fra og til Oslo S stanses helt.<\/b><\/p>\n<p>Her kan du f\u00f8lge togtrafikken direkte:<\/p>\n<p>Det viktigste \u00e5 merke seg er at alle togavganger fra Oslo S er innstilt fra l\u00f8rdag 17. januar klokken 04. til s\u00f8ndag 18. januar klokken 05. Du m\u00e5 derfor benytte alternative reisem\u00e5ter eller stasjoner for togreiser i denne perioden.<\/p>\n<p>\u2013 Mange tog bli snudd p\u00e5 ulike stasjoner i randsonen rundt Oslo S. En rekke togavganger vil bli helt eller delvis innstilt, sier Berge.<\/p>\n<p><b>Vy opplyser at det blir satt opp buss for tog p\u00e5 samtlige avganger:<\/b><\/p>\n<ul>\n<li>Oslo S\u2013Sk\u00f8yen<\/li>\n<li>Oslo S\u2013Bryn<\/li>\n<li>Oslo S\u2013Lillestr\u00f8m (via Romeriksporten)<\/li>\n<li>Oslo S\u2013Holmlia<\/li>\n<li>Oslo S\u2013Ski (via Follobanen)<\/li>\n<li>Oslo S\u2013Grefsen<\/li>\n<\/ul>\n<p>Mange lurer nok p\u00e5 om ogs\u00e5 andre kollektivtilbud p\u00e5virkes av stengingen.<\/p>\n<p><b>\u2013 T-bane, trikk og buss vil g\u00e5 som normalt i perioden sentralstasjonen er stengt, sier Ruters pressekontakt, \u00d8ystein Dahl Johansen, til Avisa Oslo.<\/b><\/p>\n<p>Ruter har imidlertid noen egne endringer i rutene selv s\u00f8ndag kveld, som kan p\u00e5virke enkelte linjer.<\/p>\n<p>  <a data-static=\"\" href=\"#skip-\" class=\"brick-c-fgNmNC\">Hopp over karusellen.<\/a><\/p>\n<p data-static=\"\" class=\"brick-c-fgNmNC\" id=\"carousel-title-\">Innholdskarusell med 40 artikler.<\/p>\n<ul data-static=\"\" aria-label=\"Navigasjon for innholdskarusell\" class=\"carousel-nav\">\n<li>\n<\/li>\n<li>\n<\/li>\n<\/ul>\n<p>Les ogs\u00e5:<\/p>\n<p>  <a href=\"https:\/\/www.ao.no\/5-128-1229377\" class=\"related-teaser has-image default-story-teaser article--c-eRUmMG article--c-eRUmMG-jKCPdD-design-default\" rel=\"nofollow noopener\" target=\"_blank\"><\/p>\n<p>    <img decoding=\"async\" loading=\"lazy\"  src=\"https:\/\/www.europesays.com\/no\/wp-content\/uploads\/2026\/01\/IMG_3703.JPG\" alt=\"\" class=\"brick-c-cFOWSL\" style=\"\"\/><\/p>\n<p>\n            Les ogs\u00e5<\/p>\n<p>              Skulle bare g\u00e5 over veien. S\u00e5 falt hunden Bamse (3) sammen: \u2013 Hjerteskj\u00e6rende skrik\n        <\/p>\n<p>  <\/a><\/p>\n<p>  <a href=\"https:\/\/www.ao.no\/5-128-1236414\" class=\"related-teaser has-image default-story-teaser article--c-eRUmMG article--c-eRUmMG-jKCPdD-design-default\" rel=\"nofollow noopener\" target=\"_blank\"><\/p>\n<p>    <img decoding=\"async\" loading=\"lazy\"  src=\"https:\/\/www.europesays.com\/no\/wp-content\/uploads\/2026\/01\/462579645_1145088393811168_8604546000398095636_n.jpg\" alt=\"\" class=\"brick-c-cFOWSL\" style=\"\"\/><\/p>\n<p>\n            Les ogs\u00e5<\/p>\n<p>              Gravearbeid p\u00e5 T\u00f8yen skaper unntakstilstand \u2013 her blir det buss for bane\n        <\/p>\n<p>  <\/a><\/p>\n<p>  <a href=\"https:\/\/www.ao.no\/5-128-1236883\" class=\"related-teaser has-image default-story-teaser article--c-eRUmMG article--c-eRUmMG-jKCPdD-design-default\" rel=\"nofollow noopener\" target=\"_blank\"><\/p>\n<p>    <img decoding=\"async\" loading=\"lazy\"  src=\"https:\/\/www.europesays.com\/no\/wp-content\/uploads\/2026\/01\/NTB_o9tBKlY_wL0.jpg\" alt=\"\" class=\"brick-c-cFOWSL\" style=\"\"\/><\/p>\n<p>\n            Les ogs\u00e5<\/p>\n<p>              Flere Wolt-bud utvist fra Norge\n        <\/p>\n<p>  <\/a><\/p>\n","protected":false},"excerpt":{"rendered":"Tidligere denne uken meldte Bane Nor om at Oslos travleste knutepunkt holder stengt denne helgen. Fra l\u00f8rdag klokken&hellip;\n","protected":false},"author":2,"featured_media":139839,"comment_status":"","ping_status":"","sticky":false,"template":"","format":"standard","meta":{"footnotes":""},"categories":[10],"tags":[36,20,21,24,25,15,5129,22,23,13,30,28,29,14,3240,16,285,1510,1923,26,27,284],"class_list":{"0":"post-139838","1":"post","2":"type-post","3":"status-publish","4":"format-standard","5":"has-post-thumbnail","7":"category-norge","8":"tag-art","9":"tag-breaking-news","10":"tag-breakingnews","11":"tag-featured-news","12":"tag-featurednews","13":"tag-headlines","14":"tag-jernbane","15":"tag-latest-news","16":"tag-latestnews","17":"tag-news","18":"tag-no","19":"tag-norge","20":"tag-norway","21":"tag-nyheter","22":"tag-oslo-s","23":"tag-overskrifter","24":"tag-sentrum","25":"tag-story","26":"tag-tog","27":"tag-top-stories","28":"tag-topstories","29":"tag-trafikk-og-kollektiv"},"share_on_mastodon":{"url":"https:\/\/pubeurope.com\/@no\/115909727576346065","error":""},"_links":{"self":[{"href":"https:\/\/www.europesays.com\/no\/wp-json\/wp\/v2\/posts\/139838","targetHints":{"allow":["GET"]}}],"collection":[{"href":"https:\/\/www.europesays.com\/no\/wp-json\/wp\/v2\/posts"}],"about":[{"href":"https:\/\/www.europesays.com\/no\/wp-json\/wp\/v2\/types\/post"}],"author":[{"embeddable":true,"href":"https:\/\/www.europesays.com\/no\/wp-json\/wp\/v2\/users\/2"}],"replies":[{"embeddable":true,"href":"https:\/\/www.europesays.com\/no\/wp-json\/wp\/v2\/comments?post=139838"}],"version-history":[{"count":0,"href":"https:\/\/www.europesays.com\/no\/wp-json\/wp\/v2\/posts\/139838\/revisions"}],"wp:featuredmedia":[{"embeddable":true,"href":"https:\/\/www.europesays.com\/no\/wp-json\/wp\/v2\/media\/139839"}],"wp:attachment":[{"href":"https:\/\/www.europesays.com\/no\/wp-json\/wp\/v2\/media?parent=139838"}],"wp:term":[{"taxonomy":"category","embeddable":true,"href":"https:\/\/www.europesays.com\/no\/wp-json\/wp\/v2\/categories?post=139838"},{"taxonomy":"post_tag","embeddable":true,"href":"https:\/\/www.europesays.com\/no\/wp-json\/wp\/v2\/tags?post=139838"}],"curies":[{"name":"wp","href":"https:\/\/api.w.org\/{rel}","templated":true}]}}