{"id":139843,"date":"2026-01-17T09:41:13","date_gmt":"2026-01-17T09:41:13","guid":{"rendered":"https:\/\/www.europesays.com\/no\/139843\/"},"modified":"2026-01-17T09:41:13","modified_gmt":"2026-01-17T09:41:13","slug":"miljoorganisasjonar-jublar-over-ny-havavtale-nrk-klima","status":"publish","type":"post","link":"https:\/\/www.europesays.com\/no\/139843\/","title":{"rendered":"Milj\u00f8organisasjonar jublar over ny havavtale \u2013 NRK \u2013 Klima"},"content":{"rendered":"<p>Saka oppsummert:<\/p>\n<ul>\n<li>Den globale havavtalen (BBNJ) trer i kraft etter 20 \u00e5r med forhandlingar og er juridisk bindande.<\/li>\n<li>Avtalen omfattar nesten to tredelar av verdshava, som ligg utanfor \u00f8konomiske soner.<\/li>\n<li>M\u00e5let er \u00e5 verne minst 30 prosent av hav- og landomr\u00e5de innan 2030.<\/li>\n<li>Avtalen skal sikre rettferdig fordeling av genetiske ressursar fr\u00e5 havet, ogs\u00e5 for fattige land.<\/li>\n<li>Milj\u00f8konsekvensar skal vurderast f\u00f8r aktivitetar som gruvedrift setjast i gang i internasjonale farvatn.<\/li>\n<\/ul>\n<p>Oppsummeringa er laga av ei KI-teneste fr\u00e5 OpenAI. Innhaldet er kvalitetssikra av NRK sine journalistar f\u00f8r publisering.<\/p>\n<p>\u2013 Vi har jobba med avtalen i 20 \u00e5r, og det er ein stor siger, seier fungerande nestleiar i Greenpeace Noreg, Haldis Tjeldflaat Helle, om avtalen som trer i kraft laurdag.<\/p>\n<p>Den globale havavtalen (BBNJ) er ein internasjonal avtale om den delen av havet som ingen \u2013 eller alle \u2013 eig.<\/p>\n<p>Alts\u00e5 dei delane av havet som ikkje er ein del av den \u00f8konomiske sona i verdas land. Det utgjer nesten to tredelar av verdshava.<\/p>\n<p>    Sp\u00f8rsm\u00e5l og svar om den globale havavtalen<\/p>\n<ul aria-labelledby=\"28c69d05-b454-4e5b-b747-0e530e63c32d\" role=\"list\">\n<li>Kva er den globale havavtalen?\n<p>Det er ein internasjonal avtale som er vedteken for \u00e5 beskytte og bevare biologisk mangfald i internasjonalt farvatn, det vil seie havomr\u00e5de som ikkje tilh\u00f8yrer eit land.<\/p>\n<\/li>\n<li>Kvifor er avtalen viktig?\n<p>Internasjonalt farvatn utgjer rundt to tredjedelar av verdas hav, men har hittil hatt minimal beskyttelse. Det har gjort omr\u00e5da utsette for mellom anna overfiske og forureining. Uregulert menneskeleg aktivitet i internasjonalt farvatn har skulda i at rundt 10 prosent av verdas marine artar risikerer \u00e5 bli utrydda, if\u00f8lgje FN. Difor er det viktig \u00e5 ta grep for \u00e5 ivareta desse omr\u00e5da betre.<\/p>\n<\/li>\n<li>Kva havomr\u00e5de gjeld det?\n<p>Havomr\u00e5da som blir omfatta av avtalen, ligg utanfor nasjonale grenser. Det vil seie at dei anten tilh\u00f8yrer alle eller ingen. Dei kan verke \u00f8yde, men under overflata vrimlar det av liv, fr\u00e5 mikroskopisk plankton til enorme bl\u00e5kvalar. Det finst ogs\u00e5 fleire viktige mineral og andre naturressursar der, som blir stadig viktigare for verda \u00e5 utnytte i framtida.<\/p>\n<\/li>\n<li>Kven er med p\u00e5 avtalen?\n<p>Avtalen er vedteken av over 80 land, deriblant Noreg, samt EU. Den trer i kraft 17. januar 2026 og er viktig for \u00e5 n\u00e5 FN-m\u00e5let om \u00e5 verne 30 prosent av verdas havomr\u00e5de innan 2030.<\/p>\n<\/li>\n<\/ul>\n<p>F\u00f8rste gong<\/p>\n<p>For f\u00f8rste gong har nesten halvparten av jordoverflata f\u00e5tt ein avtale som regulerer korleis land skal oppf\u00f8re seg der.<\/p>\n<p>\u2013 Alle som har sett p\u00e5 ein globus, ser jo at omr\u00e5da som ligg litt utanfor det som er n\u00e6rt land, er veldig store omr\u00e5de, seier klima- og milj\u00f8minister Andreas Bjelland Eriksen (Ap).<\/p>\n<p>\u2013 S\u00e5 at vi n\u00e5 f\u00e5r eit system for dette, det er utruleg gode og viktige nyheiter.<\/p>\n<p><img decoding=\"async\"   src=\"data:image\/gif;base64,R0lGODlhAQABAIAAAAAAAP\/\/\/yH5BAEAAAAALAAAAAABAAEAAAIBRAA7\" loading=\"eager\" alt=\"To hvalhaier sv\u00f8mmer i bl\u00e5tt vann. Den ene er i forgrunnen, den andre skimter man i bakgrunnen.\" title=\"Foto: Flora Tomlinson-Pilley \/ AP \/ NTB\"\/><\/p>\n<p class=\"\">Den st\u00f8rste fisken i verda, kvalhaien, finst i varme farvatn over heile kloden. If\u00f8lge Verdas naturvernunion (IUCN) er talet p\u00e5 kvalhaien sterkt redusert, men det er ogs\u00e5 h\u00e5p om at bestanden kan komme seg.<\/p>\n<p>Foto: Flora Tomlinson-Pilley \/ AP \/ NTB<\/p>\n<p>Avtalen er blant anna viktig for \u00e5 kunne opprette maritime vernesoner i internasjonale havomr\u00e5de.<\/p>\n<p>Den historiske naturavtalen som blei inng\u00e5tt i desember 2020, har eit sentralt punkt om \u00ab30 innan 30\u00bb. Alts\u00e5 at minst 30 prosent av hav- og landomr\u00e5de skal vere under bevaring, eller verna, innan 2030.<\/p>\n<p>Gir h\u00e5p<\/p>\n<p>Generalsekret\u00e6r i Verdsnaturfondet (WWF) Karoline Andaur seier at havavtalen er eit viktig verkt\u00f8y for \u00e5 n\u00e5 vernem\u00e5let.<\/p>\n<p>\u2013 Her har Noreg ein lang veg \u00e5 g\u00e5. S\u00e5 vi h\u00e5par at avtalen bidrar til at Noreg forpliktar seg konkret til \u00e5 verne 30 prosent av havet, seier Andaur.<\/p>\n<p><img decoding=\"async\"   src=\"data:image\/gif;base64,R0lGODlhAQABAIAAAAAAAP\/\/\/yH5BAEAAAAALAAAAAABAAEAAAIBRAA7\" loading=\"eager\" alt=\"Spekkhogger i aksjon\" title=\"Foto: OLIVIER MORIN \/ AFP \/ NTB\"\/><\/p>\n<p class=\"\">Spekkhoggarar kan sv\u00f8mme heilt fr\u00e5 varme vatn n\u00e6r ekvator til iskalde hav n\u00e6r polomr\u00e5da. Sj\u00f8lv om spekkhoggaren ikkje har nokon naturlege fiendar, er forureining av verdshava ein stor trussel mot arten.<\/p>\n<p>Foto: OLIVIER MORIN \/ AFP \/ NTB<\/p>\n<p>Avtalen skal ogs\u00e5 sikre rettferdig fordeling av dei genetiske ressursane av liv i havet. Dette kan f\u00e5 stor verdi i for eksempel legemiddelindustri. Avtalen skal sikre at fattige land f\u00e5r sin del.<\/p>\n<p>Samtidig set avtalen krav om at konsekvensane for milj\u00f8et blir vurderte f\u00f8r ein set i gang aktivitetar i internasjonalt farvatn. Her kan gruvedrift p\u00e5 havbotnen vere aktuelt.<\/p>\n<p><img decoding=\"async\"   src=\"data:image\/gif;base64,R0lGODlhAQABAIAAAAAAAP\/\/\/yH5BAEAAAAALAAAAAABAAEAAAIBRAA7\" loading=\"eager\" alt=\"Kvinne i regnjakke\" title=\"Foto: Greenpeace\"\/><\/p>\n<p class=\"\">Nestleiar i Greenpeace Noreg, Haldis Tjeldflaat, seier at havavtalen gir henne h\u00e5p om framtida.<\/p>\n<p>Foto: Greenpeace<\/p>\n<p>\u2013 Verda verkar som om ho stadig blir m\u00f8rkare og m\u00f8rkare. Det er flest d\u00e5rlege nyheiter. S\u00e5 den globale havavtalen, han gir meg skikkeleg, skikkeleg h\u00e5p. Og det h\u00e5par eg det gjer for alle andre som bryr seg om planeten v\u00e5r, seier fungerande nestleiar i Greenpeace Noreg, Haldis Tjeldflaat Helle.<\/p>\n<p>\u2013 Ein milep\u00e6l<\/p>\n<p>Landa blei einige om avtalen 19. juni 2023. Det skjedde etter over 20 \u00e5r med forhandlingar.<\/p>\n<p>Etter at over 60 land har ratifisert han, trer avtalen n\u00e5 i kraft.<\/p>\n<p><img decoding=\"async\"   src=\"data:image\/gif;base64,R0lGODlhAQABAIAAAAAAAP\/\/\/yH5BAEAAAAALAAAAAABAAEAAAIBRAA7\" loading=\"eager\" alt=\"Foresl\u00e5tt verneomr\u00e5de i Weddelhavet, Antarktis\" title=\"Foto: NRK\"\/><\/p>\n<p class=\"\">Det foresl\u00e5tte verneomr\u00e5det i Weddellhavet.<\/p>\n<p>Foto: NRK<\/p>\n<p>\u2013 Det er ein historisk milep\u00e6l at ein har blitt einig om korleis ein skal f\u00e5 til god global havforvalting. Ikkje minst at dette skal bli juridisk bindande for \u00e5 bevare havomr\u00e5da v\u00e5re, som ikkje tilh\u00f8yrer ein nasjonalstat, seier Karoline Andaur i WWF.<\/p>\n<p>Weddellhavet<\/p>\n<p>Eit omr\u00e5de som kan nyte godt av den nye avtalen er Weddellhavet, utanfor Antarktis.<\/p>\n<p>Tyskland har foresl\u00e5tt \u00e5 verne omr\u00e5det slik at selar, kvalar, pingvinar og eit yrande liv av andre levande skapningar og organismar f\u00e5r leve i fred. Alt fiske skal bli forbodet.<\/p>\n<p>Dersom omr\u00e5det blir verna, vil det bli det st\u00f8rste verneomr\u00e5det i verda til havs \u2013 1,8 millionar kvadratkilometer stort, fem gonger s\u00e5 stort som Tyskland.<\/p>\n<p><img decoding=\"async\"   src=\"data:image\/gif;base64,R0lGODlhAQABAIAAAAAAAP\/\/\/yH5BAEAAAAALAAAAAABAAEAAAIBRAA7\" loading=\"eager\" alt=\"Bildet viser isfjell og isflak som driver p\u00e5 vannoverflaten, omgitt av sn\u00f8dekte fjell i bakgrunnen. (Bildebeskrivelsen er laget av en KI-tjeneste)\" title=\"Foto: Mark Baker \/ AP \/ NTB\"\/><\/p>\n<p class=\"\">Den nye havavtalen er truleg gode nyheiter for livet i havet rundt Antarktis. Havomr\u00e5da der er ikkje eigde av nokon, og har derfor vore s\u00e6rleg utsette for \u00f8ydeleggingar, da det ikkje har vore nokon klare reglar for korleis omr\u00e5det skal bli bevart.<\/p>\n<p>Foto: Mark Baker \/ AP \/ NTB<\/p>\n<p>I ei \u00e5rrekke har Tyskland og ei rekke andre land kjempa for \u00e5 verne omr\u00e5det, men utan hell.<\/p>\n<p>Seinast f\u00f8r jul blei eit forslag om vern nedstemt p\u00e5 \u00e5rsm\u00f8tet i Commission for the Conservation of Antarctic Marine Living Resources (CCAMLR).<\/p>\n<p>N\u00e5 kan Weddellhavet bli blant dei som nyt godt av avtalen.<\/p>\n<p>\u2013 Avtalen mogleggjer noko som tidlegare havforvaltningar manglar, \u00e5 bli einige om marine verneomr\u00e5de. P\u00e5 tvers av havomr\u00e5de som ein delar. Det er jo ikkje s\u00e5nn som p\u00e5 land at ein set opp grenser her og der, seier Andaur.<\/p>\n<p>Interessert i meir fr\u00e5 utanriks? H\u00f8yr redaksjonen sin siste podkast:<\/p>\n<p>Publisert<\/p>\n<p>16.01.2026, kl. 21.08<\/p>\n<p>Oppdatert<\/p>\n<p>16.01.2026, kl. 21.09<\/p>\n","protected":false},"excerpt":{"rendered":"Saka oppsummert: Den globale havavtalen (BBNJ) trer i kraft etter 20 \u00e5r med forhandlingar og er juridisk bindande.&hellip;\n","protected":false},"author":2,"featured_media":139844,"comment_status":"","ping_status":"","sticky":false,"template":"","format":"standard","meta":{"footnotes":""},"categories":[12],"tags":[20,21,24,25,15,22,23,13,30,28,29,14,16,26,27,42,43,44,45],"class_list":{"0":"post-139843","1":"post","2":"type-post","3":"status-publish","4":"format-standard","5":"has-post-thumbnail","7":"category-verden","8":"tag-breaking-news","9":"tag-breakingnews","10":"tag-featured-news","11":"tag-featurednews","12":"tag-headlines","13":"tag-latest-news","14":"tag-latestnews","15":"tag-news","16":"tag-no","17":"tag-norge","18":"tag-norway","19":"tag-nyheter","20":"tag-overskrifter","21":"tag-top-stories","22":"tag-topstories","23":"tag-verden","24":"tag-world","25":"tag-world-news","26":"tag-worldnews"},"share_on_mastodon":{"url":"https:\/\/pubeurope.com\/@no\/115909786721897907","error":""},"_links":{"self":[{"href":"https:\/\/www.europesays.com\/no\/wp-json\/wp\/v2\/posts\/139843","targetHints":{"allow":["GET"]}}],"collection":[{"href":"https:\/\/www.europesays.com\/no\/wp-json\/wp\/v2\/posts"}],"about":[{"href":"https:\/\/www.europesays.com\/no\/wp-json\/wp\/v2\/types\/post"}],"author":[{"embeddable":true,"href":"https:\/\/www.europesays.com\/no\/wp-json\/wp\/v2\/users\/2"}],"replies":[{"embeddable":true,"href":"https:\/\/www.europesays.com\/no\/wp-json\/wp\/v2\/comments?post=139843"}],"version-history":[{"count":0,"href":"https:\/\/www.europesays.com\/no\/wp-json\/wp\/v2\/posts\/139843\/revisions"}],"wp:featuredmedia":[{"embeddable":true,"href":"https:\/\/www.europesays.com\/no\/wp-json\/wp\/v2\/media\/139844"}],"wp:attachment":[{"href":"https:\/\/www.europesays.com\/no\/wp-json\/wp\/v2\/media?parent=139843"}],"wp:term":[{"taxonomy":"category","embeddable":true,"href":"https:\/\/www.europesays.com\/no\/wp-json\/wp\/v2\/categories?post=139843"},{"taxonomy":"post_tag","embeddable":true,"href":"https:\/\/www.europesays.com\/no\/wp-json\/wp\/v2\/tags?post=139843"}],"curies":[{"name":"wp","href":"https:\/\/api.w.org\/{rel}","templated":true}]}}