{"id":139849,"date":"2026-01-17T09:48:13","date_gmt":"2026-01-17T09:48:13","guid":{"rendered":"https:\/\/www.europesays.com\/no\/139849\/"},"modified":"2026-01-17T09:48:13","modified_gmt":"2026-01-17T09:48:13","slug":"macron-advarer-fransk-forsvarsindustri-kan-kjope-europeisk","status":"publish","type":"post","link":"https:\/\/www.europesays.com\/no\/139849\/","title":{"rendered":"Macron advarer fransk forsvarsindustri: Kan kj\u00f8pe europeisk"},"content":{"rendered":"<p>Under\u00a0<a href=\"https:\/\/www.elysee.fr\/emmanuel-macron\/2026\/01\/15\/voeux-aux-forces-armees-sur-la-base-aerienne-125-distres\" target=\"_blank\" rel=\"noopener nofollow\">en tale<\/a> til det franske forsvaret ved\u00a0Istres-flybasen i S\u00f8r-Frankrike torsdag sa president Emmanuel Macron at selv om den franske forsvarsindustrien har doblet og i noen tilfeller tredoblet produksjonskapasiteten siden krigen i Ukraina startet i 2022, er ikke det nok.\u00a0<\/p>\n<p>\u2013 For \u00e5 forbli fri, m\u00e5 man v\u00e6re fryktet. For \u00e5 v\u00e6re fryktet, m\u00e5 man v\u00e6re mektig. Og for \u00e5 v\u00e6re mektig i denne brutale verdenen, m\u00e5 man handle raskere og hardere, sa Macron i talen.<\/p>\n<p>\u2013 Jeg vil ved starten av 2026, be dere om enda mer. Vi trenger \u00e5 produsere raskere, produsere i volum og skalere opp enda mer med lettere systemer og p\u00e5 en innovativ m\u00e5te. Man venter ikke p\u00e5 oss. Og jeg sier dere, n\u00e5r vi har leveringstider p\u00e5 fem til sju \u00e5r for nye kapasiteter, er det klart og tydelig: Da er vi i ferd med \u00e5 bli presset ut av markedet.<\/p>\n<p><img decoding=\"async\" width=\"860\" class=\" md:max-w-body-wide cursor-pointer\" src=\"https:\/\/www.europesays.com\/no\/wp-content\/uploads\/2026\/01\/Istres-overflygning.jpg\"  alt=\"Macron (t.h.) ser opp mens milit\u00e6rfly flyr over Istres-flybasen torsdag denne uken. Foto: Philippe Magoni\/AP\/NTB\" loading=\"lazy\"\/>Macron (t.h.) ser opp mens milit\u00e6rfly flyr over Istres-flybasen torsdag denne uken. Foto: Philippe Magoni\/AP\/NTB Ingen garantier<\/p>\n<p>En sv\u00e6rt stor andel \u2013 80 prosent i 2023 <a href=\"https:\/\/www.defensenews.com\/global\/europe\/2026\/01\/15\/macron-puts-local-defense-firms-on-notice-france-may-buy-european\/\" target=\"_blank\" rel=\"noopener nofollow\">if\u00f8lge Defense News<\/a> \u2013 av de franske forsvarsanskaffelsene har blitt kj\u00f8pt fra den franske forsvarsindustrien. Macron advarte i talen de franske forsvarsselskapene om at det kan endre seg.\u00a0<\/p>\n<p>\u2013 Det finnes ingen garanterte markeder, ingen private jaktmarker. Det er en voldsom konkurranse som p\u00e5legger oss \u00e5 v\u00e6re mye mer offensive. Og derfor, for de franske styrkene, trenger jeg en forsvarsindustri som tilpasser seg mer, som ikke lenger anser de franske styrkene som en fanget kundegruppe, for vi vil kanskje se etter europeiske l\u00f8sninger hvis de er raskere eller mer effektive.<\/p>\n<p data-path-to-node=\"39\">\u2013 Jeg vil alltid v\u00e6re ved v\u00e5re styrkers side, men vi m\u00e5 ogs\u00e5 v\u00e6re mer europeiske. Og derfor m\u00e5 vi v\u00e6re mer europeiske i v\u00e5re egne innkj\u00f8p, vi m\u00e5 v\u00e6re mer europeiske i v\u00e5re industrielle strategier ved \u00e5 bygge disse partnerskapene.<\/p>\n<p><a class=\"group clear-both w-full !no-underline my-8 sm:my-12 bg-stone-50 dark:bg-brandStone-700 dark:text-brandNeutral-100 flex items-stretch flex-nowrap\" href=\"https:\/\/www.tu.no\/artikler\/riktig-bruk-av-svalbardtraktaten-kan-bli-norges-sjakktrekk\/566785\" rel=\"nofollow noopener\" target=\"_blank\"><img decoding=\"async\" class=\" object-cover h-full w-full transition-transform duration-700 ease-in-out group-hover:scale-[1.05] will-change-transform\" src=\"https:\/\/www.europesays.com\/no\/wp-content\/uploads\/2026\/01\/1768643293_787_original.jpg\"  alt=\"Svalbard representerer utvilsomt en milit\u00e6rt strategisk \u00f8ygruppe i Arktis. Men om Trumps Gr\u00f8nland-scenario blir virkelighet, betyr ikke det n\u00f8dvendigvis at Putin automatisk vil rette blikket mot Svalbard, skriver innleggsforfatterne.\" loading=\"lazy\"\/><\/p>\n<p>Debatt<\/p>\n<p class=\"group-hover:underline text-brandNeutral-900 dark:text-brandNeutral-100 mt-2 text-lg sm:text-2xl leading-6 sm:leading-7 font-serif font-light\">F\u00f8rst Gr\u00f8nland \u2013 s\u00e5 Svalbard?: Dette kan bli Norges sjakktrekk<\/p>\n<p><\/a><\/p>\n<p data-path-to-node=\"39\">\u00a0<\/p>\n","protected":false},"excerpt":{"rendered":"Under\u00a0en tale til det franske forsvaret ved\u00a0Istres-flybasen i S\u00f8r-Frankrike torsdag sa president Emmanuel Macron at selv om den&hellip;\n","protected":false},"author":2,"featured_media":139850,"comment_status":"","ping_status":"","sticky":false,"template":"","format":"standard","meta":{"footnotes":""},"categories":[12],"tags":[20,21,24,25,226,15888,1244,15,22,23,13,30,28,29,14,16,26,27,42,43,44,45],"class_list":{"0":"post-139849","1":"post","2":"type-post","3":"status-publish","4":"format-standard","5":"has-post-thumbnail","7":"category-verden","8":"tag-breaking-news","9":"tag-breakingnews","10":"tag-featured-news","11":"tag-featurednews","12":"tag-forsvar","13":"tag-forsvarsindustri","14":"tag-frankrike","15":"tag-headlines","16":"tag-latest-news","17":"tag-latestnews","18":"tag-news","19":"tag-no","20":"tag-norge","21":"tag-norway","22":"tag-nyheter","23":"tag-overskrifter","24":"tag-top-stories","25":"tag-topstories","26":"tag-verden","27":"tag-world","28":"tag-world-news","29":"tag-worldnews"},"share_on_mastodon":{"url":"https:\/\/pubeurope.com\/@no\/115909814102181507","error":""},"_links":{"self":[{"href":"https:\/\/www.europesays.com\/no\/wp-json\/wp\/v2\/posts\/139849","targetHints":{"allow":["GET"]}}],"collection":[{"href":"https:\/\/www.europesays.com\/no\/wp-json\/wp\/v2\/posts"}],"about":[{"href":"https:\/\/www.europesays.com\/no\/wp-json\/wp\/v2\/types\/post"}],"author":[{"embeddable":true,"href":"https:\/\/www.europesays.com\/no\/wp-json\/wp\/v2\/users\/2"}],"replies":[{"embeddable":true,"href":"https:\/\/www.europesays.com\/no\/wp-json\/wp\/v2\/comments?post=139849"}],"version-history":[{"count":0,"href":"https:\/\/www.europesays.com\/no\/wp-json\/wp\/v2\/posts\/139849\/revisions"}],"wp:featuredmedia":[{"embeddable":true,"href":"https:\/\/www.europesays.com\/no\/wp-json\/wp\/v2\/media\/139850"}],"wp:attachment":[{"href":"https:\/\/www.europesays.com\/no\/wp-json\/wp\/v2\/media?parent=139849"}],"wp:term":[{"taxonomy":"category","embeddable":true,"href":"https:\/\/www.europesays.com\/no\/wp-json\/wp\/v2\/categories?post=139849"},{"taxonomy":"post_tag","embeddable":true,"href":"https:\/\/www.europesays.com\/no\/wp-json\/wp\/v2\/tags?post=139849"}],"curies":[{"name":"wp","href":"https:\/\/api.w.org\/{rel}","templated":true}]}}