{"id":139855,"date":"2026-01-17T09:56:16","date_gmt":"2026-01-17T09:56:16","guid":{"rendered":"https:\/\/www.europesays.com\/no\/139855\/"},"modified":"2026-01-17T09:56:16","modified_gmt":"2026-01-17T09:56:16","slug":"elleve-amerikanske-politikere-besoker-danmark-kritiske-til-trumps-gronland-ambisjoner-2","status":"publish","type":"post","link":"https:\/\/www.europesays.com\/no\/139855\/","title":{"rendered":"Elleve amerikanske politikere bes\u00f8ker Danmark \u2013 kritiske til Trumps Gr\u00f8nland-ambisjoner"},"content":{"rendered":"<p>    Elleve kongressmedlemmer fra USA bes\u00f8kte Danmark fredag og m\u00f8tte danske og gr\u00f8nlandske politikere. Hva amerikanerne kan gj\u00f8re for \u00e5 stanse Trump, er uklart.<\/p>\n<p>\n        Det ble protestert mot USAs president Donald Trumps sterke \u00f8nske om \u00e5 ta makten p\u00e5 Gr\u00f8nland i K\u00f8benhavn onsdag.<br \/>\n        Thomas Traasdahl \/ Ritzau Scanpix via AP \/ NTB\n    <\/p>\n<p class=\"kicker t30 tertiary color_mobile_tertiary\" style=\"\">Verden<\/p>\n<p>Delegasjonen m\u00f8tte pressen etter m\u00f8tene og fikk da flere sp\u00f8rsm\u00e5l om hvorvidt de kan sette en stopper for president Donald Trumps ambisjoner om \u00e5 ta over Gr\u00f8nland.<\/p>\n<p>\u2013 Kongressen har en rolle, blant annet n\u00e5r det kommer til pengebruk og \u00e5 f\u00e5 fram meldingene som kommer fra v\u00e5re velgere. Det er viktig \u00e5 understreke at hvis du sp\u00f8r det amerikanske folk, sier de fleste at det ikke er en god id\u00e9 \u00e5 overta Gr\u00f8nland, svarte republikaneren Lisa Murkowski.<\/p>\n<p>Onsdag m\u00f8ttes Danmarks, Gr\u00f8nlands og USAs utenriksministre og USAs visepresident J.D. Vance, det f\u00f8rste toppniv\u00e5m\u00f8tet i konflikten.<\/p>\n<p>Mukowski sier at hun er glad for at det endelig var m\u00f8ter p\u00e5 toppniv\u00e5 mellom landene, og at dette burde ha skjedd tidligere. Det har v\u00e6rt uklart hva Trump og hans administrasjon egentlig vil med Gr\u00f8nland, noe som har skapt un\u00f8dvendig uro, mener hun.<\/p>\n<p>\u2013 N\u00e5r det ikke er klart, oppst\u00e5r det rykter og un\u00f8dvendige bekymringer, sa hun.<\/p>\n<p>Enige p\u00e5 tvers av partier<\/p>\n<p>I tillegg til Mukowski deltok republikaneren Thom Tillis samt Chris Coons, Dick Durbin, Peter Welch og Jeanne Shaheen fra Det demokratiske partiet.<\/p>\n<p>Fra Representantenes hus deltok demokratene Steny Hoyer, Gregory Meeks, Madeleine Dean, Sara Jacobs og Sarah McBride.<\/p>\n<p>De amerikanske delegatene understreket at Gr\u00f8nland og Danmark er allierte av USA, og at forholdet m\u00e5 styrkes og ivaretas. De la ogs\u00e5 vekt p\u00e5 at medlemmer fra b\u00e5de Demokratene og Republikanerne deltok.<\/p>\n<p>\u2013 N\u00e5r det kommer til forholdet v\u00e5rt til v\u00e5re allierte, s\u00e5 handler ikke det om republikanere mot demokrater, sa Murkowski.<\/p>\n<p>Kan ikke stanse Trump<\/p>\n<p>At den amerikanske delegasjonen tok turen, setter noe press p\u00e5 Trump, mener seniorforsker Jan Hallenberg ved svenske Utrikespolitiska institutet. Men de har ingen makt til \u00e5 stanse presidenten sin.<\/p>\n<p>\u2013 Det er en politisk ytring, men de kan ikke stanse Trump, sier Hallenberg.<\/p>\n<p>Trump kan flytte milit\u00e6re styrker dit han vil, p\u00e5peker han.<\/p>\n<p>\u2013 Men han har allerede f\u00e5tt kritikk for hvordan han handlet i Venezuela, og motstanden er enda st\u00f8rre mot planene for Gr\u00f8nland.<\/p>\n<p>Utfallet kommer an p\u00e5 hvor sterkt ledende republikanere er villige til \u00e5 markere sin misn\u00f8ye med Trump, mener han.<\/p>\n<p>\u2013 Det kommer til \u00e5 bli interessant \u00e5 f\u00f8lge med p\u00e5.<\/p>\n<p>En rekke m\u00f8ter<\/p>\n<p>Tillis og de andre m\u00f8tte Gr\u00f8nlands utenriks- og sikkerhetspolitiske utvalg, samt medlemmer av Folketinget fra alle partier. <\/p>\n<p>Demokratenes senator Dick Durbin slo f\u00f8r m\u00f8tet fast at Danmark er en sterk alliert.<\/p>\n<p>\u2013 Denne tverrpolitiske kongressdelegasjonen gjentar at USAs kongress st\u00e5r fast p\u00e5 v\u00e5rt partnerskap til tross for presidentens un\u00f8dvendige og farlige tiln\u00e6rminger mot Gr\u00f8nland, skriver han p\u00e5 X.<\/p>\n<p>\nI forbindelse med bes\u00f8ket ble det gr\u00f8nlandske flagget heist p\u00e5 Christiansborg, der Folketinget holder til, skriver <a href=\"https:\/\/nyheder.tv2.dk\/live\/2025-01-06-kampen-om-groenlands-fremtid\/folketinget-hejser-det-groenlandske-flag?entry=ca03bb7b-bc21-46c6-894e-733c1c87b2cf\" target=\"_blank\" rel=\"nofollow noopener\">dansk TV 2<\/a>.<\/p>\n<p>Amerikanerne skal ogs\u00e5 m\u00f8te Danmarks statsminister Mette Frederiksen, men tidspunktet for dette m\u00f8tet er ikke kjent. <\/p>\n","protected":false},"excerpt":{"rendered":"Elleve kongressmedlemmer fra USA bes\u00f8kte Danmark fredag og m\u00f8tte danske og gr\u00f8nlandske politikere. Hva amerikanerne kan gj\u00f8re for&hellip;\n","protected":false},"author":2,"featured_media":139856,"comment_status":"","ping_status":"","sticky":false,"template":"","format":"standard","meta":{"footnotes":""},"categories":[12],"tags":[20,21,24,25,15,22,23,13,30,28,29,14,16,26,27,42,43,44,45],"class_list":{"0":"post-139855","1":"post","2":"type-post","3":"status-publish","4":"format-standard","5":"has-post-thumbnail","7":"category-verden","8":"tag-breaking-news","9":"tag-breakingnews","10":"tag-featured-news","11":"tag-featurednews","12":"tag-headlines","13":"tag-latest-news","14":"tag-latestnews","15":"tag-news","16":"tag-no","17":"tag-norge","18":"tag-norway","19":"tag-nyheter","20":"tag-overskrifter","21":"tag-top-stories","22":"tag-topstories","23":"tag-verden","24":"tag-world","25":"tag-world-news","26":"tag-worldnews"},"share_on_mastodon":{"url":"https:\/\/pubeurope.com\/@no\/115909845645144243","error":""},"_links":{"self":[{"href":"https:\/\/www.europesays.com\/no\/wp-json\/wp\/v2\/posts\/139855","targetHints":{"allow":["GET"]}}],"collection":[{"href":"https:\/\/www.europesays.com\/no\/wp-json\/wp\/v2\/posts"}],"about":[{"href":"https:\/\/www.europesays.com\/no\/wp-json\/wp\/v2\/types\/post"}],"author":[{"embeddable":true,"href":"https:\/\/www.europesays.com\/no\/wp-json\/wp\/v2\/users\/2"}],"replies":[{"embeddable":true,"href":"https:\/\/www.europesays.com\/no\/wp-json\/wp\/v2\/comments?post=139855"}],"version-history":[{"count":0,"href":"https:\/\/www.europesays.com\/no\/wp-json\/wp\/v2\/posts\/139855\/revisions"}],"wp:featuredmedia":[{"embeddable":true,"href":"https:\/\/www.europesays.com\/no\/wp-json\/wp\/v2\/media\/139856"}],"wp:attachment":[{"href":"https:\/\/www.europesays.com\/no\/wp-json\/wp\/v2\/media?parent=139855"}],"wp:term":[{"taxonomy":"category","embeddable":true,"href":"https:\/\/www.europesays.com\/no\/wp-json\/wp\/v2\/categories?post=139855"},{"taxonomy":"post_tag","embeddable":true,"href":"https:\/\/www.europesays.com\/no\/wp-json\/wp\/v2\/tags?post=139855"}],"curies":[{"name":"wp","href":"https:\/\/api.w.org\/{rel}","templated":true}]}}