{"id":139870,"date":"2026-01-17T10:19:07","date_gmt":"2026-01-17T10:19:07","guid":{"rendered":"https:\/\/www.europesays.com\/no\/139870\/"},"modified":"2026-01-17T10:19:07","modified_gmt":"2026-01-17T10:19:07","slug":"regjeringa-er-ganske-sikker-pa-at-det-blir-faerre-kommunar-nrk-vestland","status":"publish","type":"post","link":"https:\/\/www.europesays.com\/no\/139870\/","title":{"rendered":"Regjeringa er \u00abganske sikker\u00bb p\u00e5 at det blir f\u00e6rre\u00a0kommunar \u2013 NRK Vestland"},"content":{"rendered":"<p>Saka oppsummert:<\/p>\n<p>\u2013 Regjeringa \u00f8nskjer \u00e5 redusere talet p\u00e5 kommunar, men vil unng\u00e5 tvang og heller bruke insentiv.<br \/>\u2013 Kommunekommisjonen peikar p\u00e5 at st\u00f8rre kommunar kan ha betre f\u00f8resetnader for effektivitet, men understrekar at stort ikkje alltid er betre. <br \/>\u2013 F\u00f8rebels forsking viser b\u00e5de fordelar og ulemper ved stordrift.<br \/>\u2013 Sp-leiar Trygve Slagsvold Vedum meiner sm\u00e5 kommunar gir betre tenester og mindre byr\u00e5krati.<br \/>\u2013 Ein oppdatert rapport om effektane av kommunesamansl\u00e5ingar er venta i februar.<\/p>\n<p>Oppsummeringa er laga av ei KI-teneste fr\u00e5 OpenAI. Innhaldet er kvalitetssikra av NRK sine journalistar f\u00f8r publisering.<\/p>\n<p>Ei veke etter at H\u00f8gre tok til orde for \u00e5 teikne kommunegrensene p\u00e5 ny \u2013 om n\u00f8dvendig med <a href=\"https:\/\/www.nrk.no\/vestland\/hogre-vil-teikne-noregskartet-pa-nytt_-opnar-for-at-tvang-kan-bli-naudsynt-1.17721067\" ec-id=\"pp:article:1.17721067\" ec-name=\"tvang\" rel=\"nofollow noopener\" target=\"_blank\">tvang<\/a> \u2013 seier kommunalminister Bj\u00f8rnar Skj\u00e6ran at mange kommunar er i ferd med \u00e5 finne saman p\u00e5 eiga hand.<\/p>\n<p>Til NTB seier han at regjeringa er i dialog med fleire kommunar som \u00abtar nabopraten\u00bb: <\/p>\n<p><strong>\u2013 Eg er ganske sikker p\u00e5 at det kjem til \u00e5 bli f\u00e6rre kommunar. I mange tilfelle vil det vere bra for kommunane, seier han.<\/strong><\/p>\n<p>Han presiserer at regjeringa vil bruke gulr\u00f8ter for \u00e5 stimulere til fleire \u00abekteskap\u00bb mellom kommunane, og at \u00abt-ordet\u00bb (tvang) ikkje kjem p\u00e5 tale. <\/p>\n<p><strong>\u2013 Vi har ikkje tru p\u00e5 tvangsekteskap, heller ikkje i kommunesamanheng.<\/strong><\/p>\n<p><img decoding=\"async\"   src=\"data:image\/gif;base64,R0lGODlhAQABAIAAAAAAAP\/\/\/yH5BAEAAAAALAAAAAABAAEAAAIBRAA7\" loading=\"eager\" alt=\"Oversiktsbilete av Volda sentrum p\u00e5 vinterstid. Det er sn\u00f8 p\u00e5 hustaka og i fjellet. Biletet er tatt med drone fr\u00e5 sj\u00f8sida, og er sett saman av 12 bilde. Bilferga Ullensvang ligg ved kai.\" title=\"Foto: NRK Luftfoto\"\/><\/p>\n<p class=\"\">\u2013 Vi m\u00e5 vere modigare. Alle veit at f\u00e6rre kommunar er vegen \u00e5 g\u00e5, men politikarane m\u00e5 v\u00e5ge \u00e5 seie det h\u00f8gt, seier Nikolai Astrup (H). P\u00e5 bilete: Volda sentrum. <\/p>\n<p>Foto: NRK Luftfoto<\/p>\n<p>St\u00f8re: \u2013 Ikkje s\u00e5nn at stort alltid er betre<\/p>\n<p>If\u00f8lge Kommunekommisjonen, som la fram sin f\u00f8rste rapport <a href=\"https:\/\/www.nrk.no\/norge\/flertall-vil-skrote-laerernormen_-_-vil-fa-en-darligere-skole-1.17719270\" ec-id=\"pp:article:1.17719270\" ec-name=\"f\u00f8rre\" rel=\"nofollow noopener\" target=\"_blank\">f\u00f8rre<\/a> veke, er norske kommunar i ferd med \u00e5 knele under vekta av oppg\u00e5ver, rapporteringskrav og auka kostnader.<\/p>\n<p><strong>Kommisjonen styrte unna den betente debatten om samansl\u00e5ing, men la til at \u00abst\u00f8rre organisasjonar jamt over vil ha betre f\u00f8resetnader for \u00e5 drive godt omstillingsarbeid\u00bb.<\/strong><\/p>\n<p>Statsminister Jonas Gahr St\u00f8re <a href=\"https:\/\/www.nrk.no\/vestland\/hogre-vil-teikne-noregskartet-pa-nytt_-opnar-for-at-tvang-kan-bli-naudsynt-1.17721067\" ec-id=\"pp:article:1.17721067\" ec-name=\"kvitterte\" rel=\"nofollow noopener\" target=\"_blank\">kvitterte<\/a> med at \u00abdet er ikkje s\u00e5nn at stort alltid er betre\u00bb, men sa ogs\u00e5 at det var naturleg at \u00abstrukturar endrar seg i eit samfunn der teknologi endrar seg og befolkninga endrar seg\u00bb. <\/p>\n<p><img decoding=\"async\"   src=\"data:image\/gif;base64,R0lGODlhAQABAIAAAAAAAP\/\/\/yH5BAEAAAAALAAAAAABAAEAAAIBRAA7\" loading=\"eager\" alt=\"Sylvi Listhaug og Jonas Gahr St\u00f8re i politisk kvarter p\u00e5 NRK Marienlyst.\" title=\"Foto: Aurora Ytreberg Mel\u00f8e \/ NRK\"\/><\/p>\n<p class=\"\">\u2013 Vi har sett det innanfor helsevesenet. Vi har ikkje den same sjukehusstrukturen i dag som vi hadde for 50 \u00e5r sidan, og det gjeld ogs\u00e5 for andre m\u00e5tar vi organiserer samfunnet p\u00e5, seier Jonas Gahr St\u00f8re.<\/p>\n<p>Foto: Aurora Ytreberg Mel\u00f8e \/ NRK<\/p>\n<p>Fordelar og ulemper ved stordrift<\/p>\n<p><strong>Under Solberg-regjeringa blei talet p\u00e5 kommunar redusert fr\u00e5 428 til 356 (357). <\/strong><\/p>\n<p>Alexander Berg Erichsen er universitetslektor i samfunns\u00f8konomi ved Universitetet i Innlandet.<\/p>\n<p>Under Lokalsamfunnskonferansen p\u00e5 Gardermoen <a href=\"https:\/\/lokalsamfunnsforeningen.no\/lokalsamfunnskonferansen-2026\/\" ec-id=\"https:\/\/lokalsamfunnsforeningen.no\/lokalsamfunnskonferansen-2026\/\" ec-name=\"denne veka\" rel=\"nofollow noopener\" target=\"_blank\">denne veka<\/a> tok han til orde for ei samla evaluering av kva reformane har betydd for tenestetilbodet i norske kommunar \u2013 b\u00e5de dei som har funne saman i st\u00f8rre einingar, og dei som ikkje har gjort det. <\/p>\n<p><strong>Bakgrunnen er at den f\u00f8rebelse forskinga spriker i ulike retningar.<\/strong> <\/p>\n<p>P\u00e5 den eine sida er det haldepunkt for \u00abstordriftsfordelane\u00bb ved \u00e5 sl\u00e5 saman kommunar. <\/p>\n<p>If\u00f8lge <a href=\"https:\/\/www.kommunal-rapport.no\/meninger\/tulle-tall-om-kommunebyrakrater\/826337\" ec-id=\"https:\/\/www.kommunal-rapport.no\/meninger\/tulle-tall-om-kommunebyrakrater\/826337\" ec-name=\"regjeringa\" rel=\"nofollow noopener\" target=\"_blank\">regjeringa<\/a> har andelen administrativt tilsette i samansl\u00e5tte kommunar g\u00e5tt ned dei siste \u00e5ra. <\/p>\n<p>P\u00e5 den andre sida er det <a href=\"https:\/\/www.lydenavnorge.no\/p4\/nyheter\/ferre-kommuner-flere-byrakrater\/artikkel\/936972\/\" ec-id=\"https:\/\/www.lydenavnorge.no\/p4\/nyheter\/ferre-kommuner-flere-byrakrater\/artikkel\/936972\/\" ec-name=\"teikn\" rel=\"nofollow noopener\" target=\"_blank\">teikn<\/a> til at st\u00f8rre einingar kan f\u00f8re til lengre avgjerdsvegar og meir byr\u00e5krati \u2013 det s\u00e5kalla \u00absentraliseringsparadokset\u00bb.<\/p>\n<p>    \u2190<\/p>\n<ul data-scroll-container=\"\" role=\"list\">\n<li><img alt=\"Trygve Slagsvold Vedum med hvitt hode\"  width=\"3840\" height=\"2160\" loading=\"lazy\"\/>\n<p>\n        Stian Lysberg Solum \/ NTB\n      <\/p>\n<p>Trygve Slagsvold Vedum, Sp-leiar<\/p>\n<p>H\u00f8gre og Ap snakkar stadig meir varmt om \u00e5 sl\u00e5 saman kommunar. Det dei ikkje snakkar om er at samansl\u00e5ingar ofte f\u00f8rer til at lokalsamfunn mistar barnehagar, skolar og sjukeheimar. Gong p\u00e5 gong ser vi at tenester blir sentraliserte bort fr\u00e5 dei gamle kommunane til det nye kommunesenteret, utan at den nye kommunen gir nokon effektiviseringsfordelar. Innpakninga er endra, men innhaldet er det same.<\/p>\n<\/li>\n<li><img alt=\"Trond Erik Lunder, Telemarksforsking\"  width=\"3840\" height=\"2160\" loading=\"lazy\"\/>\n<p>\n        Telemarksforsking\n      <\/p>\n<p>Trond Erik Lunder, Telemarksforsking<\/p>\n<p>Over tid kan det nok ha blitt meir fokus p\u00e5 styrkt fagmilj\u00f8 enn p\u00e5 \u00f8konomiske stordriftsfordelar som argument for samansl\u00e5ing. Det har ogs\u00e5 noko \u00e5 gjere med kva kommunar som slo seg saman. Sl\u00e5r du saman tre kommunar med 3000 innbyggarar kvar, b\u00f8r det gi stordriftsfordelar. Men dei samansl\u00e5ingane har det ikkje blitt s\u00e5 mange av.<\/p>\n<\/li>\n<li><img alt=\"Forsker i Trondheim\"  width=\"3840\" height=\"2160\" loading=\"lazy\"\/>\n<p>\n        Morten Andersen \/ NRK\n      <\/p>\n<p>Jostein Brobakk, Ruralis \u2013 Institutt for rural- og regionalforsking<\/p>\n<p>Diskusjonen om samansl\u00e5ing handlar framleis om forholdet mellom stordriftsfordelar versus sm\u00e5driftsfordelar. Store kommunar har ofte betre kj\u00f8pekraft, st\u00f8rre fagmilj\u00f8 og lettare for \u00e5 rekruttere fagfolk og spesialkompetanse. Mindre kommunar har ofte meir tilfredse innbyggarar, kort veg mellom befolkninga og politikarane, og l\u00e5gare administrasjonskostnader.<\/p>\n<\/li>\n<li><img alt=\"Helge Eide\"  width=\"3840\" height=\"2160\" loading=\"lazy\"\/>\n<p>\n        Benyamin Farnam \/ NRK\n      <\/p>\n<p>Helge Eide, KS-leiar<\/p>\n<p>Det er f\u00f8rst og fremst behovet for robustheit i tenestetilbodet og mindre s\u00e5rbarheit for personellmangel \u2013 alts\u00e5 implisitt kvalitet \u2013 som har vore peika p\u00e5 som motiv i dei prosessane vi har hatt bak oss, og ogs\u00e5 i analysen fr\u00e5 Generalistkommuneutvalet av f\u00f8resetnadene for \u00e5 innfri generalistkommuneprinsippet.<\/p>\n<\/li>\n<\/ul>\n<p>\u2192<\/p>\n<p>Vedum: \u2013 Store system gjer menneska sm\u00e5<\/p>\n<p>\u2013 Analysane v\u00e5re viser at det er ein tendens til at kommunar med fleire innbyggarar er meir effektive, og at dei bruker mindre ressursar p\u00e5 \u00e5 yte same tenesteniv\u00e5, seier Mads Fjeld Wold ved NTNU Samfunnsforskning.<\/p>\n<p>Han legg til at dei jobbar med ein oppdatert rapport \u00abmed litt meir utdjupande analysar\u00bb, som kjem i februar.<\/p>\n<p>Sp-leiar Trygve Slagsvold Vedum treng ikkje vente p\u00e5 nokon rapport. <\/p>\n<p><strong>\u2013 Store system gjer menneska sm\u00e5, seier han. <\/strong><\/p>\n<p>\u2013 Erfaringane fr\u00e5 kommunesamansl\u00e5ingane tyder p\u00e5 at samansl\u00e5ingar verken f\u00f8rer til at folk f\u00e5r betre tenester eller at det blir mindre byr\u00e5krati. <\/p>\n<p>Han legg til:<\/p>\n<p><strong>\u2013 Tvert imot s\u00e5 er sm\u00e5 kommunar gode p\u00e5 \u00e5 bruke sm\u00e5driftsfordelane til \u00e5 la innbyggarane nyte godt av mindre byr\u00e5krati og god lokalkunnskap.<\/strong><\/p>\n<p><img decoding=\"async\"   src=\"data:image\/gif;base64,R0lGODlhAQABAIAAAAAAAP\/\/\/yH5BAEAAAAALAAAAAABAAEAAAIBRAA7\" loading=\"eager\" alt=\"Et vinterbilde viser en sn\u00f8dekt by med sm\u00e5 hus i ulike farger, plassert langs en bukt. I front er det flere bygninger ved vannkanten, inkludert en moderne struktur. Fjell omkranser omr\u00e5det, og flere biler st\u00e5r parkerte p\u00e5 veien. En liten gruppe mennesker kan sees p\u00e5 en islagt bane i den nedre delen av bildet.\" title=\"Foto: Ola Helness \/ NRK\"\/><\/p>\n<p class=\"\">Det er 357 kommunar i Noreg i dag. I tillegg til \u00e5 vere tenesteleverand\u00f8rar, er dei demokratiske arenaer og identitetsmark\u00f8rar.<\/p>\n<p>Foto: Ola Helness \/ NRK<\/p>\n<p>Publisert<\/p>\n<p>17.01.2026, kl. 08.57<\/p>\n","protected":false},"excerpt":{"rendered":"Saka oppsummert: \u2013 Regjeringa \u00f8nskjer \u00e5 redusere talet p\u00e5 kommunar, men vil unng\u00e5 tvang og heller bruke insentiv.\u2013&hellip;\n","protected":false},"author":2,"featured_media":139871,"comment_status":"","ping_status":"","sticky":false,"template":"","format":"standard","meta":{"footnotes":""},"categories":[10],"tags":[20,21,24,25,15,22,23,13,30,28,29,14,16,26,27],"class_list":{"0":"post-139870","1":"post","2":"type-post","3":"status-publish","4":"format-standard","5":"has-post-thumbnail","7":"category-norge","8":"tag-breaking-news","9":"tag-breakingnews","10":"tag-featured-news","11":"tag-featurednews","12":"tag-headlines","13":"tag-latest-news","14":"tag-latestnews","15":"tag-news","16":"tag-no","17":"tag-norge","18":"tag-norway","19":"tag-nyheter","20":"tag-overskrifter","21":"tag-top-stories","22":"tag-topstories"},"share_on_mastodon":{"url":"https:\/\/pubeurope.com\/@no\/115909935896977353","error":""},"_links":{"self":[{"href":"https:\/\/www.europesays.com\/no\/wp-json\/wp\/v2\/posts\/139870","targetHints":{"allow":["GET"]}}],"collection":[{"href":"https:\/\/www.europesays.com\/no\/wp-json\/wp\/v2\/posts"}],"about":[{"href":"https:\/\/www.europesays.com\/no\/wp-json\/wp\/v2\/types\/post"}],"author":[{"embeddable":true,"href":"https:\/\/www.europesays.com\/no\/wp-json\/wp\/v2\/users\/2"}],"replies":[{"embeddable":true,"href":"https:\/\/www.europesays.com\/no\/wp-json\/wp\/v2\/comments?post=139870"}],"version-history":[{"count":0,"href":"https:\/\/www.europesays.com\/no\/wp-json\/wp\/v2\/posts\/139870\/revisions"}],"wp:featuredmedia":[{"embeddable":true,"href":"https:\/\/www.europesays.com\/no\/wp-json\/wp\/v2\/media\/139871"}],"wp:attachment":[{"href":"https:\/\/www.europesays.com\/no\/wp-json\/wp\/v2\/media?parent=139870"}],"wp:term":[{"taxonomy":"category","embeddable":true,"href":"https:\/\/www.europesays.com\/no\/wp-json\/wp\/v2\/categories?post=139870"},{"taxonomy":"post_tag","embeddable":true,"href":"https:\/\/www.europesays.com\/no\/wp-json\/wp\/v2\/tags?post=139870"}],"curies":[{"name":"wp","href":"https:\/\/api.w.org\/{rel}","templated":true}]}}